{"id":40438,"date":"2025-10-13T09:17:56","date_gmt":"2025-10-13T08:17:56","guid":{"rendered":"https:\/\/sudurras.fo\/?p=40438"},"modified":"2025-10-13T09:17:57","modified_gmt":"2025-10-13T08:17:57","slug":"heystmarknadur-a-tvoroyri","status":"publish","type":"post","link":"https:\/\/sudurras.fo\/?p=40438","title":{"rendered":"Heystmarkna\u00f0ur \u00e1 Tv\u00f8royri"},"content":{"rendered":"\n<p>Komandi leygardag ver\u00f0ur \u00e1rligi Heystmarkna\u00f0urin \u00e1 Tv\u00f8royri \u2013 hann ver\u00f0ur \u00e1 Seglloftinum fr\u00e1 kl. 12 \u2013 18:00. Upprunaliga byrja\u00f0i heystmarkna\u00f0urin \u00ed st\u00f3ra tjaldinum hj\u00e1 Tv\u00f8royrar kommunu, i\u00f0 var sett upp til endam\u00e1li\u00f0, \u00ed mi\u00f0b\u00fdnum.<\/p>\n\n\n\n<p>\u00c1sannast m\u00e1tti t\u00f3, at ve\u00f0ri\u00f0 vil ikki alt\u00ed\u00f0 sp\u00e6la vi\u00f0 og t\u00ed bleiv tiltaki\u00f0 flutt oman \u00e1 havnarlagi\u00f0 og er Segllofti\u00f0 n\u00fa karmur um ta\u00f0, i\u00f0 er innandur\u00f0a.<\/p>\n\n\n\n<p>Undirt\u00f8kan hevur veri\u00f0 g\u00f3\u00f0 \u00f8ll \u00e1rini, b\u00e6\u00f0i fr\u00e1 teimum, i\u00f0 ynskja at selja okkurt heimavirka\u00f0 og fr\u00e1 teimum vitjandi. \u00cd \u00e1r er einki undantak og vit kunnu aftur bj\u00f3\u00f0a f\u00f3lki at keypa ymiskt forkunnugt, heimavirka\u00f0.<\/p>\n\n\n\n<p>Bundin pl\u00f8gg, seyma\u00f0i pl\u00f8gg, br\u00f3stsukur, heimabaka\u00f0, s\u00faltutoy, g\u00f3\u00f0g\u00e6ti, kj\u00f8tpylsa, f\u00f8royskur ostur, fiskur og mangt anna\u00f0 ver\u00f0ur aftur at f\u00e1a.<\/p>\n\n\n\n<p>LIVANDI FISKUR OG SLAKT<\/p>\n\n\n\n<p>Eins og si\u00f0venja er, so ver\u00f0ur aftur h\u00f8vi\u00f0 til at s\u00edggja livandi fisk og anna\u00f0 \u00far sj\u00f3num, \u00ed k\u00f8rum \u00e1 havnalagnum. Fyrit\u00f8kan Ra-Fish, vi\u00f0 Ragnar Groth, fer at seta r\u00fasur \u00e1 fj\u00f8r\u00f0inum og f\u00e6st naka\u00f0 \u00ed t\u00e6r, so ver\u00f0ur ta\u00f0 at s\u00edggja \u00ed k\u00f8runum, i\u00f0 Delta Seafood hevur veri\u00f0 okkum so beinasamt at f\u00e1a til vega. Lokala fyrit\u00f8kan Groth Electric fer at seta pumpur \u00e1 k\u00f8rini, so n\u00f3g miki\u00f0 av luft er \u00ed, til ta\u00f0, i\u00f0 er livandi \u00ed k\u00f8runum.<\/p>\n\n\n\n<p>Ragnar Groth fer eisini at selja fiskav\u00f8rur \u00e1 heystmarkna\u00f0inum og er ta\u00f0 fyrsta floks v\u00f8ra.<\/p>\n\n\n\n<p>\u00cd garasjuni, i\u00f0 hoyrir til gl. Kgl. Handilin, fer Danial Vi\u00f0oy at fletta eitt lamb. F\u00f3lk eru v\u00e6lkomin at hyggja at, me\u00f0an slakta\u00f0 ver\u00f0ur. T\u00e1 li\u00f0ugt er, ver\u00f0ur m\u00f8guleiki hj\u00e1 f\u00f3lki at bj\u00f3\u00f0a upp \u00e1 lambi\u00f0. \u00cd \u00e1r er \u00e6tlanin at sundurlima krovi\u00f0, so h\u00f8vi\u00f0 ver\u00f0ur at bj\u00f3\u00f0a upp limirnir hv\u00f8r s\u00e6r.<\/p>\n\n\n\n<p>ER EINKI PL\u00c1SS EFTIR?<\/p>\n\n\n\n<p>N\u00e6stan alt er upptiki\u00f0, men vit hava enn okkurt bor\u00f0 eftir, so um onkur hevur hug til at loypa til \u00ed seinastu l\u00f8tu, so eru tey v\u00e6lkomin&nbsp;\ud83d\ude0a&nbsp;Skrivi\u00f0 til&nbsp;<a href=\"mailto:bn@tvoroyri.fo\">bn@tvoroyri.fo<\/a><\/p>\n\n\n\n<p>\u00cd komandi viku fara vit at varpa lj\u00f3s \u00e1 \u00f8ll tey, i\u00f0 luttaka \u00e1 \u00e1rsins Heystmarkna\u00f0i.<\/p>\n","protected":false},"excerpt":{"rendered":"<p>Komandi leygardag ver\u00f0ur \u00e1rligi Heystmarkna\u00f0urin \u00e1 Tv\u00f8royri \u2013 hann ver\u00f0ur \u00e1 Seglloftinum fr\u00e1 kl. 12 \u2013 18:00. Upprunaliga byrja\u00f0i heystmarkna\u00f0urin \u00ed st\u00f3ra tjaldinum hj\u00e1 Tv\u00f8royrar kommunu, i\u00f0 var sett upp til endam\u00e1li\u00f0, \u00ed mi\u00f0b\u00fdnum. \u00c1sannast m\u00e1tti t\u00f3, at ve\u00f0ri\u00f0 vil ikki alt\u00ed\u00f0 sp\u00e6la vi\u00f0 og t\u00ed bleiv tiltaki\u00f0 flutt oman \u00e1 havnarlagi\u00f0 og er Segllofti\u00f0 [&hellip;]<\/p>\n","protected":false},"author":23,"featured_media":40439,"comment_status":"closed","ping_status":"closed","sticky":false,"template":"","format":"standard","meta":{"ngg_post_thumbnail":0,"footnotes":""},"categories":[1],"tags":[],"class_list":["post-40438","post","type-post","status-publish","format-standard","has-post-thumbnail","hentry","category-tidindi"],"publishpress_future_action":{"enabled":false,"date":"2026-05-03 22:08:44","action":"change-status","newStatus":"draft","terms":[],"taxonomy":"category","extraData":[]},"publishpress_future_workflow_manual_trigger":{"enabledWorkflows":[]},"_links":{"self":[{"href":"https:\/\/sudurras.fo\/index.php?rest_route=\/wp\/v2\/posts\/40438","targetHints":{"allow":["GET"]}}],"collection":[{"href":"https:\/\/sudurras.fo\/index.php?rest_route=\/wp\/v2\/posts"}],"about":[{"href":"https:\/\/sudurras.fo\/index.php?rest_route=\/wp\/v2\/types\/post"}],"author":[{"embeddable":true,"href":"https:\/\/sudurras.fo\/index.php?rest_route=\/wp\/v2\/users\/23"}],"replies":[{"embeddable":true,"href":"https:\/\/sudurras.fo\/index.php?rest_route=%2Fwp%2Fv2%2Fcomments&post=40438"}],"version-history":[{"count":1,"href":"https:\/\/sudurras.fo\/index.php?rest_route=\/wp\/v2\/posts\/40438\/revisions"}],"predecessor-version":[{"id":40440,"href":"https:\/\/sudurras.fo\/index.php?rest_route=\/wp\/v2\/posts\/40438\/revisions\/40440"}],"wp:featuredmedia":[{"embeddable":true,"href":"https:\/\/sudurras.fo\/index.php?rest_route=\/wp\/v2\/media\/40439"}],"wp:attachment":[{"href":"https:\/\/sudurras.fo\/index.php?rest_route=%2Fwp%2Fv2%2Fmedia&parent=40438"}],"wp:term":[{"taxonomy":"category","embeddable":true,"href":"https:\/\/sudurras.fo\/index.php?rest_route=%2Fwp%2Fv2%2Fcategories&post=40438"},{"taxonomy":"post_tag","embeddable":true,"href":"https:\/\/sudurras.fo\/index.php?rest_route=%2Fwp%2Fv2%2Ftags&post=40438"}],"curies":[{"name":"wp","href":"https:\/\/api.w.org\/{rel}","templated":true}]}}