{"id":40464,"date":"2025-10-14T11:29:31","date_gmt":"2025-10-14T10:29:31","guid":{"rendered":"https:\/\/sudurras.fo\/?p=40464"},"modified":"2025-10-14T11:29:31","modified_gmt":"2025-10-14T10:29:31","slug":"arbeidid-vid-kommunalu-ferdavinnuaetlanunum-heldur-fram-i-suduroynni","status":"publish","type":"post","link":"https:\/\/sudurras.fo\/?p=40464","title":{"rendered":"Arbei\u00f0i\u00f0 vi\u00f0 kommunalu fer\u00f0avinnu\u00e6tlanunum heldur fram \u00ed Su\u00f0uroynni"},"content":{"rendered":"\n<p>Arbei\u00f0i\u00f0 vi\u00f0 kommunalu fer\u00f0avinnu\u00e6tlanunum heldur fram \u00ed Su\u00f0uroynni, og \u00ed farnu viku skipa\u00f0i Su\u00f0uroyar Fer\u00f0avinnufelag fyri tveimum borgarafundum \u00ed \u00e1vikavist V\u00e1gi og \u00ed Porkeri.<br><br>\u00c1 borgarafundunum v\u00edstu tey uppm\u00f8ttu st\u00f3ran \u00e1huga og jaligan hugbur\u00f0 til menningina av bur\u00f0ardyggari fer\u00f0avinnu \u00ed Su\u00f0uroy. Eitt n\u00fa kom fram, at f\u00f3lk vilja menna fer\u00f0avinnuna \u00e1 lokalum og bur\u00f0ardyggum grundarlagi, har samstarv millum og vi\u00f0 kommunurnar er t\u00fd\u00f0andi og atlit er til lokalsamfelagi\u00f0.<br><br>Arbei\u00f0i\u00f0 heldur fram, og fleiri borgarafundir eru \u00e1 skr\u00e1:<br>&#8211; Hvalba: 14. oktober \u2013 Roynh\u00f8llini, kl. 19:00<br>&#8211; Sumba: 21. oktober \u2013 Samkomuh\u00fasi\u00f0, kl. 19:00<br>&#8211; F\u00e1mjin: 23. oktober \u2013 Vesturh\u00f8ll, kl. 19:00<br>&#8211; Hovi: 27. oktober \u2013 Sk\u00falin \u00ed Hovi, kl. 19:00<br>Um t\u00fa ikki kanst koma \u00e1 borgarafund \u00ed t\u00edni bygd, so ert t\u00fa v\u00e6lkomin \u00e1 borgarafund \u00ed \u00f8\u00f0rum bygdum.<br><\/p>\n\n\n\n<p>\u00d8ll eru hjartaliga v\u00e6lkomin at luttaka og leggja s\u00edni sj\u00f3narmi\u00f0 fram um fer\u00f0avinnuna \u00ed Su\u00f0uroynni.<\/p>\n\n\n\n<p>Lesi\u00f0 eisini fyrsta t\u00ed\u00f0indaskrivi\u00f0 um arbei\u00f0i\u00f0 at gera fer\u00f0avinnu\u00e6tlanir <a href=\"https:\/\/sudurras.fo\/?p=40318\">her<\/a>.<br><br><\/p>\n","protected":false},"excerpt":{"rendered":"<p>Arbei\u00f0i\u00f0 vi\u00f0 kommunalu fer\u00f0avinnu\u00e6tlanunum heldur fram \u00ed Su\u00f0uroynni, og \u00ed farnu viku skipa\u00f0i Su\u00f0uroyar Fer\u00f0avinnufelag fyri tveimum borgarafundum \u00ed \u00e1vikavist V\u00e1gi og \u00ed Porkeri. \u00c1 borgarafundunum v\u00edstu tey uppm\u00f8ttu st\u00f3ran \u00e1huga og jaligan hugbur\u00f0 til menningina av bur\u00f0ardyggari fer\u00f0avinnu \u00ed Su\u00f0uroy. Eitt n\u00fa kom fram, at f\u00f3lk vilja menna fer\u00f0avinnuna \u00e1 lokalum og bur\u00f0ardyggum grundarlagi, [&hellip;]<\/p>\n","protected":false},"author":24,"featured_media":40465,"comment_status":"closed","ping_status":"closed","sticky":false,"template":"","format":"standard","meta":{"ngg_post_thumbnail":0,"footnotes":""},"categories":[1],"tags":[],"class_list":["post-40464","post","type-post","status-publish","format-standard","has-post-thumbnail","hentry","category-tidindi"],"publishpress_future_action":{"enabled":false,"date":"2026-05-03 21:59:45","action":"change-status","newStatus":"draft","terms":[],"taxonomy":"category","extraData":[]},"publishpress_future_workflow_manual_trigger":{"enabledWorkflows":[]},"_links":{"self":[{"href":"https:\/\/sudurras.fo\/index.php?rest_route=\/wp\/v2\/posts\/40464","targetHints":{"allow":["GET"]}}],"collection":[{"href":"https:\/\/sudurras.fo\/index.php?rest_route=\/wp\/v2\/posts"}],"about":[{"href":"https:\/\/sudurras.fo\/index.php?rest_route=\/wp\/v2\/types\/post"}],"author":[{"embeddable":true,"href":"https:\/\/sudurras.fo\/index.php?rest_route=\/wp\/v2\/users\/24"}],"replies":[{"embeddable":true,"href":"https:\/\/sudurras.fo\/index.php?rest_route=%2Fwp%2Fv2%2Fcomments&post=40464"}],"version-history":[{"count":1,"href":"https:\/\/sudurras.fo\/index.php?rest_route=\/wp\/v2\/posts\/40464\/revisions"}],"predecessor-version":[{"id":40466,"href":"https:\/\/sudurras.fo\/index.php?rest_route=\/wp\/v2\/posts\/40464\/revisions\/40466"}],"wp:featuredmedia":[{"embeddable":true,"href":"https:\/\/sudurras.fo\/index.php?rest_route=\/wp\/v2\/media\/40465"}],"wp:attachment":[{"href":"https:\/\/sudurras.fo\/index.php?rest_route=%2Fwp%2Fv2%2Fmedia&parent=40464"}],"wp:term":[{"taxonomy":"category","embeddable":true,"href":"https:\/\/sudurras.fo\/index.php?rest_route=%2Fwp%2Fv2%2Fcategories&post=40464"},{"taxonomy":"post_tag","embeddable":true,"href":"https:\/\/sudurras.fo\/index.php?rest_route=%2Fwp%2Fv2%2Ftags&post=40464"}],"curies":[{"name":"wp","href":"https:\/\/api.w.org\/{rel}","templated":true}]}}