{"id":40474,"date":"2025-10-14T14:43:08","date_gmt":"2025-10-14T13:43:08","guid":{"rendered":"https:\/\/sudurras.fo\/?p=40474"},"modified":"2025-10-14T14:43:09","modified_gmt":"2025-10-14T13:43:09","slug":"vinabyarsamstarvid-millum-vags-kommunu-og-sudurnesjabaer-verdur-tikid-upp-aftur","status":"publish","type":"post","link":"https:\/\/sudurras.fo\/?p=40474","title":{"rendered":"Vinab\u00fdarsamstarvi\u00f0 millum V\u00e1gs Kommunu og Su\u00f0urnesjab\u00e6r ver\u00f0ur tiki\u00f0 upp aftur"},"content":{"rendered":"\n<p>V\u00e1gs kommuna: \u00cd n\u00f3gv \u00e1r h\u00f8vdu Sandger\u00f0i og V\u00e1gs Kommuna eitt gott og virki\u00f0 vinab\u00fdarsamstarv. Samstarvi\u00f0 fevndi um b\u00e6\u00f0i mentanarlig og \u00edtr\u00f3ttarlig tilt\u00f8k, og var vi\u00f0 til at styrkja bondini millum Su\u00f0uroy og Sandger\u00f0i.<\/p>\n\n\n\n<p>T\u00e1 Sandger\u00f0i og Gar\u00f0ur l\u00f8gdu saman og stovna\u00f0u Su\u00f0urnesjab\u00e6r, fall samstarvi\u00f0 t\u00f3 ni\u00f0urfyri.<\/p>\n\n\n\n<p>\u00c1\u00f0renn \u00d3lavs\u00f8ku \u00ed \u00e1r vitja\u00f0i borgarstj\u00f3rin \u00ed V\u00e1gs Kommunu, Bjarni Johansen, \u00cdsland, har hann hev\u00f0i fund vi\u00f0 b\u00fdr\u00e1\u00f0i\u00f0 \u00ed Su\u00f0urnesjab\u00e6r. Vitjanin var\u00f0 ein partur av arbei\u00f0inum at endurn\u00fdggja vinab\u00fdarsamstarvi\u00f0, og stutt eftir sendi V\u00e1gs Kommuna ein formellan fyrispurning um at taka samstarvi\u00f0 upp aftur.<\/p>\n\n\n\n<p>N\u00fa hevur b\u00fdr\u00e1\u00f0i\u00f0 \u00ed Su\u00f0urnesjab\u00e6r vi\u00f0gj\u00f8rt m\u00e1li\u00f0 og samtykt at taka vinarb\u00fdarsamstarvi upp aftur vi\u00f0 V\u00e1gs Kommunu.<\/p>\n\n\n\n<blockquote class=\"wp-block-quote is-layout-flow wp-block-quote-is-layout-flow\">\n<p><em>Borgarstj\u00f3rin \u00ed V\u00e1gi, Bjarni Johansen, fegnast um, at samstarvi\u00f0 n\u00fa ver\u00f0ur tiki\u00f0 upp aftur.&nbsp;<\/em><em>Okur hava alt\u00ed\u00f0 havt eitt gott samband vi\u00f0 f\u00f3lkini \u00ed Sandger\u00f0i, og ta\u00f0 er gle\u00f0iligt, at okur n\u00fa kunnu byggja v\u00ed\u00f0ari \u00e1 ta\u00f0 \u00ed samstarvi vi\u00f0 Su\u00f0urnesjab\u00e6r. Jeg eri sannf\u00f8rdur um, at n\u00f3gv gott kann koma burtur\u00far, b\u00e6\u00f0i \u00e1 mentanarliga, vinnuliga og \u00edtr\u00f3ttarliga \u00f8kinum.<\/em><\/p>\n<\/blockquote>\n\n\n\n<p>Vi\u00f0 avger\u00f0ini ver\u00f0ur grunda\u00f0 undir n\u00fdggjum m\u00f8guleikum fyri samskifti, vitjanum og felags tilt\u00f8kum millum t\u00e6r b\u00e1\u00f0ar kommunurnar, sum n\u00fa aftur eru kn\u00fdttar saman vi\u00f0 vinarbondum tv\u00f8rturum Nor\u00f0uratlantshav.<\/p>\n","protected":false},"excerpt":{"rendered":"<p>V\u00e1gs kommuna: \u00cd n\u00f3gv \u00e1r h\u00f8vdu Sandger\u00f0i og V\u00e1gs Kommuna eitt gott og virki\u00f0 vinab\u00fdarsamstarv. Samstarvi\u00f0 fevndi um b\u00e6\u00f0i mentanarlig og \u00edtr\u00f3ttarlig tilt\u00f8k, og var vi\u00f0 til at styrkja bondini millum Su\u00f0uroy og Sandger\u00f0i. T\u00e1 Sandger\u00f0i og Gar\u00f0ur l\u00f8gdu saman og stovna\u00f0u Su\u00f0urnesjab\u00e6r, fall samstarvi\u00f0 t\u00f3 ni\u00f0urfyri. \u00c1\u00f0renn \u00d3lavs\u00f8ku \u00ed \u00e1r vitja\u00f0i borgarstj\u00f3rin \u00ed V\u00e1gs [&hellip;]<\/p>\n","protected":false},"author":23,"featured_media":40475,"comment_status":"closed","ping_status":"closed","sticky":false,"template":"","format":"standard","meta":{"ngg_post_thumbnail":0,"footnotes":""},"categories":[1],"tags":[],"class_list":["post-40474","post","type-post","status-publish","format-standard","has-post-thumbnail","hentry","category-tidindi"],"publishpress_future_action":{"enabled":false,"date":"2026-05-03 20:26:59","action":"change-status","newStatus":"draft","terms":[],"taxonomy":"category","extraData":[]},"publishpress_future_workflow_manual_trigger":{"enabledWorkflows":[]},"_links":{"self":[{"href":"https:\/\/sudurras.fo\/index.php?rest_route=\/wp\/v2\/posts\/40474","targetHints":{"allow":["GET"]}}],"collection":[{"href":"https:\/\/sudurras.fo\/index.php?rest_route=\/wp\/v2\/posts"}],"about":[{"href":"https:\/\/sudurras.fo\/index.php?rest_route=\/wp\/v2\/types\/post"}],"author":[{"embeddable":true,"href":"https:\/\/sudurras.fo\/index.php?rest_route=\/wp\/v2\/users\/23"}],"replies":[{"embeddable":true,"href":"https:\/\/sudurras.fo\/index.php?rest_route=%2Fwp%2Fv2%2Fcomments&post=40474"}],"version-history":[{"count":1,"href":"https:\/\/sudurras.fo\/index.php?rest_route=\/wp\/v2\/posts\/40474\/revisions"}],"predecessor-version":[{"id":40476,"href":"https:\/\/sudurras.fo\/index.php?rest_route=\/wp\/v2\/posts\/40474\/revisions\/40476"}],"wp:featuredmedia":[{"embeddable":true,"href":"https:\/\/sudurras.fo\/index.php?rest_route=\/wp\/v2\/media\/40475"}],"wp:attachment":[{"href":"https:\/\/sudurras.fo\/index.php?rest_route=%2Fwp%2Fv2%2Fmedia&parent=40474"}],"wp:term":[{"taxonomy":"category","embeddable":true,"href":"https:\/\/sudurras.fo\/index.php?rest_route=%2Fwp%2Fv2%2Fcategories&post=40474"},{"taxonomy":"post_tag","embeddable":true,"href":"https:\/\/sudurras.fo\/index.php?rest_route=%2Fwp%2Fv2%2Ftags&post=40474"}],"curies":[{"name":"wp","href":"https:\/\/api.w.org\/{rel}","templated":true}]}}