{"id":40491,"date":"2025-10-16T14:08:34","date_gmt":"2025-10-16T13:08:34","guid":{"rendered":"https:\/\/sudurras.fo\/?p=40491"},"modified":"2025-10-16T14:08:34","modified_gmt":"2025-10-16T13:08:34","slug":"titt-rum-eisini-i-suduroynni","status":"publish","type":"post","link":"https:\/\/sudurras.fo\/?p=40491","title":{"rendered":"T\u00edtt R\u00fam eisini \u00ed Su\u00f0uroynni"},"content":{"rendered":"\n<p>\u00cd samband vi\u00f0 at T\u00edtt R\u00fam er byrja\u00f0 \u00ed Su\u00f0ri, ver\u00f0ur almenn m\u00f3tt\u00f8ka, m\u00e1nadagin 20. okt. kl. 14.30 \u2013 kl. 17.00, \u00ed h\u00f8lunum hj\u00e1 Bl\u00e1a Krossi \u00e1 Valarabrekku 2, Tv\u00f8royri. Vit gle\u00f0ast um, at endiliga kunna bj\u00f3\u00f0a almenninginum framvi\u00f0 okkara n\u00fdumvaldu h\u00f8lir. Bl\u00e1i Krossur bj\u00f3\u00f0ar kaffi og okkurt s\u00f8tt til g\u00f3man. Umframt ver\u00f0a r\u00f8\u00f0ur og forvitnisligir t\u00f3nar eisini at hoyra. Vit gle\u00f0a okkum, at h\u00e1t\u00ed\u00f0arhalda hesa l\u00f8tuna saman. \u00d8ll eru hjartaliga v\u00e6lkomin.<\/p>\n\n\n\n<p>\u00c1 skr\u00e1nni ver\u00f0ur:<\/p>\n\n\n\n<ul class=\"wp-block-list\">\n<li>Edva Jacobsen, a\u00f0alskrivari hj\u00e1 Bl\u00e1a Krossi F\u00f8roya bj\u00f3\u00f0ar v\u00e6lkomin.<\/li>\n<\/ul>\n\n\n\n<ul class=\"wp-block-list\">\n<li>S\u00fasanna Bertholdsen, landsst\u00fdriskvinna \u00ed heilsum\u00e1lum ber fram r\u00f8\u00f0u.<\/li>\n<\/ul>\n\n\n\n<ul class=\"wp-block-list\">\n<li>T\u00f3nleikaframf\u00f8r\u00f0sla vi\u00f0\u00a0vi\u00f0 \u00c1sger\u00f0 Stenberg &amp; Arnfinn Thomasen.<\/li>\n<\/ul>\n\n\n\n<ul class=\"wp-block-list\">\n<li>Kristin Michelsen, borgarstj\u00f3ri \u00ed Tv\u00f8royrar Kommunu ber fram r\u00f8\u00f0u.<\/li>\n<\/ul>\n\n\n\n<ul class=\"wp-block-list\">\n<li>Alisa Hammer, lei\u00f0ari \u00ed T\u00edtt R\u00fam, sigur n\u00f8kur or\u00f0.<\/li>\n<\/ul>\n","protected":false},"excerpt":{"rendered":"<p>\u00cd samband vi\u00f0 at T\u00edtt R\u00fam er byrja\u00f0 \u00ed Su\u00f0ri, ver\u00f0ur almenn m\u00f3tt\u00f8ka, m\u00e1nadagin 20. okt. kl. 14.30 \u2013 kl. 17.00, \u00ed h\u00f8lunum hj\u00e1 Bl\u00e1a Krossi \u00e1 Valarabrekku 2, Tv\u00f8royri. Vit gle\u00f0ast um, at endiliga kunna bj\u00f3\u00f0a almenninginum framvi\u00f0 okkara n\u00fdumvaldu h\u00f8lir. Bl\u00e1i Krossur bj\u00f3\u00f0ar kaffi og okkurt s\u00f8tt til g\u00f3man. Umframt ver\u00f0a r\u00f8\u00f0ur og [&hellip;]<\/p>\n","protected":false},"author":23,"featured_media":40492,"comment_status":"closed","ping_status":"closed","sticky":false,"template":"","format":"standard","meta":{"ngg_post_thumbnail":0,"footnotes":""},"categories":[1],"tags":[],"class_list":["post-40491","post","type-post","status-publish","format-standard","has-post-thumbnail","hentry","category-tidindi"],"publishpress_future_action":{"enabled":false,"date":"2026-05-03 20:27:26","action":"change-status","newStatus":"draft","terms":[],"taxonomy":"category","extraData":[]},"publishpress_future_workflow_manual_trigger":{"enabledWorkflows":[]},"_links":{"self":[{"href":"https:\/\/sudurras.fo\/index.php?rest_route=\/wp\/v2\/posts\/40491","targetHints":{"allow":["GET"]}}],"collection":[{"href":"https:\/\/sudurras.fo\/index.php?rest_route=\/wp\/v2\/posts"}],"about":[{"href":"https:\/\/sudurras.fo\/index.php?rest_route=\/wp\/v2\/types\/post"}],"author":[{"embeddable":true,"href":"https:\/\/sudurras.fo\/index.php?rest_route=\/wp\/v2\/users\/23"}],"replies":[{"embeddable":true,"href":"https:\/\/sudurras.fo\/index.php?rest_route=%2Fwp%2Fv2%2Fcomments&post=40491"}],"version-history":[{"count":1,"href":"https:\/\/sudurras.fo\/index.php?rest_route=\/wp\/v2\/posts\/40491\/revisions"}],"predecessor-version":[{"id":40493,"href":"https:\/\/sudurras.fo\/index.php?rest_route=\/wp\/v2\/posts\/40491\/revisions\/40493"}],"wp:featuredmedia":[{"embeddable":true,"href":"https:\/\/sudurras.fo\/index.php?rest_route=\/wp\/v2\/media\/40492"}],"wp:attachment":[{"href":"https:\/\/sudurras.fo\/index.php?rest_route=%2Fwp%2Fv2%2Fmedia&parent=40491"}],"wp:term":[{"taxonomy":"category","embeddable":true,"href":"https:\/\/sudurras.fo\/index.php?rest_route=%2Fwp%2Fv2%2Fcategories&post=40491"},{"taxonomy":"post_tag","embeddable":true,"href":"https:\/\/sudurras.fo\/index.php?rest_route=%2Fwp%2Fv2%2Ftags&post=40491"}],"curies":[{"name":"wp","href":"https:\/\/api.w.org\/{rel}","templated":true}]}}