{"id":40503,"date":"2025-10-17T08:52:32","date_gmt":"2025-10-17T07:52:32","guid":{"rendered":"https:\/\/sudurras.fo\/?p=40503"},"modified":"2025-10-17T08:52:33","modified_gmt":"2025-10-17T07:52:33","slug":"filmsstudulin-haekkar-foroyskur-filmur-flygur-haegri-enn-nakrantid","status":"publish","type":"post","link":"https:\/\/sudurras.fo\/?p=40503","title":{"rendered":"Filmsstu\u00f0ulin h\u00e6kkar \u2013 f\u00f8royskur filmur fl\u00fdgur h\u00e6gri enn nakrant\u00ed\u00f0"},"content":{"rendered":"\n<p><strong>Almanna- og Merntam\u00e1lar\u00e1\u00f0i\u00f0:<\/strong>&nbsp;\u00cd f\u00edggjarl\u00f3garuppskotinum fyri 2026 leggur landsst\u00fdri\u00f0 upp til at h\u00e6kka j\u00e1ttanina til filmsstu\u00f0ul \u00far 4,6 mi\u00f3. kr. og upp \u00ed 6,6 mi\u00f3. kr. Hetta er ein grei\u00f0 ra\u00f0festing av f\u00f8royskum filmi, sum b\u00e6\u00f0i listaliga og vinnuliga hevur tiki\u00f0 dik \u00e1 seg, og sum hevur fingi\u00f0 altj\u00f3\u00f0a vi\u00f0urkenning seinnu \u00e1rini.<\/p>\n\n\n\n<p>Landsst\u00fdrisma\u00f0urin \u00ed almanna- og mentam\u00e1lum, Eirikur \u00ed J\u00e1kupsstovu, fegnast um ra\u00f0festingina \u00e1 f\u00edggjarl\u00f3gini og sigur, at hon b\u00e6\u00f0i styrkir filmslistina og tryggjar, at f\u00f8royskur filmur f\u00e6r enn betri karmar at virka undir og at vaksa \u00ed.<\/p>\n\n\n\n<p>&#8211; F\u00f8royskur filmur hevur gj\u00f8rt st\u00f3r framstig seinastu \u00e1rini. Vit eru vitni til eina st\u00f3ra menning av f\u00f8royskum filmi og einum vaksandi altj\u00f3\u00f0a \u00e1huga fyri f\u00f8roysku filmsr\u00f8ddini. T\u00edskil er ta\u00f0 p\u00fara sj\u00e1lvsagt, at vit sum land \u00e1haldandi ra\u00f0festa hetta \u00f8ki\u00f0, sigur Eirikur \u00ed J\u00e1kupsstovu, landsst\u00fdrisma\u00f0ur.<\/p>\n\n\n\n<p>Eitt t\u00fddningarmiki\u00f0 stig var\u00f0 eisini tiki\u00f0 vi\u00f0 \u00e1rsbyrjan, t\u00e1 vit tryggja\u00f0u armslongd \u00ed umsitingini av filmsstu\u00f0linum. Stu\u00f0ulin er n\u00fa fluttur fr\u00e1 politisku skipanini til Mentanargrunn Landsins, sum umsitur stu\u00f0ulin sj\u00e1lvst\u00f8\u00f0ugt og samb\u00e6rt kunnger\u00f0 um film.&nbsp;<\/p>\n\n\n\n<p>&#8211; Vit hava lagt dent \u00e1, at skipanin skal byggja \u00e1 listarligt fr\u00e6lsi og fakliga dygd. T\u00ed var ta\u00f0 eitt st\u00f3rt framstig, at umsitingin av filmsstu\u00f0linum bleiv flutt til Mentanargrunninum. Ta\u00f0 tryggjar armslongd og tr\u00favir\u00f0i \u2013 og gevur filmsf\u00f3lki \u00e1lit \u00e1, at filmsstu\u00f0ulin ver\u00f0ur latin eftir grei\u00f0um og \u00f3heftum treytum, t\u00ed listin skal stu\u00f0last og ikki st\u00fdrast, leggur landsst\u00fdrisma\u00f0urin afturat.<\/p>\n\n\n\n<p>Alsamt fleiri f\u00f8roysku filmsverk f\u00e1a altj\u00f3\u00f0a vi\u00f0urkenning. Fleiri n\u00fdggjar filmsframlei\u00f0slur eru v\u00edstar \u00e1 st\u00f3rum festivalum, og \u00e1hugin uttanlands er st\u00f8\u00f0ugt vaksandi. Ta\u00f0 seinasta d\u00f8mi\u00f0 er, at filmurin&nbsp;<em>Seinasta Parad\u00eds \u00e1 J\u00f8r\u00f0<\/em>&nbsp;hj\u00e1 Sakariasi St\u00f3ra, n\u00fa er tilnevndur til filmsvir\u00f0isl\u00f8n Nor\u00f0urlandar\u00e1\u00f0sins fyri 2025 \u2013 og hetta er fyrstu fer\u00f0, at F\u00f8royar eru umbo\u00f0a\u00f0ar \u00ed t\u00ed vir\u00f0isl\u00f8narb\u00f3lkinum hj\u00e1 Nor\u00f0urlandar\u00e1\u00f0num.&nbsp;Hetta v\u00edsir, at f\u00f8royskur filmur stendur seg \u00ed kappingini millum tey bestu \u00ed Nor\u00f0urlondum.<\/p>\n\n\n\n<p>&#8211; St\u00f3ra framgongdin innan f\u00f8royskan film er eitt \u00farslit av einum mi\u00f0v\u00edsum arbei\u00f0i, eldhuga og einari tr\u00fagv upp\u00e1, at eisini vit kunnu skapa st\u00f3rar s\u00f8gur \u00far okkara l\u00edtla landi, sigur Eirikur \u00ed J\u00e1kupsstovu, landsst\u00fdrisma\u00f0ur.<\/p>\n\n\n\n<p>&#8211; Vi\u00f0 at h\u00e6kka j\u00e1ttanina til film er landsst\u00fdri\u00f0 vi\u00f0 til at tryggja, at jaliga gongdin heldur \u00e1fram, og at f\u00f8royska filmslistin f\u00e6r framhaldandi m\u00f8guleikar at mennast.<\/p>\n\n\n\n<p>&#8211; Vit vilja leggja lunnar undir einari skipan, sum b\u00e6\u00f0i r\u00f8kkur \u00fat \u00ed heim, og sum endurspeglar okkum sj\u00e1lv. F\u00f8royskur filmur er mentanarliga t\u00fddningarmikil &#8211; men eisini ein \u00edl\u00f8ga \u00ed skapandi vinnur, arbei\u00f0spl\u00e1ss og at kn\u00fdta altj\u00f3\u00f0a sambond, sigur landsst\u00fdrisma\u00f0urin at enda.<\/p>\n","protected":false},"excerpt":{"rendered":"<p>Almanna- og Merntam\u00e1lar\u00e1\u00f0i\u00f0:&nbsp;\u00cd f\u00edggjarl\u00f3garuppskotinum fyri 2026 leggur landsst\u00fdri\u00f0 upp til at h\u00e6kka j\u00e1ttanina til filmsstu\u00f0ul \u00far 4,6 mi\u00f3. kr. og upp \u00ed 6,6 mi\u00f3. kr. Hetta er ein grei\u00f0 ra\u00f0festing av f\u00f8royskum filmi, sum b\u00e6\u00f0i listaliga og vinnuliga hevur tiki\u00f0 dik \u00e1 seg, og sum hevur fingi\u00f0 altj\u00f3\u00f0a vi\u00f0urkenning seinnu \u00e1rini. Landsst\u00fdrisma\u00f0urin \u00ed almanna- og [&hellip;]<\/p>\n","protected":false},"author":23,"featured_media":31926,"comment_status":"closed","ping_status":"closed","sticky":false,"template":"","format":"standard","meta":{"ngg_post_thumbnail":0,"footnotes":""},"categories":[1],"tags":[],"class_list":["post-40503","post","type-post","status-publish","format-standard","has-post-thumbnail","hentry","category-tidindi"],"publishpress_future_action":{"enabled":false,"date":"2026-05-03 18:56:11","action":"change-status","newStatus":"draft","terms":[],"taxonomy":"category","extraData":[]},"publishpress_future_workflow_manual_trigger":{"enabledWorkflows":[]},"_links":{"self":[{"href":"https:\/\/sudurras.fo\/index.php?rest_route=\/wp\/v2\/posts\/40503","targetHints":{"allow":["GET"]}}],"collection":[{"href":"https:\/\/sudurras.fo\/index.php?rest_route=\/wp\/v2\/posts"}],"about":[{"href":"https:\/\/sudurras.fo\/index.php?rest_route=\/wp\/v2\/types\/post"}],"author":[{"embeddable":true,"href":"https:\/\/sudurras.fo\/index.php?rest_route=\/wp\/v2\/users\/23"}],"replies":[{"embeddable":true,"href":"https:\/\/sudurras.fo\/index.php?rest_route=%2Fwp%2Fv2%2Fcomments&post=40503"}],"version-history":[{"count":1,"href":"https:\/\/sudurras.fo\/index.php?rest_route=\/wp\/v2\/posts\/40503\/revisions"}],"predecessor-version":[{"id":40504,"href":"https:\/\/sudurras.fo\/index.php?rest_route=\/wp\/v2\/posts\/40503\/revisions\/40504"}],"wp:featuredmedia":[{"embeddable":true,"href":"https:\/\/sudurras.fo\/index.php?rest_route=\/wp\/v2\/media\/31926"}],"wp:attachment":[{"href":"https:\/\/sudurras.fo\/index.php?rest_route=%2Fwp%2Fv2%2Fmedia&parent=40503"}],"wp:term":[{"taxonomy":"category","embeddable":true,"href":"https:\/\/sudurras.fo\/index.php?rest_route=%2Fwp%2Fv2%2Fcategories&post=40503"},{"taxonomy":"post_tag","embeddable":true,"href":"https:\/\/sudurras.fo\/index.php?rest_route=%2Fwp%2Fv2%2Ftags&post=40503"}],"curies":[{"name":"wp","href":"https:\/\/api.w.org\/{rel}","templated":true}]}}