{"id":40509,"date":"2025-10-17T08:50:00","date_gmt":"2025-10-17T07:50:00","guid":{"rendered":"https:\/\/sudurras.fo\/?p=40509"},"modified":"2025-10-17T09:00:14","modified_gmt":"2025-10-17T08:00:14","slug":"14-846-soktu-um-arctic-digital-nomads-studulin","status":"publish","type":"post","link":"https:\/\/sudurras.fo\/?p=40509","title":{"rendered":"14.846 s\u00f8ktu um Arctic Digital Nomads stu\u00f0ulin"},"content":{"rendered":"\n<p>V\u00e1gs kommuna: \u00d3nskv\u00f8ldi\u00f0 lat aftur ums\u00f3knarbla\u00f0i\u00f0 til stu\u00f0ulsm\u00f8guleikan Arctic Digital Nomads Grant. 14.846 ums\u00f3knir komu inn, har av 5.961 ynskja at koma til V\u00e1gs og 4.429 hava ikki ein av\u00edsan sta\u00f0 valt.<\/p>\n\n\n\n<p>Aftur \u00ed \u00e1r hevur V\u00e1gs Kommuna bj\u00f3\u00f0a f\u00f3lki, sum arbei\u00f0a ella kunnu arbei\u00f0a fjararbei\u00f0i, tey sum \u00e1 enskum ver\u00f0a kalla\u00f0i digitalir nomadar, m\u00f8guleika at flyta til V\u00e1gs, Geiranger fj\u00f8r\u00f0in \u00ed Noregi og \u00deingeyri \u00ed \u00cdslandi. Og \u00ed \u00e1r var undirt\u00f8kan met h\u00f8g. Heili 14.846 ums\u00f3knir komu inn og fevndi hesar um \u00ed alt 20.461 f\u00f3lk, harav v\u00f3ru 807 b\u00f8rn.<\/p>\n\n\n\n<p>Arctic Digital Nomads Grant bj\u00f3\u00f0ar f\u00f3lki m\u00f8guleikan at flyta til eitt \u00fatja\u00f0arasamfelag \u00ed ein til tr\u00edggjar m\u00e1na\u00f0ar. Hesa t\u00ed\u00f0ina kunnu f\u00f3lkini \u00fatinna s\u00edtt vanliga arbei\u00f0i, bara sum fjararbei\u00f0i, me\u00f0an tey uppliva ta\u00f0 sum hesi \u00fatja\u00f0arasamfel\u00f8g hava at bj\u00f3\u00f0a &#8211; f\u00f3lk, mentan, upplivingar, n\u00e1tt\u00faru &#8211; ja gerandisdagin.<\/p>\n\n\n\n<p>Okur eru \u00f3almindiliga st\u00f3lt av verk\u00e6tlanini, og undirt\u00f8kan er n\u00f3gv st\u00f8rri enn okur nakrant\u00ed\u00f0 droymdu. Okur hildu at verk\u00e6tlanin var st\u00f3r \u00ed fj\u00f8r, t\u00e1 g\u00f3\u00f0ar 700 ums\u00f3knir komu inn til n\u00f8kur f\u00e1a pl\u00e1ss \u00e1 hv\u00f8rjum sta\u00f0i\u00f0. At ta\u00f0 so \u00ed \u00e1r komu n\u00e6stan 15.000 ums\u00f3knir er ikki heilt til at skilja, ta\u00f0 v\u00edsir so eisini potentiali\u00f0 \u00ed hesum \u00fatja\u00f0arasamfel\u00f8gum. Sigur Magnus Pauli West, trivna\u00f0arlei\u00f0ari.<\/p>\n\n\n\n<p>N\u00fa fara starvsf\u00f3lk hj\u00e1 V\u00e1gs Kommumu at velja ums\u00f8kjarar \u00far r\u00fagvuni, sum so f\u00e1a m\u00f8guleikan at flyta til V\u00e1gs \u00ed ein til tr\u00edggjar m\u00e1na\u00f0ar. 5.961 av ums\u00f8kjarunum ynsktu at koma til V\u00e1gs.<\/p>\n\n\n\n<p>Arctic Digital Nomads Grant er stu\u00f0la\u00f0 av NORA og samstarvspartarnir eru V\u00e1gs Kommuna (F\u00f8royar), Samf\u00e9lagsmi\u00f0st\u00f8\u00f0in \u00e1 \u00deingeyri (\u00cdsland) og Geirangerfjord World Heritage Foundation (Noreg).<\/p>\n","protected":false},"excerpt":{"rendered":"<p>V\u00e1gs kommuna: \u00d3nskv\u00f8ldi\u00f0 lat aftur ums\u00f3knarbla\u00f0i\u00f0 til stu\u00f0ulsm\u00f8guleikan Arctic Digital Nomads Grant. 14.846 ums\u00f3knir komu inn, har av 5.961 ynskja at koma til V\u00e1gs og 4.429 hava ikki ein av\u00edsan sta\u00f0 valt. Aftur \u00ed \u00e1r hevur V\u00e1gs Kommuna bj\u00f3\u00f0a f\u00f3lki, sum arbei\u00f0a ella kunnu arbei\u00f0a fjararbei\u00f0i, tey sum \u00e1 enskum ver\u00f0a kalla\u00f0i digitalir nomadar, m\u00f8guleika [&hellip;]<\/p>\n","protected":false},"author":23,"featured_media":20715,"comment_status":"closed","ping_status":"closed","sticky":false,"template":"","format":"standard","meta":{"ngg_post_thumbnail":0,"footnotes":""},"categories":[1],"tags":[],"class_list":["post-40509","post","type-post","status-publish","format-standard","has-post-thumbnail","hentry","category-tidindi"],"publishpress_future_action":{"enabled":false,"date":"2026-05-03 18:57:19","action":"change-status","newStatus":"draft","terms":[],"taxonomy":"category","extraData":[]},"publishpress_future_workflow_manual_trigger":{"enabledWorkflows":[]},"_links":{"self":[{"href":"https:\/\/sudurras.fo\/index.php?rest_route=\/wp\/v2\/posts\/40509","targetHints":{"allow":["GET"]}}],"collection":[{"href":"https:\/\/sudurras.fo\/index.php?rest_route=\/wp\/v2\/posts"}],"about":[{"href":"https:\/\/sudurras.fo\/index.php?rest_route=\/wp\/v2\/types\/post"}],"author":[{"embeddable":true,"href":"https:\/\/sudurras.fo\/index.php?rest_route=\/wp\/v2\/users\/23"}],"replies":[{"embeddable":true,"href":"https:\/\/sudurras.fo\/index.php?rest_route=%2Fwp%2Fv2%2Fcomments&post=40509"}],"version-history":[{"count":1,"href":"https:\/\/sudurras.fo\/index.php?rest_route=\/wp\/v2\/posts\/40509\/revisions"}],"predecessor-version":[{"id":40510,"href":"https:\/\/sudurras.fo\/index.php?rest_route=\/wp\/v2\/posts\/40509\/revisions\/40510"}],"wp:featuredmedia":[{"embeddable":true,"href":"https:\/\/sudurras.fo\/index.php?rest_route=\/wp\/v2\/media\/20715"}],"wp:attachment":[{"href":"https:\/\/sudurras.fo\/index.php?rest_route=%2Fwp%2Fv2%2Fmedia&parent=40509"}],"wp:term":[{"taxonomy":"category","embeddable":true,"href":"https:\/\/sudurras.fo\/index.php?rest_route=%2Fwp%2Fv2%2Fcategories&post=40509"},{"taxonomy":"post_tag","embeddable":true,"href":"https:\/\/sudurras.fo\/index.php?rest_route=%2Fwp%2Fv2%2Ftags&post=40509"}],"curies":[{"name":"wp","href":"https:\/\/api.w.org\/{rel}","templated":true}]}}