{"id":40515,"date":"2025-10-17T21:34:26","date_gmt":"2025-10-17T20:34:26","guid":{"rendered":"https:\/\/sudurras.fo\/?p=40515"},"modified":"2025-10-17T21:34:26","modified_gmt":"2025-10-17T20:34:26","slug":"u15-og-u16-dreingir-til-ungarn","status":"publish","type":"post","link":"https:\/\/sudurras.fo\/?p=40515","title":{"rendered":"U15 og U16 dreingir til Ungarn"},"content":{"rendered":"\n<p><strong>\u00cd d\u00f8gunum 26. til 31. oktobur fara U15- og U16-landsli\u00f0ini vi\u00f0 dreingjum \u00e1 venjingarlegu \u00ed Ungarn<\/strong><\/p>\n\n\n\n<p>H\u00f3ast fleiri av heimligu kappingunum eru li\u00f0ugt sp\u00e6ldar ella eru um at ver\u00f0a lidnar, merkir hetta ikki, at f\u00f3tb\u00f3lts\u00e1ri\u00f0 er um at enda. N\u00f3gv landsli\u00f0svirksemi er nevniliga \u00e1 skr\u00e1nni n\u00e6stu vikurnar.<\/p>\n\n\n\n<p>\u00cd komandi viku fer kvinnulandsli\u00f0i\u00f0 til Baltic Cup \u00ed Litava, me\u00f0an U19 genturnar fara \u00e1 venjingarlegu \u00ed Portugal. Og \u00ed a\u00f0ru viku fara U15- og U16-landsli\u00f0ini vi\u00f0 dreingjum \u00e1 venjingarlegu \u00ed Ungarn.<\/p>\n\n\n\n<p>J\u00f3gvan Martin Olsen er venjari hj\u00e1 U15 dreingjunum, me\u00f0an Christian H\u00f8gni Jacobsen er venjari hj\u00e1 U16 dreingjunum. Og fyrr \u00ed vikuni kunngj\u00f8rdu teir h\u00f3parnar til venjingarleguna, har b\u00e6\u00f0i li\u00f0ini eisini skulu sp\u00e6la tveir venjingardystir \u00edm\u00f3ti U15- og U16-landsli\u00f0unum hj\u00e1 Ungarn.<\/p>\n\n\n\n<p><strong>U15-h\u00f3purin<\/strong><br>Baldur Bartalsson, HB<br>Markus Trier Simonsen, HB<br>Kristjan R\u00f3ksson, HB<br>Regin T\u00f3rolvsson, HB<br>J\u00f3gvan Linklett Mortanson, HB<br>Andrias G\u00f8te \u00c1slakkson, V\u00edkingur<br>B\u00fagvi Hansen, V\u00edkingur<br>Lukas Kamsgar\u00f0 Joensen, TB<br>K\u00e1ri Zachariasen, \u00cdF<br>Egil H\u00f8jgaard, \u00cdF<br>R\u00fanar N\u00e6s, B36<br>D\u00e1njal Petursson Djurhuus, B36<br>Rani Demir Beinirson, B36<br>Joen Heini Gunnarstein, K\u00cd<br>Tollak Fl\u00f8che Clementsen, Middelfart BK (Danmark)<br>J\u00f3gvan Oskar Joensen, B68<br>P\u00e6tur Magnason, EB\/Streymur<br>Teitur R\u00f3gvasson, FC Su\u00f0uroy<\/p>\n\n\n\n<p><strong>Dystaskr\u00e1in<\/strong><br>28. okt. Ungarn \u2013 F\u00f8royar (kl. 16:00)<br>30. okt. Ungarn \u2013 F\u00f8royar (kl. 12:00)<\/p>\n\n\n\n<p><strong>U16 h\u00f3purin<\/strong><br>Carl Christian Codron, B36<br>Filip Bendix Laursen, B36<br>Sveinur H. Vesturdal, B36<br>T\u00f3ki B. Dahl, B36<br>Villiam S\u00f8rensen, EB\/Streymur<br>\u00cdsakur Petursson Olsen, EB\/Streymur<br>Bogi Augustinussen, FC Su\u00f0uroy<br>Andrew Poulsen, K\u00cd<br>Markus \u00cd Mitt\u00fani, K\u00cd<br>Emil Poulsson Linklett, K\u00cd<br>Fr\u00f3\u00f0i Juul Jarnskor, V\u00edkingur<br>Boas \u00c1 Reynatr\u00f8\u00f0, V\u00edkingur<br>Emil Ludvig Jacobsen, V\u00edkingur<br>R\u00f3sing Sverrason Toyt, V\u00edkingur<br>P\u00e6tur Sigurdsson H\u00f8jgaard, V\u00edkingur<br>Leon Samuelsen, HB<br>S\u00e1mal Nols\u00f8e, 07 Vestur<br>William Hansen, Hvidovre IF (Danmark)<\/p>\n\n\n\n<p><strong>Dystaskr\u00e1in<\/strong><br>28. okt. Ungarn \u2013 F\u00f8royar (kl. 16:00)<br>30. okt. Ungarn \u2013 F\u00f8royar (kl. 11:00)<\/p>\n","protected":false},"excerpt":{"rendered":"<p>\u00cd d\u00f8gunum 26. til 31. oktobur fara U15- og U16-landsli\u00f0ini vi\u00f0 dreingjum \u00e1 venjingarlegu \u00ed Ungarn H\u00f3ast fleiri av heimligu kappingunum eru li\u00f0ugt sp\u00e6ldar ella eru um at ver\u00f0a lidnar, merkir hetta ikki, at f\u00f3tb\u00f3lts\u00e1ri\u00f0 er um at enda. N\u00f3gv landsli\u00f0svirksemi er nevniliga \u00e1 skr\u00e1nni n\u00e6stu vikurnar. \u00cd komandi viku fer kvinnulandsli\u00f0i\u00f0 til Baltic Cup [&hellip;]<\/p>\n","protected":false},"author":23,"featured_media":19127,"comment_status":"closed","ping_status":"closed","sticky":false,"template":"","format":"standard","meta":{"ngg_post_thumbnail":0,"footnotes":""},"categories":[2],"tags":[],"class_list":["post-40515","post","type-post","status-publish","format-standard","has-post-thumbnail","hentry","category-itrottur"],"publishpress_future_action":{"enabled":false,"date":"2026-05-03 18:47:49","action":"change-status","newStatus":"draft","terms":[],"taxonomy":"category","extraData":[]},"publishpress_future_workflow_manual_trigger":{"enabledWorkflows":[]},"_links":{"self":[{"href":"https:\/\/sudurras.fo\/index.php?rest_route=\/wp\/v2\/posts\/40515","targetHints":{"allow":["GET"]}}],"collection":[{"href":"https:\/\/sudurras.fo\/index.php?rest_route=\/wp\/v2\/posts"}],"about":[{"href":"https:\/\/sudurras.fo\/index.php?rest_route=\/wp\/v2\/types\/post"}],"author":[{"embeddable":true,"href":"https:\/\/sudurras.fo\/index.php?rest_route=\/wp\/v2\/users\/23"}],"replies":[{"embeddable":true,"href":"https:\/\/sudurras.fo\/index.php?rest_route=%2Fwp%2Fv2%2Fcomments&post=40515"}],"version-history":[{"count":1,"href":"https:\/\/sudurras.fo\/index.php?rest_route=\/wp\/v2\/posts\/40515\/revisions"}],"predecessor-version":[{"id":40516,"href":"https:\/\/sudurras.fo\/index.php?rest_route=\/wp\/v2\/posts\/40515\/revisions\/40516"}],"wp:featuredmedia":[{"embeddable":true,"href":"https:\/\/sudurras.fo\/index.php?rest_route=\/wp\/v2\/media\/19127"}],"wp:attachment":[{"href":"https:\/\/sudurras.fo\/index.php?rest_route=%2Fwp%2Fv2%2Fmedia&parent=40515"}],"wp:term":[{"taxonomy":"category","embeddable":true,"href":"https:\/\/sudurras.fo\/index.php?rest_route=%2Fwp%2Fv2%2Fcategories&post=40515"},{"taxonomy":"post_tag","embeddable":true,"href":"https:\/\/sudurras.fo\/index.php?rest_route=%2Fwp%2Fv2%2Ftags&post=40515"}],"curies":[{"name":"wp","href":"https:\/\/api.w.org\/{rel}","templated":true}]}}