{"id":40524,"date":"2025-10-18T21:19:36","date_gmt":"2025-10-18T20:19:36","guid":{"rendered":"https:\/\/sudurras.fo\/?p=40524"},"modified":"2025-10-18T21:19:36","modified_gmt":"2025-10-18T20:19:36","slug":"fc-suduroy-heima-tb-uti","status":"publish","type":"post","link":"https:\/\/sudurras.fo\/?p=40524","title":{"rendered":"FC Su\u00f0uroy heima, TB \u00fati"},"content":{"rendered":"\n<p>N\u00e6stseinasta umfar \u00ed Betrideildini er \u00e1 skr\u00e1 \u00ed morgin og \u00ed str\u00ed\u00f0num um at var\u00f0veita pl\u00e1ssi\u00f0 \u00ed Betrideildini, er onki avgj\u00f8rt.<\/p>\n\n\n\n<p>FC Su\u00f0uroy tekur \u00e1 Ei\u00f0inum \u00ed V\u00e1gi \u00edm\u00f3ti V\u00edkingi og er hetta seinasti heimadystur \u00e1 Ei\u00f0inum \u00ed \u00e1r.<\/p>\n\n\n\n<p>TB skal til Klaksv\u00edkar, har F\u00f8royameistararnar \u00far K\u00cd taka \u00edm\u00f3ti.<\/p>\n\n\n\n<p>Dystirnar \u00ed hesum 26. umfarinum eru hesir.<\/p>\n\n\n\n<figure class=\"wp-block-image size-full\"><img loading=\"lazy\" decoding=\"async\" width=\"976\" height=\"992\" src=\"https:\/\/sudurras.fo\/wp-content\/uploads\/2025\/10\/Screenshot_20251018_211445.jpg\" alt=\"\" class=\"wp-image-40525\" srcset=\"https:\/\/sudurras.fo\/wp-content\/uploads\/2025\/10\/Screenshot_20251018_211445.jpg 976w, https:\/\/sudurras.fo\/wp-content\/uploads\/2025\/10\/Screenshot_20251018_211445-295x300.jpg 295w, https:\/\/sudurras.fo\/wp-content\/uploads\/2025\/10\/Screenshot_20251018_211445-768x781.jpg 768w\" sizes=\"auto, (max-width: 976px) 100vw, 976px\" \/><\/figure>\n\n\n\n<p>St\u00f8\u00f0an \u00e1\u00f0renn 26. umfar er hendan.<\/p>\n\n\n\n<figure class=\"wp-block-image size-large\"><img loading=\"lazy\" decoding=\"async\" width=\"592\" height=\"1024\" src=\"https:\/\/sudurras.fo\/wp-content\/uploads\/2025\/10\/Screenshot_20251018_211458_com.android.chrome_edit_1226891434327371-592x1024.jpg\" alt=\"\" class=\"wp-image-40526\" srcset=\"https:\/\/sudurras.fo\/wp-content\/uploads\/2025\/10\/Screenshot_20251018_211458_com.android.chrome_edit_1226891434327371-592x1024.jpg 592w, https:\/\/sudurras.fo\/wp-content\/uploads\/2025\/10\/Screenshot_20251018_211458_com.android.chrome_edit_1226891434327371-174x300.jpg 174w, https:\/\/sudurras.fo\/wp-content\/uploads\/2025\/10\/Screenshot_20251018_211458_com.android.chrome_edit_1226891434327371-768x1328.jpg 768w, https:\/\/sudurras.fo\/wp-content\/uploads\/2025\/10\/Screenshot_20251018_211458_com.android.chrome_edit_1226891434327371-889x1536.jpg 889w, https:\/\/sudurras.fo\/wp-content\/uploads\/2025\/10\/Screenshot_20251018_211458_com.android.chrome_edit_1226891434327371-1024x1770.jpg 1024w, https:\/\/sudurras.fo\/wp-content\/uploads\/2025\/10\/Screenshot_20251018_211458_com.android.chrome_edit_1226891434327371.jpg 1080w\" sizes=\"auto, (max-width: 592px) 100vw, 592px\" \/><\/figure>\n","protected":false},"excerpt":{"rendered":"<p>N\u00e6stseinasta umfar \u00ed Betrideildini er \u00e1 skr\u00e1 \u00ed morgin og \u00ed str\u00ed\u00f0num um at var\u00f0veita pl\u00e1ssi\u00f0 \u00ed Betrideildini, er onki avgj\u00f8rt. FC Su\u00f0uroy tekur \u00e1 Ei\u00f0inum \u00ed V\u00e1gi \u00edm\u00f3ti V\u00edkingi og er hetta seinasti heimadystur \u00e1 Ei\u00f0inum \u00ed \u00e1r. TB skal til Klaksv\u00edkar, har F\u00f8royameistararnar \u00far K\u00cd taka \u00edm\u00f3ti. Dystirnar \u00ed hesum 26. umfarinum eru [&hellip;]<\/p>\n","protected":false},"author":23,"featured_media":33047,"comment_status":"closed","ping_status":"closed","sticky":false,"template":"","format":"standard","meta":{"ngg_post_thumbnail":0,"footnotes":""},"categories":[2],"tags":[],"class_list":["post-40524","post","type-post","status-publish","format-standard","has-post-thumbnail","hentry","category-itrottur"],"publishpress_future_action":{"enabled":false,"date":"2026-05-03 18:35:22","action":"change-status","newStatus":"draft","terms":[],"taxonomy":"category","extraData":[]},"publishpress_future_workflow_manual_trigger":{"enabledWorkflows":[]},"_links":{"self":[{"href":"https:\/\/sudurras.fo\/index.php?rest_route=\/wp\/v2\/posts\/40524","targetHints":{"allow":["GET"]}}],"collection":[{"href":"https:\/\/sudurras.fo\/index.php?rest_route=\/wp\/v2\/posts"}],"about":[{"href":"https:\/\/sudurras.fo\/index.php?rest_route=\/wp\/v2\/types\/post"}],"author":[{"embeddable":true,"href":"https:\/\/sudurras.fo\/index.php?rest_route=\/wp\/v2\/users\/23"}],"replies":[{"embeddable":true,"href":"https:\/\/sudurras.fo\/index.php?rest_route=%2Fwp%2Fv2%2Fcomments&post=40524"}],"version-history":[{"count":1,"href":"https:\/\/sudurras.fo\/index.php?rest_route=\/wp\/v2\/posts\/40524\/revisions"}],"predecessor-version":[{"id":40527,"href":"https:\/\/sudurras.fo\/index.php?rest_route=\/wp\/v2\/posts\/40524\/revisions\/40527"}],"wp:featuredmedia":[{"embeddable":true,"href":"https:\/\/sudurras.fo\/index.php?rest_route=\/wp\/v2\/media\/33047"}],"wp:attachment":[{"href":"https:\/\/sudurras.fo\/index.php?rest_route=%2Fwp%2Fv2%2Fmedia&parent=40524"}],"wp:term":[{"taxonomy":"category","embeddable":true,"href":"https:\/\/sudurras.fo\/index.php?rest_route=%2Fwp%2Fv2%2Fcategories&post=40524"},{"taxonomy":"post_tag","embeddable":true,"href":"https:\/\/sudurras.fo\/index.php?rest_route=%2Fwp%2Fv2%2Ftags&post=40524"}],"curies":[{"name":"wp","href":"https:\/\/api.w.org\/{rel}","templated":true}]}}