{"id":40528,"date":"2025-10-20T10:09:19","date_gmt":"2025-10-20T09:09:19","guid":{"rendered":"https:\/\/sudurras.fo\/?p=40528"},"modified":"2025-10-20T10:09:20","modified_gmt":"2025-10-20T09:09:20","slug":"sirid-stenberg-luttikid-a-arctic-circle-assembly-2025","status":"publish","type":"post","link":"https:\/\/sudurras.fo\/?p=40528","title":{"rendered":"Siri\u00f0 Stenberg luttiki\u00f0 \u00e1 Arctic Circle Assembly 2025"},"content":{"rendered":"\n<p><strong>Uttanr\u00edkis- og Vinnum\u00e1lar\u00e1\u00f0i\u00f0:<\/strong>&nbsp;Siri\u00f0 Stenberg, landsst\u00fdriskvinna \u00ed uttanr\u00edkis- og vinnum\u00e1lum, hevur seinastu dagarnar luttiki\u00f0 \u00e1 Arctic Circle Assembly 2025 \u00ed Reykjav\u00edk. Skr\u00e1in hevur veri\u00f0 fj\u00f8lbroytt vi\u00f0 tilt\u00f8kum, pallbor\u00f0um og fundum \u00e1 r\u00e1\u00f0harrastigi, har t\u00fddningarmikil m\u00e1l hava veri\u00f0 til vi\u00f0ger\u00f0ar.<\/p>\n\n\n\n<p>\u00c1 r\u00e1\u00f0harrastigi hava millum anna\u00f0 veri\u00f0 tv\u00ed- og tr\u00edli\u00f0a\u00f0ir fundir millum uttanr\u00edkisr\u00e1\u00f0harrarnar \u00ed \u00datnor\u00f0ri, har Vivian Motzfeldt, Thorger\u00f0ur Katr\u00edn Gunnarsd\u00f3ttir og Siri\u00f0 Stenberg hava umr\u00f8tt felags avbj\u00f3\u00f0ingar og samstarvsm\u00f8guleikar \u00ed \u00datnor\u00f0ri, og hvussu samstarvi\u00f0 kann styrkjast frameftir. Harafturat hevur landsst\u00fdriskvinnan hitt \u00edslendska vinnum\u00e1lar\u00e1\u00f0harran, Honnu Katr\u00edn Fri\u00f0riksson, gr\u00f8nlendska vinnum\u00e1lr\u00e1\u00f0harran, Naaja Nathanielsen, umbo\u00f0 fyri Arctic Circle, \u00d3lafur Ragnar Gr\u00edmsson og Katr\u00edn Jacobsd\u00f3ttir, umframt onnur.<\/p>\n\n\n\n<p>Landsst\u00fdriskvinnan setti somulei\u00f0is eitt tiltak hj\u00e1 formansskapinum \u00ed Arktiska R\u00e1\u00f0num, sum F\u00f8royar eru partur av, vi\u00f0 heitinum Strengthening Youth-Led Engagement Across the Arctic Region, i\u00f0 sn\u00fa\u00f0i seg um at styrkja ungd\u00f3mslutt\u00f8ku \u00ed r\u00e1\u00f0num. \u00cd r\u00f8\u00f0u s\u00edni v\u00edsti landsst\u00fdriskvinnan \u00e1, at ney\u00f0ugt er at tryggja, at sj\u00f3narmi\u00f0ini hj\u00e1 ungum ikki bara ver\u00f0a hoyrd, men eisini tikin vi\u00f0, t\u00e1 avger\u00f0ir ver\u00f0a tiknar.<\/p>\n\n\n\n<p>Luttiki\u00f0 var\u00f0 eisini \u00e1 emb\u00e6tismannastigi \u00e1 fundum vi\u00f0 hini limalondini fyri at vi\u00f0gera arktisk m\u00e1l sum umhv\u00f8rvi og v\u00edsinda samstarv. Sum umbo\u00f0andi varaformansskapin \u00ed Arktiska R\u00e1\u00f0num var\u00f0 luttiki\u00f0 \u00e1 fundum vi\u00f0 limalond, eyglei\u00f0arar og onnur \u00ed arktiska samstarvinum, har evni v\u00f3r\u00f0u umr\u00f8dd vi\u00f0 st\u00f8\u00f0i \u00ed formansskr\u00e1nni. Havi\u00f0 er eitt av fimm&nbsp;kjarnu\u00f8kjum, har F\u00f8royar hava serligan leiklut \u00ed Arktiska R\u00e1\u00f0num. T\u00edskil ver\u00f0a tv\u00e6r t\u00fddningarmiklar r\u00e1\u00f0stevnur \u00ed F\u00f8royum \u00ed mai og juni \u00ed n\u00e6sta \u00e1r; ein havr\u00e1\u00f0stevna og ein r\u00e1\u00f0stevna um tilb\u00fagving \u00e1 sj\u00f3num.<\/p>\n\n\n\n<p>Leygarkv\u00f8ldi\u00f0 v\u00f3ru F\u00f8royar saman vi\u00f0 Gr\u00f8nlandi og Danmark vertir fyri st\u00f3rari endam\u00f3tt\u00f8ku \u00ed H\u00f8rpu fyri \u00f8llum luttakarunum \u00e1 Arctic Circle r\u00e1\u00f0stevnuni, har millum anna\u00f0 Byrta framf\u00f8rdi n\u00f8kur l\u00f8g, og bor\u00f0reitt var\u00f0 vi\u00f0 f\u00f8royskum laksi og drykkiv\u00f8rum.<\/p>\n","protected":false},"excerpt":{"rendered":"<p>Uttanr\u00edkis- og Vinnum\u00e1lar\u00e1\u00f0i\u00f0:&nbsp;Siri\u00f0 Stenberg, landsst\u00fdriskvinna \u00ed uttanr\u00edkis- og vinnum\u00e1lum, hevur seinastu dagarnar luttiki\u00f0 \u00e1 Arctic Circle Assembly 2025 \u00ed Reykjav\u00edk. Skr\u00e1in hevur veri\u00f0 fj\u00f8lbroytt vi\u00f0 tilt\u00f8kum, pallbor\u00f0um og fundum \u00e1 r\u00e1\u00f0harrastigi, har t\u00fddningarmikil m\u00e1l hava veri\u00f0 til vi\u00f0ger\u00f0ar. \u00c1 r\u00e1\u00f0harrastigi hava millum anna\u00f0 veri\u00f0 tv\u00ed- og tr\u00edli\u00f0a\u00f0ir fundir millum uttanr\u00edkisr\u00e1\u00f0harrarnar \u00ed \u00datnor\u00f0ri, har Vivian Motzfeldt, [&hellip;]<\/p>\n","protected":false},"author":23,"featured_media":40529,"comment_status":"closed","ping_status":"closed","sticky":false,"template":"","format":"standard","meta":{"ngg_post_thumbnail":0,"footnotes":""},"categories":[1],"tags":[],"class_list":["post-40528","post","type-post","status-publish","format-standard","has-post-thumbnail","hentry","category-tidindi"],"publishpress_future_action":{"enabled":false,"date":"2026-05-03 16:56:37","action":"change-status","newStatus":"draft","terms":[],"taxonomy":"category","extraData":[]},"publishpress_future_workflow_manual_trigger":{"enabledWorkflows":[]},"_links":{"self":[{"href":"https:\/\/sudurras.fo\/index.php?rest_route=\/wp\/v2\/posts\/40528","targetHints":{"allow":["GET"]}}],"collection":[{"href":"https:\/\/sudurras.fo\/index.php?rest_route=\/wp\/v2\/posts"}],"about":[{"href":"https:\/\/sudurras.fo\/index.php?rest_route=\/wp\/v2\/types\/post"}],"author":[{"embeddable":true,"href":"https:\/\/sudurras.fo\/index.php?rest_route=\/wp\/v2\/users\/23"}],"replies":[{"embeddable":true,"href":"https:\/\/sudurras.fo\/index.php?rest_route=%2Fwp%2Fv2%2Fcomments&post=40528"}],"version-history":[{"count":1,"href":"https:\/\/sudurras.fo\/index.php?rest_route=\/wp\/v2\/posts\/40528\/revisions"}],"predecessor-version":[{"id":40530,"href":"https:\/\/sudurras.fo\/index.php?rest_route=\/wp\/v2\/posts\/40528\/revisions\/40530"}],"wp:featuredmedia":[{"embeddable":true,"href":"https:\/\/sudurras.fo\/index.php?rest_route=\/wp\/v2\/media\/40529"}],"wp:attachment":[{"href":"https:\/\/sudurras.fo\/index.php?rest_route=%2Fwp%2Fv2%2Fmedia&parent=40528"}],"wp:term":[{"taxonomy":"category","embeddable":true,"href":"https:\/\/sudurras.fo\/index.php?rest_route=%2Fwp%2Fv2%2Fcategories&post=40528"},{"taxonomy":"post_tag","embeddable":true,"href":"https:\/\/sudurras.fo\/index.php?rest_route=%2Fwp%2Fv2%2Ftags&post=40528"}],"curies":[{"name":"wp","href":"https:\/\/api.w.org\/{rel}","templated":true}]}}