{"id":40538,"date":"2025-10-21T12:04:48","date_gmt":"2025-10-21T11:04:48","guid":{"rendered":"https:\/\/sudurras.fo\/?p=40538"},"modified":"2025-10-21T12:43:31","modified_gmt":"2025-10-21T11:43:31","slug":"beinleidis-stroyming-av-nikotin-tubbaksradstevnuni-i-midlatuni","status":"publish","type":"post","link":"https:\/\/sudurras.fo\/?p=40538","title":{"rendered":"Beinlei\u00f0is stroyming av Nikotin- &amp; tubbaksr\u00e1\u00f0stevnuni \u00ed Mi\u00f0lat\u00fani"},"content":{"rendered":"\n<p>Nikotin- &amp; tubbaksr\u00e1\u00f0stevna ver\u00f0ur h\u00f3sdagin 23. oktober kl. 9.00-12.00 \u00ed Kongsh\u00f8ll \u00e1 Vestaru Bryggju \u00ed Havn. Tiltaki\u00f0 er \u00f3keypis. <strong>R\u00c1\u00d0STEVNAN VER\u00d0UR EISINI STROYMD \u00cd MI\u00d0LAT\u00daNI.<\/strong><\/p>\n\n\n\n<p>A\u00f0alm\u00e1li\u00f0 vi\u00f0 r\u00e1\u00f0stevnuni er, at eingin skal ver\u00f0a kr\u00f8ktur av nikotini og at fyribyrgja, at b\u00f8rn og ung tendra s\u00edna fyrstu sigarett. Gerst t\u00fa bundin av nikotini, eru sannl\u00edkindini fyri, at t\u00fa eisini gerst roykjari, n\u00f3gv st\u00f8rri.<\/p>\n\n\n\n<p>R\u00e1\u00f0stevnan vendir s\u00e6r til politisku skipanina, myndugleikar, f\u00f3lkask\u00falar, mi\u00f0n\u00e1m, lei\u00f0slur, a\u00f0alr\u00e1\u00f0, \u00edtr\u00f3ttafel\u00f8g, handilsvinnu og stovnar. M\u00e1lb\u00f3lkurin er eisini \u00f8ll, i\u00f0 vilja vita&nbsp;meira um vansarnar vi\u00f0 nikotini og tubbaki, og sum arbei\u00f0a fyri einum nikotin- og tubbaksfr\u00edum F\u00f8royum.<\/p>\n\n\n\n<p>H\u00f8vu\u00f0sr\u00f8\u00f0ari er Charlotta Pisinger, professari \u00ed nikotin- og tubbaksfyribyrging, sum \u00ed \u00e1rav\u00eds hevur veri\u00f0 ein \u00f3troyttilig serfr\u00f8\u00f0ingar\u00f8dd innan \u00f8ki\u00f0.<\/p>\n\n\n\n<p>Innihaldi\u00f0 \u00e1 r\u00e1\u00f0stevnuni er fj\u00f8lbroytt, og vit fara millum anna\u00f0 at hoyra um, hv\u00f8rjar tubbaks- og nikotinv\u00f8rur eru \u00e1 markna\u00f0inum, hv\u00ed n\u00fdggju nikotinv\u00f8rurnar eru ein trupulleiki, innflutningsmynstur \u00ed F\u00f8royum, hv\u00f8nn leiklut tubbaks- og nikotin\u00eddna\u00f0urin hevur, og \u00e1 hv\u00f8nn h\u00e1tt tey ungu \u00e1virkast av n\u00fdggju nikotinv\u00f8runum. Eisini hoyra vit um fyribyrgjandi \u00e1t\u00f8k, sum virka \u00ed \u00f8\u00f0rum londum, og hvussu tubbaks- og nikotin\u00eddna\u00f0urin roynir at svara aftur. Harafturat hoyra vit um, hvussu vit bygna\u00f0arliga kunnu hj\u00e1lpa teimum sera kr\u00f8ktu ungu \u00far s\u00ednum nikotinbundinskapi.<\/p>\n\n\n\n<p><strong>SKR\u00c1IN<\/strong><\/p>\n\n\n\n<ul class=\"wp-block-list\">\n<li>Kl. 09.00 V\u00e6lkomin, May-Britt Skoradal, varadekanur \u00e1 Deildini fyri Heilsu- og Sj\u00fakrar\u00f8ktarv\u00edsindi, Fr\u00f3\u00f0skaparsetur F\u00f8roya &amp; Noomi Gregersen, PhD, lei\u00f0ari, Heilsust\u00fdri\u00f0<\/li>\n\n\n\n<li>Kl. 09.05 Setan, S\u00fasanna Bertholdsen, landst\u00fdriskvinna \u00ed heilsum\u00e1lum<\/li>\n\n\n\n<li>Kl. 09.10 Ta\u00f0 smakkar av bommi, men oy\u00f0ileggur barnaheilan, Charlotta Pisinger, professari \u00ed tubbaks- og nikotinfyrbyrging, Center for Klinisk Forskning og Forebyggelse \u00e1 Bispebjerg-Frederiksberg Universitetshospital.<\/li>\n\n\n\n<li>Kl. 09.50 Innflutningur, r\u00e1k og sn\u00fasvanar millum ung, Snorri Patursson, f\u00f3lkaheilsusamskipari, Heilsust\u00fdri\u00f0<\/li>\n\n\n\n<li>Kl. 10.05 Nikotin- og tubbaksn\u00fdtsla millum sk\u00falan\u00e6mingar &#8211; ein l\u00f8tumynd, Daisy Iversen, SSP- r\u00e1\u00f0gevi, Sk\u00fali, Sosialir myndugleikar og Politi<\/li>\n\n\n\n<li>Kl. 10.20 Ste\u00f0gur &amp; netverkan<\/li>\n\n\n\n<li>Kl. 10.40 Nikotin- &amp; tubbaksor\u00f0askifti, breitt umbo\u00f0andi panel.<\/li>\n\n\n\n<li>Kl. 11.20 Ta\u00f0 er n\u00f3gv, sum vit kunnu gera \u2013 saman, Charlotta Pisinger, professari \u00ed tubbaks- og nikotinfyrbyrging, Center for Klinisk Forskning og Forebyggelse \u00e1 Bispebjerg-Frederiksberg Universitetshospital.<\/li>\n\n\n\n<li>Kl. 12.00 Takk fyri \u00ed dag<\/li>\n<\/ul>\n\n\n\n<p><em>Or\u00f0st\u00fdrari er \u00d3luva Zachariasen.<\/em><\/p>\n","protected":false},"excerpt":{"rendered":"<p>Nikotin- &amp; tubbaksr\u00e1\u00f0stevna ver\u00f0ur h\u00f3sdagin 23. oktober kl. 9.00-12.00 \u00ed Kongsh\u00f8ll \u00e1 Vestaru Bryggju \u00ed Havn. Tiltaki\u00f0 er \u00f3keypis. R\u00c1\u00d0STEVNAN VER\u00d0UR EISINI STROYMD \u00cd MI\u00d0LAT\u00daNI. A\u00f0alm\u00e1li\u00f0 vi\u00f0 r\u00e1\u00f0stevnuni er, at eingin skal ver\u00f0a kr\u00f8ktur av nikotini og at fyribyrgja, at b\u00f8rn og ung tendra s\u00edna fyrstu sigarett. Gerst t\u00fa bundin av nikotini, eru sannl\u00edkindini fyri, [&hellip;]<\/p>\n","protected":false},"author":24,"featured_media":40539,"comment_status":"closed","ping_status":"closed","sticky":false,"template":"","format":"standard","meta":{"ngg_post_thumbnail":0,"footnotes":""},"categories":[1],"tags":[],"class_list":["post-40538","post","type-post","status-publish","format-standard","has-post-thumbnail","hentry","category-tidindi"],"publishpress_future_action":{"enabled":false,"date":"2026-05-03 16:57:39","action":"change-status","newStatus":"draft","terms":[],"taxonomy":"category","extraData":[]},"publishpress_future_workflow_manual_trigger":{"enabledWorkflows":[]},"_links":{"self":[{"href":"https:\/\/sudurras.fo\/index.php?rest_route=\/wp\/v2\/posts\/40538","targetHints":{"allow":["GET"]}}],"collection":[{"href":"https:\/\/sudurras.fo\/index.php?rest_route=\/wp\/v2\/posts"}],"about":[{"href":"https:\/\/sudurras.fo\/index.php?rest_route=\/wp\/v2\/types\/post"}],"author":[{"embeddable":true,"href":"https:\/\/sudurras.fo\/index.php?rest_route=\/wp\/v2\/users\/24"}],"replies":[{"embeddable":true,"href":"https:\/\/sudurras.fo\/index.php?rest_route=%2Fwp%2Fv2%2Fcomments&post=40538"}],"version-history":[{"count":2,"href":"https:\/\/sudurras.fo\/index.php?rest_route=\/wp\/v2\/posts\/40538\/revisions"}],"predecessor-version":[{"id":40544,"href":"https:\/\/sudurras.fo\/index.php?rest_route=\/wp\/v2\/posts\/40538\/revisions\/40544"}],"wp:featuredmedia":[{"embeddable":true,"href":"https:\/\/sudurras.fo\/index.php?rest_route=\/wp\/v2\/media\/40539"}],"wp:attachment":[{"href":"https:\/\/sudurras.fo\/index.php?rest_route=%2Fwp%2Fv2%2Fmedia&parent=40538"}],"wp:term":[{"taxonomy":"category","embeddable":true,"href":"https:\/\/sudurras.fo\/index.php?rest_route=%2Fwp%2Fv2%2Fcategories&post=40538"},{"taxonomy":"post_tag","embeddable":true,"href":"https:\/\/sudurras.fo\/index.php?rest_route=%2Fwp%2Fv2%2Ftags&post=40538"}],"curies":[{"name":"wp","href":"https:\/\/api.w.org\/{rel}","templated":true}]}}