{"id":40555,"date":"2025-10-22T06:03:08","date_gmt":"2025-10-22T05:03:08","guid":{"rendered":"https:\/\/sudurras.fo\/?p=40555"},"modified":"2025-10-22T06:03:08","modified_gmt":"2025-10-22T05:03:08","slug":"verdur-farid-undir-at-utbyggja-skuladepilin-i-suduroy","status":"publish","type":"post","link":"https:\/\/sudurras.fo\/?p=40555","title":{"rendered":"Ver\u00f0ur fari\u00f0 undir at \u00fatbyggja Sk\u00faladepilin \u00ed Su\u00f0uroy?"},"content":{"rendered":"\n<p>Seinastu t\u00ed\u00f0ina hava vit \u00ed mi\u00f0lunum hoyrt s\u00f8gur um n\u00fdggjan H\u00fasarhaldssk\u00fala og um n\u00fdggjar h\u00f8lisumst\u00f8\u00f0ur \u00e1 Mi\u00f0n\u00e1mssk\u00falanum \u00e1 Kambsdali, og um at gongd er sett \u00e1 at byggja \u00fat \u00e1 Tekniska sk\u00fala \u00ed Klaksv\u00edk. Alt g\u00f3\u00f0ar s\u00f8gur.<\/p>\n\n\n\n<p>Fyri 16 \u00e1rum s\u00ed\u00f0ani, t\u00ed\u00f0liga \u00e1 v\u00e1ri \u00ed 2009 var Sk\u00faladepilin \u00ed Su\u00f0uroy tikin alment \u00ed n\u00fdtslu. Sk\u00faladepilin gj\u00f8rdist karmur um Mi\u00f0n\u00e1mssk\u00falan \u00ed Su\u00f0uroy og Heilsusk\u00fala F\u00f8roya, sum fingu n\u00fdggjar h\u00f8lisumst\u00f8\u00f0ur, v\u00ed\u00f0ari r\u00e6sur og umst\u00f8\u00f0ur til b\u00e6\u00f0i starvsf\u00f3lk og lesandi, sum hoyrdu t\u00ed\u00f0ini til.<\/p>\n\n\n\n<p>S\u00ed\u00f0ani 2009 eru tilbo\u00f0ini \u00ed sk\u00falunum \u00ed Sk\u00faladeplinum \u00ed Su\u00f0uroy t\u00f3 n\u00f3gv v\u00ed\u00f0ka\u00f0i og virksemi munandi \u00f8kt.<\/p>\n\n\n\n<p>Heilsusk\u00falin bj\u00f3\u00f0ar n\u00fa eisini n\u00e1msfr\u00f8\u00f0ihj\u00e1lpara \u00fatb\u00fagving og tekur eisini inn ein eyka flokk av heilsur\u00f8ktarum um \u00e1ri\u00f0. \u00c1 Mi\u00f0n\u00e1mssk\u00falanum er komin serbreyt og FSA (F\u00f8royskt Sum Anna\u00f0m\u00e1l). N\u00fdggjar skipanir eru eisini komnar \u00e1 Mi\u00f0n\u00e1mssk\u00falan, m.a. vi\u00f0 presti, s\u00e1larfr\u00f8\u00f0ingi og mentor \u2013 alt skipanir, sum krevja h\u00f8lisumst\u00f8\u00f0ur.<\/p>\n\n\n\n<p>T\u00e1 undirrita\u00f0i vitja\u00f0i \u00ed Sk\u00faladeplinum herfyri var\u00f0 greitt fr\u00e1, at Mi\u00f0n\u00e1ms-serbreytin leigar h\u00f8lir \u00ed gamla Hovs sk\u00fala. FSA hevur onki fast undirv\u00edsingarh\u00f8li. B\u00f3lkar\u00fam til arbei\u00f0sb\u00f3lkar hj\u00e1 lesandi ver\u00f0a eisini br\u00fakt til undirv\u00edsing og \u00e1virkar hetta eisini m\u00f8guleikarnar at skipa undirv\u00edsingina. Starvsf\u00f3lkini sita fleiri \u00ed somu skrivstovu, og t\u00e6r eru frammanundan ov l\u00edtlar, og felags skrivstovan hj\u00e1 mi\u00f0n\u00e1mssk\u00falal\u00e6rarum r\u00famar ikki \u00f8llum l\u00e6rarunum og er eisini ov l\u00edtil.<\/p>\n\n\n\n<p>Greitt var\u00f0 eisini fr\u00e1, at avmarka\u00f0u h\u00f8lisumst\u00f8\u00f0urnar kunnu hava \u00e1virkan \u00e1 b\u00e6\u00f0i trivna\u00f0in hj\u00e1 l\u00e6rarum og lesandi \u00e1 Sk\u00faladeplinum \u00ed Su\u00f0uroy.<\/p>\n\n\n\n<p>\u00d3nsdagin 22. okt. eru munnligir fyrispurningar \u00ed L\u00f8gtinginum og fari eg at spyrja Dj\u00f3na N. Joensen, landsst\u00fdrismann, hesar spurningar:<\/p>\n\n\n\n<p>1. Eru h\u00f8lini \u00ed Sk\u00faladeplinum \u00ed Su\u00f0uroy n\u00f8ktandi til ta\u00f0 virksemi, sum er \u00e1 sk\u00falunum \u00e1 Sk\u00faladeplinum?<\/p>\n\n\n\n<p>2. \u00c6tlar landsst\u00fdrisma\u00f0urin at fara undir tilgongd at fremja \u00fatbygging \u00e1 Sk\u00faladeplinum \u00ed Su\u00f0uroy, solei\u00f0is at umst\u00f8\u00f0urnar ver\u00f0a n\u00f8ktandi fyri ta\u00f0 virksemi, sum er \u00e1 sk\u00falanum?<\/p>\n\n\n\n<p><\/p>\n\n\n\n<p>Dennis Holm, l\u00f8gtingslimur fyri Tj\u00f3\u00f0veldi<\/p>\n","protected":false},"excerpt":{"rendered":"<p>Seinastu t\u00ed\u00f0ina hava vit \u00ed mi\u00f0lunum hoyrt s\u00f8gur um n\u00fdggjan H\u00fasarhaldssk\u00fala og um n\u00fdggjar h\u00f8lisumst\u00f8\u00f0ur \u00e1 Mi\u00f0n\u00e1mssk\u00falanum \u00e1 Kambsdali, og um at gongd er sett \u00e1 at byggja \u00fat \u00e1 Tekniska sk\u00fala \u00ed Klaksv\u00edk. Alt g\u00f3\u00f0ar s\u00f8gur. Fyri 16 \u00e1rum s\u00ed\u00f0ani, t\u00ed\u00f0liga \u00e1 v\u00e1ri \u00ed 2009 var Sk\u00faladepilin \u00ed Su\u00f0uroy tikin alment \u00ed n\u00fdtslu. Sk\u00faladepilin [&hellip;]<\/p>\n","protected":false},"author":23,"featured_media":34383,"comment_status":"closed","ping_status":"closed","sticky":false,"template":"","format":"standard","meta":{"ngg_post_thumbnail":0,"footnotes":""},"categories":[40,1],"tags":[],"class_list":["post-40555","post","type-post","status-publish","format-standard","has-post-thumbnail","hentry","category-politikkur","category-tidindi"],"publishpress_future_action":{"enabled":false,"date":"2026-05-03 16:54:43","action":"change-status","newStatus":"draft","terms":[],"taxonomy":"category","extraData":[]},"publishpress_future_workflow_manual_trigger":{"enabledWorkflows":[]},"_links":{"self":[{"href":"https:\/\/sudurras.fo\/index.php?rest_route=\/wp\/v2\/posts\/40555","targetHints":{"allow":["GET"]}}],"collection":[{"href":"https:\/\/sudurras.fo\/index.php?rest_route=\/wp\/v2\/posts"}],"about":[{"href":"https:\/\/sudurras.fo\/index.php?rest_route=\/wp\/v2\/types\/post"}],"author":[{"embeddable":true,"href":"https:\/\/sudurras.fo\/index.php?rest_route=\/wp\/v2\/users\/23"}],"replies":[{"embeddable":true,"href":"https:\/\/sudurras.fo\/index.php?rest_route=%2Fwp%2Fv2%2Fcomments&post=40555"}],"version-history":[{"count":1,"href":"https:\/\/sudurras.fo\/index.php?rest_route=\/wp\/v2\/posts\/40555\/revisions"}],"predecessor-version":[{"id":40556,"href":"https:\/\/sudurras.fo\/index.php?rest_route=\/wp\/v2\/posts\/40555\/revisions\/40556"}],"wp:featuredmedia":[{"embeddable":true,"href":"https:\/\/sudurras.fo\/index.php?rest_route=\/wp\/v2\/media\/34383"}],"wp:attachment":[{"href":"https:\/\/sudurras.fo\/index.php?rest_route=%2Fwp%2Fv2%2Fmedia&parent=40555"}],"wp:term":[{"taxonomy":"category","embeddable":true,"href":"https:\/\/sudurras.fo\/index.php?rest_route=%2Fwp%2Fv2%2Fcategories&post=40555"},{"taxonomy":"post_tag","embeddable":true,"href":"https:\/\/sudurras.fo\/index.php?rest_route=%2Fwp%2Fv2%2Ftags&post=40555"}],"curies":[{"name":"wp","href":"https:\/\/api.w.org\/{rel}","templated":true}]}}