{"id":40563,"date":"2025-10-23T14:24:41","date_gmt":"2025-10-23T13:24:41","guid":{"rendered":"https:\/\/sudurras.fo\/?p=40563"},"modified":"2025-10-23T14:24:41","modified_gmt":"2025-10-23T13:24:41","slug":"samgongan-skal-halda-fingrarnar-burtur-fra-arbeidsloysisskipanini","status":"publish","type":"post","link":"https:\/\/sudurras.fo\/?p=40563","title":{"rendered":"Samgongan skal halda fingrarnar burtur fr\u00e1 Arbei\u00f0sloysisskipanini!"},"content":{"rendered":"\n<p>Samgongan hevur n\u00fa sett ALS \u2013 Arbei\u00f0sloysiskipanina \u2013 \u00e1 f\u00edggjarl\u00f3gina.<\/p>\n\n\n\n<p>Hetta h\u00f3ast ta\u00f0 \u00ed \u00a7 2. \u00ed l\u00f3gini um ALS stendur: \u201dInnt\u00f8kur og \u00fatrei\u00f0slur grunsins ver\u00f0a ikki tiknar vi\u00f0 \u00e1<br>l\u00f8gtingsf\u00edggjarl\u00f3gina.\u201d Sostatt ger samgongan beint \u00f8vugt av t\u00ed, sum stendur \u00ed l\u00f3gini.<\/p>\n\n\n\n<p>Forma\u00f0urin \u00ed st\u00fdrinum fyri ALS hevur eisini gj\u00f8rt vart vi\u00f0 hetta alment. Men politiska skipanin lurtar ikki. Fakfelagssamstarvi\u00f0 stu\u00f0lar formanninum \u00ed st\u00fdrinum fyri ALS og heitir \u00e1 politisku skipanina um at vir\u00f0a \u00e1setingarnar \u00ed l\u00f3gini um arbei\u00f0sloysiskipanina.<\/p>\n\n\n\n<p>Partarnir \u00e1 arbei\u00f0smarkna\u00f0inum eiga ALS og rinda inn \u00ed skipanina. T\u00ed skal politiska skipanin halda seg burtur fr\u00e1 Arbei\u00f0sloysisskipanini.<\/p>\n\n\n\n<p>H\u00f3ast undanf\u00f8rslan hj\u00e1 samgonguni er, at ALS bara ver\u00f0ur ein konto \u00e1 f\u00edggjarl\u00f3gini, sum er \u00fatrei\u00f0slu neutral, so er skj\u00f3tt, at politiska skipanin f\u00e6r ta\u00f0 hugskot, at broyta hetta, so peningur \u00ed ALS kann br\u00fakast til onnur endam\u00e1l, eitt n\u00fa, um peningur manglar \u00ed \u00e1 f\u00edggjarl\u00f3gini.<\/p>\n\n\n\n<p>Okkara \u00e1heitan \u00e1 samgonguna er t\u00ed: Haldi\u00f0 fingrarnar burtur fr\u00e1 ALS og vir\u00f0i \u00e1setingarnar \u00ed ALS l\u00f3gini \u00a72a. Sum p\u00fara greitt sigur: \u201cInnt\u00f8kur og \u00fatrei\u00f0slur grunsins ver\u00f0a ikki tiknar vi\u00f0 \u00e1 l\u00f8gtingsf\u00edggjarl\u00f3gina.\u201d<\/p>\n\n\n\n<p>Skipanin riggar v\u00e6l, sum hon er!<br><\/p>\n\n\n\n<p>Fakfelagssamstarvi\u00f0<\/p>\n\n\n\n<p>Starvsfelagi\u00f0, F\u00f8roya L\u00e6rarafelag, F\u00f8roya Pedagogfelag, Akademikarafelag F\u00f8roya, Heilsuhj\u00e1lparfelag, F\u00f8roya, Havnar Arbei\u00f0skvinnufelag, Felagi\u00f0 F\u00f8royskir Sj\u00fakrar\u00f8ktarfr\u00f8\u00f0ingar<\/p>\n","protected":false},"excerpt":{"rendered":"<p>Samgongan hevur n\u00fa sett ALS \u2013 Arbei\u00f0sloysiskipanina \u2013 \u00e1 f\u00edggjarl\u00f3gina. Hetta h\u00f3ast ta\u00f0 \u00ed \u00a7 2. \u00ed l\u00f3gini um ALS stendur: \u201dInnt\u00f8kur og \u00fatrei\u00f0slur grunsins ver\u00f0a ikki tiknar vi\u00f0 \u00e1l\u00f8gtingsf\u00edggjarl\u00f3gina.\u201d Sostatt ger samgongan beint \u00f8vugt av t\u00ed, sum stendur \u00ed l\u00f3gini. Forma\u00f0urin \u00ed st\u00fdrinum fyri ALS hevur eisini gj\u00f8rt vart vi\u00f0 hetta alment. Men politiska [&hellip;]<\/p>\n","protected":false},"author":23,"featured_media":14288,"comment_status":"closed","ping_status":"closed","sticky":false,"template":"","format":"standard","meta":{"ngg_post_thumbnail":0,"footnotes":""},"categories":[1],"tags":[],"class_list":["post-40563","post","type-post","status-publish","format-standard","has-post-thumbnail","hentry","category-tidindi"],"publishpress_future_action":{"enabled":false,"date":"2026-05-06 23:54:14","action":"change-status","newStatus":"draft","terms":[],"taxonomy":"category","extraData":[]},"publishpress_future_workflow_manual_trigger":{"enabledWorkflows":[]},"_links":{"self":[{"href":"https:\/\/sudurras.fo\/index.php?rest_route=\/wp\/v2\/posts\/40563","targetHints":{"allow":["GET"]}}],"collection":[{"href":"https:\/\/sudurras.fo\/index.php?rest_route=\/wp\/v2\/posts"}],"about":[{"href":"https:\/\/sudurras.fo\/index.php?rest_route=\/wp\/v2\/types\/post"}],"author":[{"embeddable":true,"href":"https:\/\/sudurras.fo\/index.php?rest_route=\/wp\/v2\/users\/23"}],"replies":[{"embeddable":true,"href":"https:\/\/sudurras.fo\/index.php?rest_route=%2Fwp%2Fv2%2Fcomments&post=40563"}],"version-history":[{"count":1,"href":"https:\/\/sudurras.fo\/index.php?rest_route=\/wp\/v2\/posts\/40563\/revisions"}],"predecessor-version":[{"id":40564,"href":"https:\/\/sudurras.fo\/index.php?rest_route=\/wp\/v2\/posts\/40563\/revisions\/40564"}],"wp:featuredmedia":[{"embeddable":true,"href":"https:\/\/sudurras.fo\/index.php?rest_route=\/wp\/v2\/media\/14288"}],"wp:attachment":[{"href":"https:\/\/sudurras.fo\/index.php?rest_route=%2Fwp%2Fv2%2Fmedia&parent=40563"}],"wp:term":[{"taxonomy":"category","embeddable":true,"href":"https:\/\/sudurras.fo\/index.php?rest_route=%2Fwp%2Fv2%2Fcategories&post=40563"},{"taxonomy":"post_tag","embeddable":true,"href":"https:\/\/sudurras.fo\/index.php?rest_route=%2Fwp%2Fv2%2Ftags&post=40563"}],"curies":[{"name":"wp","href":"https:\/\/api.w.org\/{rel}","templated":true}]}}