{"id":40573,"date":"2025-10-24T13:18:20","date_gmt":"2025-10-24T12:18:20","guid":{"rendered":"https:\/\/sudurras.fo\/?p=40573"},"modified":"2025-10-24T13:18:20","modified_gmt":"2025-10-24T12:18:20","slug":"stor-bustadar-verkaetlan-i-hvalba-verdur-nu-veruleiki","status":"publish","type":"post","link":"https:\/\/sudurras.fo\/?p=40573","title":{"rendered":"St\u00f3r b\u00fasta\u00f0ar-verk\u00e6tlan \u00ed Hvalba ver\u00f0ur n\u00fa veruleiki"},"content":{"rendered":"\n<p>Janus Thomsen, borgarstj\u00f3ri grei\u00f0ir fr\u00e1, at n\u00faverandi bygdar\u00e1\u00f0 \u00ed eina t\u00ed\u00f0 hevur arbeitt vi\u00f0 at \u00fatvega fleiri b\u00fasta\u00f0ir \u00ed kommununi. Sum n\u00f3gvum kunnugt, so hoyra vit um, hvussu trupult ta\u00f0 er at f\u00e1a naka\u00f0 at b\u00fagva \u00ed. Hetta er naka\u00f0, sum n\u00faverandi bygdar\u00e1\u00f0 tekur \u00ed \u00e1lvara og vil gera naka\u00f0 vi\u00f0.<\/p>\n\n\n\n<p>\u00c1\u00f0renn kommunuvali\u00f0 \u00ed fj\u00f8r leg\u00f0i MTV Byggivirki \u00e1 Tv\u00f8royri fram alment \u00ed Roynh\u00f8llini, \u00e6tlanina um at byggja 12 ra\u00f0h\u00fas vesturi \u00e1 Heyggi \u00ed Hvalba.<\/p>\n\n\n\n<p>Kommunan arbei\u00f0ir vi\u00f0 at f\u00e1a tey formligu vi\u00f0urskiftini upp\u00e1 pl\u00e1ss, \u00e1\u00f0renn Hvalbiar Kommuna \u00ed n\u00e6stum fer at taka st\u00f8\u00f0u til b\u00fasta\u00f0ar-verk\u00e6tlanina.<\/p>\n\n\n\n<p>Janus Thomsen sigur, at hann er serstakliga gla\u00f0ur og takksamur fyri, at ein privat fyrit\u00f8ka \u00e1 Tv\u00f8royri hevur \u00e1tiki\u00f0 s\u00e6r henda leiklutin, at fara undir at byggja ra\u00f0h\u00fas \u00ed Hvalba. Hetta v\u00edsir veruliga, hvussu \u00e1gr\u00fdtin vinnul\u00edvsf\u00f3lk vit hava og sum ynskja Su\u00f0uroynni v\u00e6l.<\/p>\n\n\n\n<figure class=\"wp-block-image size-large\"><img loading=\"lazy\" decoding=\"async\" width=\"1024\" height=\"576\" src=\"https:\/\/sudurras.fo\/wp-content\/uploads\/2025\/10\/2423_HVA_VIEW_3_000-1536x864-1-1024x576.png\" alt=\"\" class=\"wp-image-40574\" srcset=\"https:\/\/sudurras.fo\/wp-content\/uploads\/2025\/10\/2423_HVA_VIEW_3_000-1536x864-1-1024x576.png 1024w, https:\/\/sudurras.fo\/wp-content\/uploads\/2025\/10\/2423_HVA_VIEW_3_000-1536x864-1-300x169.png 300w, https:\/\/sudurras.fo\/wp-content\/uploads\/2025\/10\/2423_HVA_VIEW_3_000-1536x864-1-768x432.png 768w, https:\/\/sudurras.fo\/wp-content\/uploads\/2025\/10\/2423_HVA_VIEW_3_000-1536x864-1-1280x720.png 1280w, https:\/\/sudurras.fo\/wp-content\/uploads\/2025\/10\/2423_HVA_VIEW_3_000-1536x864-1.png 1536w\" sizes=\"auto, (max-width: 1024px) 100vw, 1024px\" \/><\/figure>\n","protected":false},"excerpt":{"rendered":"<p>Janus Thomsen, borgarstj\u00f3ri grei\u00f0ir fr\u00e1, at n\u00faverandi bygdar\u00e1\u00f0 \u00ed eina t\u00ed\u00f0 hevur arbeitt vi\u00f0 at \u00fatvega fleiri b\u00fasta\u00f0ir \u00ed kommununi. Sum n\u00f3gvum kunnugt, so hoyra vit um, hvussu trupult ta\u00f0 er at f\u00e1a naka\u00f0 at b\u00fagva \u00ed. Hetta er naka\u00f0, sum n\u00faverandi bygdar\u00e1\u00f0 tekur \u00ed \u00e1lvara og vil gera naka\u00f0 vi\u00f0. \u00c1\u00f0renn kommunuvali\u00f0 \u00ed fj\u00f8r [&hellip;]<\/p>\n","protected":false},"author":23,"featured_media":40575,"comment_status":"closed","ping_status":"closed","sticky":false,"template":"","format":"standard","meta":{"ngg_post_thumbnail":0,"footnotes":""},"categories":[1],"tags":[],"class_list":["post-40573","post","type-post","status-publish","format-standard","has-post-thumbnail","hentry","category-tidindi"],"publishpress_future_action":{"enabled":false,"date":"2026-05-06 23:47:09","action":"change-status","newStatus":"draft","terms":[],"taxonomy":"category","extraData":[]},"publishpress_future_workflow_manual_trigger":{"enabledWorkflows":[]},"_links":{"self":[{"href":"https:\/\/sudurras.fo\/index.php?rest_route=\/wp\/v2\/posts\/40573","targetHints":{"allow":["GET"]}}],"collection":[{"href":"https:\/\/sudurras.fo\/index.php?rest_route=\/wp\/v2\/posts"}],"about":[{"href":"https:\/\/sudurras.fo\/index.php?rest_route=\/wp\/v2\/types\/post"}],"author":[{"embeddable":true,"href":"https:\/\/sudurras.fo\/index.php?rest_route=\/wp\/v2\/users\/23"}],"replies":[{"embeddable":true,"href":"https:\/\/sudurras.fo\/index.php?rest_route=%2Fwp%2Fv2%2Fcomments&post=40573"}],"version-history":[{"count":1,"href":"https:\/\/sudurras.fo\/index.php?rest_route=\/wp\/v2\/posts\/40573\/revisions"}],"predecessor-version":[{"id":40576,"href":"https:\/\/sudurras.fo\/index.php?rest_route=\/wp\/v2\/posts\/40573\/revisions\/40576"}],"wp:featuredmedia":[{"embeddable":true,"href":"https:\/\/sudurras.fo\/index.php?rest_route=\/wp\/v2\/media\/40575"}],"wp:attachment":[{"href":"https:\/\/sudurras.fo\/index.php?rest_route=%2Fwp%2Fv2%2Fmedia&parent=40573"}],"wp:term":[{"taxonomy":"category","embeddable":true,"href":"https:\/\/sudurras.fo\/index.php?rest_route=%2Fwp%2Fv2%2Fcategories&post=40573"},{"taxonomy":"post_tag","embeddable":true,"href":"https:\/\/sudurras.fo\/index.php?rest_route=%2Fwp%2Fv2%2Ftags&post=40573"}],"curies":[{"name":"wp","href":"https:\/\/api.w.org\/{rel}","templated":true}]}}