{"id":41186,"date":"2025-12-09T12:43:57","date_gmt":"2025-12-09T12:43:57","guid":{"rendered":"https:\/\/sudurras.fo\/?p=41186"},"modified":"2025-12-09T12:43:57","modified_gmt":"2025-12-09T12:43:57","slug":"vagskalin-i-kvf-a-veg-ut-av-eggini-tidindaflutningurin-um-suduroyartunnilin-einsidugur-og-bara-neiligur","status":"publish","type":"post","link":"https:\/\/sudurras.fo\/?p=41186","title":{"rendered":"V\u00e1gsk\u00e1lin \u00ed KVF \u00e1 veg \u00fat av eggini: T\u00ed\u00f0indaflutningurin um Su\u00f0uroyartunnilin eins\u00ed\u00f0ugur og bara neiligur"},"content":{"rendered":"\n<p>\u00cd skemti hava f\u00f3lk kring landi\u00f0 \u2013 ja, r\u00e6tt skal ver\u00f0a r\u00e6tt, tey flestu vi\u00f0 onkrum tilkn\u00fdti til Su\u00f0uroynni &#8211; seinastu vikurnar skriva\u00f0 uppsl\u00f8g \u00e1 m.a. Facebook um flovisliga eins\u00ed\u00f0uga t\u00ed\u00f0indaflutningin hj\u00e1 almenna Kringvarpi F\u00f8roya um Su\u00f0uroyartunnilin.<\/p>\n\n\n\n<p>Fleiri hava gj\u00f8rt gj\u00f8ldur burtur\u00far KVF og hava v\u00edst \u00e1, at KVF manglar at tosa vi\u00f0 Rabarbufelagi\u00f0 \u00e1 Oyri, Landsfelagi\u00f0 fyri Moyggjabita-teljarar, R\u00f3tas\u00fapanar-samkoman \u00e1 Sk\u00e1la, Likku-vinir \u00ed Dali, og Buddingafelagi\u00f0 \u00e1 Vi\u00f0arei\u00f0i.<\/p>\n\n\n\n<p>Reakti\u00f3nin \u00e1 m.a. Facebook koma \u00ed kjalav\u00f8rrinum av at KVF vi\u00f0 hv\u00f8rt h\u00f8vi\u00f0, sum b\u00fd\u00f0st, heldur mikrofon fyri f\u00f3lki og felagsskapum, sum eru hart \u00edm\u00f3ti \u00f8llum m\u00f8guligum vi\u00f0urskiftum kring Su\u00f0uroyartunnilin. Ein av d\u00f8gunum herfyri, v\u00f3ru neiligu t\u00ed\u00f0indini \u00ed almenna Kringvarpi F\u00f8roya ennt\u00e1 grunda\u00f0 \u00e1 \u201cleysas\u00f8gur\u201d um vegaf\u00f8ring.<\/p>\n\n\n\n<p>Men t\u00e1 ta\u00f0 kemur til almenna fundin, sum var \u00ed Su\u00f0uroynni fyri tveimum vikum s\u00ed\u00f0ani, har kunna\u00f0 var\u00f0 um Su\u00f0uroyartunnilin, var KVF sj\u00e1lvandi ikki \u00e1 hesum fundinum vi\u00f0 uppt\u00f8kut\u00f3lum og mikrofonum.<\/p>\n\n\n\n<p>Eftir fundin var ein yvirl\u00fdsing, eitt t\u00ed\u00f0indaskriv sent \u00f8llum mi\u00f0lum \u2013 eisini til KVF. Men KVF seg\u00f0i sj\u00e1lvandi ikki eitt or\u00f0 um hetta hv\u00f8rki \u00ed \u00fatvarpinum, sj\u00f3nvarpinum ella \u00e1 heimas\u00ed\u00f0uni.<\/p>\n\n\n\n<p>Almenna Kringvarp F\u00f8roya eigur at tryggja at s\u00f8gur ver\u00f0a l\u00fdstar til fulnar. Men \u00ed hesum m\u00e1linum hevur KVF sp\u00e6lt totalt fallitt og hevur valt at hava bara ein vinkul til Su\u00f0uroyartunnilin, og tann vinkulin er neiligur \u00far einum enda \u00ed annan.<\/p>\n\n\n\n<p>Hetta er \u00e1taluvert og eigur lei\u00f0slan og st\u00fdri\u00f0 \u00ed KVF at f\u00e1a hetta \u00ed r\u00e6tt lag beinanvegin.<\/p>\n","protected":false},"excerpt":{"rendered":"<p>\u00cd skemti hava f\u00f3lk kring landi\u00f0 \u2013 ja, r\u00e6tt skal ver\u00f0a r\u00e6tt, tey flestu vi\u00f0 onkrum tilkn\u00fdti til Su\u00f0uroynni &#8211; seinastu vikurnar skriva\u00f0 uppsl\u00f8g \u00e1 m.a. Facebook um flovisliga eins\u00ed\u00f0uga t\u00ed\u00f0indaflutningin hj\u00e1 almenna Kringvarpi F\u00f8roya um Su\u00f0uroyartunnilin. Fleiri hava gj\u00f8rt gj\u00f8ldur burtur\u00far KVF og hava v\u00edst \u00e1, at KVF manglar at tosa vi\u00f0 Rabarbufelagi\u00f0 \u00e1 [&hellip;]<\/p>\n","protected":false},"author":23,"featured_media":41187,"comment_status":"closed","ping_status":"closed","sticky":false,"template":"","format":"standard","meta":{"ngg_post_thumbnail":0,"footnotes":""},"categories":[104,105],"tags":[],"class_list":["post-41186","post","type-post","status-publish","format-standard","has-post-thumbnail","hentry","category-leidarin","category-suduroyartunnil"],"publishpress_future_action":{"enabled":false,"date":"2026-05-06 19:21:37","action":"change-status","newStatus":"draft","terms":[],"taxonomy":"category","extraData":[]},"publishpress_future_workflow_manual_trigger":{"enabledWorkflows":[]},"_links":{"self":[{"href":"https:\/\/sudurras.fo\/index.php?rest_route=\/wp\/v2\/posts\/41186","targetHints":{"allow":["GET"]}}],"collection":[{"href":"https:\/\/sudurras.fo\/index.php?rest_route=\/wp\/v2\/posts"}],"about":[{"href":"https:\/\/sudurras.fo\/index.php?rest_route=\/wp\/v2\/types\/post"}],"author":[{"embeddable":true,"href":"https:\/\/sudurras.fo\/index.php?rest_route=\/wp\/v2\/users\/23"}],"replies":[{"embeddable":true,"href":"https:\/\/sudurras.fo\/index.php?rest_route=%2Fwp%2Fv2%2Fcomments&post=41186"}],"version-history":[{"count":1,"href":"https:\/\/sudurras.fo\/index.php?rest_route=\/wp\/v2\/posts\/41186\/revisions"}],"predecessor-version":[{"id":41188,"href":"https:\/\/sudurras.fo\/index.php?rest_route=\/wp\/v2\/posts\/41186\/revisions\/41188"}],"wp:featuredmedia":[{"embeddable":true,"href":"https:\/\/sudurras.fo\/index.php?rest_route=\/wp\/v2\/media\/41187"}],"wp:attachment":[{"href":"https:\/\/sudurras.fo\/index.php?rest_route=%2Fwp%2Fv2%2Fmedia&parent=41186"}],"wp:term":[{"taxonomy":"category","embeddable":true,"href":"https:\/\/sudurras.fo\/index.php?rest_route=%2Fwp%2Fv2%2Fcategories&post=41186"},{"taxonomy":"post_tag","embeddable":true,"href":"https:\/\/sudurras.fo\/index.php?rest_route=%2Fwp%2Fv2%2Ftags&post=41186"}],"curies":[{"name":"wp","href":"https:\/\/api.w.org\/{rel}","templated":true}]}}