{"id":41189,"date":"2025-12-09T13:31:55","date_gmt":"2025-12-09T13:31:55","guid":{"rendered":"https:\/\/sudurras.fo\/?p=41189"},"modified":"2025-12-09T13:31:57","modified_gmt":"2025-12-09T13:31:57","slug":"sig-tina-hugsan-um-eldraokid-i-suduroy","status":"publish","type":"post","link":"https:\/\/sudurras.fo\/?p=41189","title":{"rendered":"Sig t\u00edna hugsan um eldra\u00f8ki\u00f0 \u00ed Su\u00f0uroy!"},"content":{"rendered":"\n<p>T\u00fa hevur m\u00f8guleika at siga t\u00edna hugsan um eldra\u00f8ki\u00f0 \u00ed Su\u00f0uroy. B\u00fa- og Heimat\u00e6nastan \u00ed Su\u00f0uroy er \u00ed gongd vi\u00f0 at gera eina 10 \u00e1ra framt\u00ed\u00f0ar\u00e6tlan fyri eldra\u00f8ki\u00f0 \u00ed oynni.<\/p>\n\n\n\n<p>Endam\u00e1li\u00f0 vi\u00f0 framt\u00ed\u00f0ar\u00e6tlanini er at tryggja eina haldf\u00f8ra, g\u00f3\u00f0a og vir\u00f0iliga eldrat\u00e6nastu, har br\u00fakarar og b\u00faf\u00f3lk eru \u00ed mi\u00f0deplinum.<\/p>\n\n\n\n<p>Vit hava tvey spurnarbl\u00f8\u00f0. Eitt er \u00e6tla\u00f0 komandi br\u00fakarum, sum b\u00fagva \u00ed Su\u00f0uroy og eru 55 \u00e1r ella eldri. Hitt spurnarbla\u00f0i\u00f0 er \u00e6tla\u00f0 \u00f8llum, sum b\u00fagva \u00ed Su\u00f0uroy uttan mun til aldur. Svarini eru anonym.&nbsp;<\/p>\n\n\n\n<p>Um t\u00fa b\u00fdrt \u00ed Su\u00f0uroy, heita vit \u00e1 teg um at hj\u00e1lpa okkum vi\u00f0 at svara einum av hesum spurnarbl\u00f8\u00f0unum:<\/p>\n\n\n\n<p><a href=\"https:\/\/forms.office.com\/e\/u3hEp7YXAr\">Komandi br\u00fakari 55 \u00e1r og eldri<\/a><\/p>\n\n\n\n<p><a href=\"https:\/\/forms.office.com\/e\/ESAzEmnWrx\">Borgari \u00ed Su\u00f0uroy (ongin aldursavmarking)<\/a><\/p>\n\n\n\n<p>Takk fyri t\u00edtt \u00edkast, sum hevur st\u00f3rt vir\u00f0i \u00ed arbei\u00f0inum at gera eina framt\u00ed\u00f0ar\u00e6tlan fyri eldra\u00f8ki\u00f0 \u00ed Su\u00f0uroy.<\/p>\n\n\n\n<p>Freistin at svara er&nbsp;<strong>fr\u00edggjadagin 12. desember.<\/strong><\/p>\n\n\n\n<p>B\u00fa- og Heimat\u00e6nastan<\/p>\n","protected":false},"excerpt":{"rendered":"<p>T\u00fa hevur m\u00f8guleika at siga t\u00edna hugsan um eldra\u00f8ki\u00f0 \u00ed Su\u00f0uroy. B\u00fa- og Heimat\u00e6nastan \u00ed Su\u00f0uroy er \u00ed gongd vi\u00f0 at gera eina 10 \u00e1ra framt\u00ed\u00f0ar\u00e6tlan fyri eldra\u00f8ki\u00f0 \u00ed oynni. Endam\u00e1li\u00f0 vi\u00f0 framt\u00ed\u00f0ar\u00e6tlanini er at tryggja eina haldf\u00f8ra, g\u00f3\u00f0a og vir\u00f0iliga eldrat\u00e6nastu, har br\u00fakarar og b\u00faf\u00f3lk eru \u00ed mi\u00f0deplinum. Vit hava tvey spurnarbl\u00f8\u00f0. Eitt er [&hellip;]<\/p>\n","protected":false},"author":23,"featured_media":41190,"comment_status":"closed","ping_status":"closed","sticky":false,"template":"","format":"standard","meta":{"ngg_post_thumbnail":0,"footnotes":""},"categories":[1],"tags":[],"class_list":["post-41189","post","type-post","status-publish","format-standard","has-post-thumbnail","hentry","category-tidindi"],"publishpress_future_action":{"enabled":false,"date":"2026-05-06 19:21:54","action":"change-status","newStatus":"draft","terms":[],"taxonomy":"category","extraData":[]},"publishpress_future_workflow_manual_trigger":{"enabledWorkflows":[]},"_links":{"self":[{"href":"https:\/\/sudurras.fo\/index.php?rest_route=\/wp\/v2\/posts\/41189","targetHints":{"allow":["GET"]}}],"collection":[{"href":"https:\/\/sudurras.fo\/index.php?rest_route=\/wp\/v2\/posts"}],"about":[{"href":"https:\/\/sudurras.fo\/index.php?rest_route=\/wp\/v2\/types\/post"}],"author":[{"embeddable":true,"href":"https:\/\/sudurras.fo\/index.php?rest_route=\/wp\/v2\/users\/23"}],"replies":[{"embeddable":true,"href":"https:\/\/sudurras.fo\/index.php?rest_route=%2Fwp%2Fv2%2Fcomments&post=41189"}],"version-history":[{"count":1,"href":"https:\/\/sudurras.fo\/index.php?rest_route=\/wp\/v2\/posts\/41189\/revisions"}],"predecessor-version":[{"id":41191,"href":"https:\/\/sudurras.fo\/index.php?rest_route=\/wp\/v2\/posts\/41189\/revisions\/41191"}],"wp:featuredmedia":[{"embeddable":true,"href":"https:\/\/sudurras.fo\/index.php?rest_route=\/wp\/v2\/media\/41190"}],"wp:attachment":[{"href":"https:\/\/sudurras.fo\/index.php?rest_route=%2Fwp%2Fv2%2Fmedia&parent=41189"}],"wp:term":[{"taxonomy":"category","embeddable":true,"href":"https:\/\/sudurras.fo\/index.php?rest_route=%2Fwp%2Fv2%2Fcategories&post=41189"},{"taxonomy":"post_tag","embeddable":true,"href":"https:\/\/sudurras.fo\/index.php?rest_route=%2Fwp%2Fv2%2Ftags&post=41189"}],"curies":[{"name":"wp","href":"https:\/\/api.w.org\/{rel}","templated":true}]}}