{"id":41201,"date":"2025-12-10T10:27:53","date_gmt":"2025-12-10T10:27:53","guid":{"rendered":"https:\/\/sudurras.fo\/?p=41201"},"modified":"2025-12-10T10:27:54","modified_gmt":"2025-12-10T10:27:54","slug":"aftanfyri-endurnytsluna-hja-reyda-krossi","status":"publish","type":"post","link":"https:\/\/sudurras.fo\/?p=41201","title":{"rendered":"Aftanfyri endurn\u00fdtsluna hj\u00e1 Rey\u00f0a Krossi"},"content":{"rendered":"\n<p><strong>Rey\u00f0i Krossur<\/strong>: Lat ta\u00f0 vera sagt beinavegin: Rey\u00f0i Krossur merkir st\u00f3ran g\u00f3\u00f0vilja fr\u00e1 f\u00f3lki \u00ed F\u00f8royum og vit s\u00edggja, at f\u00f3lk vi\u00f0 gle\u00f0i lata kl\u00e6\u00f0ir til okkara endurn\u00fdtslu, i\u00f0 savnar pening til frama fyri hj\u00e1lpararbei\u00f0i b\u00e6\u00f0i \u00ed F\u00f8royum og kring heimin. Hetta eru vit \u00f3tr\u00faliga takksom fyri!<\/p>\n\n\n\n<p>T\u00e1 ta\u00f0 er sagt, so s\u00edggja vit samstundis ein vaksandi t\u00f8rv \u00e1, at hugbur\u00f0urin til at keypa endurn\u00fdtslukl\u00e6\u00f0ir ver\u00f0ur broyttur.<\/p>\n\n\n\n<p>St\u00f8\u00f0an er tann, at h\u00f3ast n\u00f3gv fegin lata kl\u00e6\u00f0ir til endurn\u00fdtslu, so eru ta\u00f0 samsvarandi ov f\u00e1, i\u00f0 velja at keypa hesi kl\u00e6\u00f0ini \u00ed hinum endanum &#8211; t\u00e1 tey hava veri\u00f0 \u00edgj\u00f8gnum kl\u00e6dnaskiljingina, eru vald \u00fat og sett til s\u00f8lu \u00ed okkara handlum.<\/p>\n\n\n\n<p>N\u00f3gv arbei\u00f0i ver\u00f0ur lagt \u00ed at savna kl\u00e6\u00f0ini inn og at skilja tey bestu burtur\u00far. Heili 4 tons av kl\u00e6\u00f0um koma inn um vikuna, sum skulu \u00edgj\u00f8gnum fleiri hendur. Samstundis senda vit eisini umlei\u00f0 150 tons av kl\u00e6\u00f0um av landinum um \u00e1ri\u00f0 til endurvinning \u2013 eisini fyri a\u00f0rar hj\u00e1lparfelagsskapir.<\/p>\n\n\n\n<p>Hetta er eitt umr\u00e1\u00f0andi og st\u00f3rt arbei\u00f0i, sum \u00fatvi\u00f0 300 sj\u00e1lvbo\u00f0in gera hv\u00f8nn dag \u00ed \u00e1rinum, men sum er \u00f3gvuliga \u00f3sj\u00f3nligt fyri onnur. T\u00ed halda vit ta\u00f0 vera umr\u00e1\u00f0andi, at lj\u00f3s n\u00fa ver\u00f0ur varpa\u00f0 \u00e1 hetta \u00f8ki\u00f0 \u2013 at tosa\u00f0 ver\u00f0ur um endurn\u00fdtslu og ovurn\u00fdtslu, og at vit sum samfelag taka \u00e1byrgd.<\/p>\n\n\n\n<p>&#8212;<\/p>\n\n\n\n<p>Hygg eftir innslagnum fr\u00e1 Degi og viku 8. desember, har Inger\u00f0 J\u00f8nsson, endurn\u00fdtslusamskipari, grei\u00f0ir fr\u00e1 n\u00fdggjum skr\u00e1setingum av kl\u00e6\u00f0um, i\u00f0 koma inn til Rey\u00f0a Kross, og hvussu ney\u00f0ugt ta\u00f0 er, at f\u00f3lk ikki bara lata, men eisini keypa kl\u00e6\u00f0ir \u00ed endurn\u00fdtslu.<a href=\"https:\/\/kvf.fo\/netvarp\/sv\/2025\/12\/08\/vit-drukna-i-klaedum\">https:\/\/kvf.fo\/netvarp\/sv\/2025\/12\/08\/vit-drukna-i-klaedum<\/a><\/p>\n","protected":false},"excerpt":{"rendered":"<p>Rey\u00f0i Krossur: Lat ta\u00f0 vera sagt beinavegin: Rey\u00f0i Krossur merkir st\u00f3ran g\u00f3\u00f0vilja fr\u00e1 f\u00f3lki \u00ed F\u00f8royum og vit s\u00edggja, at f\u00f3lk vi\u00f0 gle\u00f0i lata kl\u00e6\u00f0ir til okkara endurn\u00fdtslu, i\u00f0 savnar pening til frama fyri hj\u00e1lpararbei\u00f0i b\u00e6\u00f0i \u00ed F\u00f8royum og kring heimin. Hetta eru vit \u00f3tr\u00faliga takksom fyri! T\u00e1 ta\u00f0 er sagt, so s\u00edggja vit samstundis [&hellip;]<\/p>\n","protected":false},"author":23,"featured_media":41202,"comment_status":"closed","ping_status":"closed","sticky":false,"template":"","format":"standard","meta":{"ngg_post_thumbnail":0,"footnotes":""},"categories":[1],"tags":[],"class_list":["post-41201","post","type-post","status-publish","format-standard","has-post-thumbnail","hentry","category-tidindi"],"publishpress_future_action":{"enabled":false,"date":"2026-05-06 19:21:54","action":"change-status","newStatus":"draft","terms":[],"taxonomy":"category","extraData":[]},"publishpress_future_workflow_manual_trigger":{"enabledWorkflows":[]},"_links":{"self":[{"href":"https:\/\/sudurras.fo\/index.php?rest_route=\/wp\/v2\/posts\/41201","targetHints":{"allow":["GET"]}}],"collection":[{"href":"https:\/\/sudurras.fo\/index.php?rest_route=\/wp\/v2\/posts"}],"about":[{"href":"https:\/\/sudurras.fo\/index.php?rest_route=\/wp\/v2\/types\/post"}],"author":[{"embeddable":true,"href":"https:\/\/sudurras.fo\/index.php?rest_route=\/wp\/v2\/users\/23"}],"replies":[{"embeddable":true,"href":"https:\/\/sudurras.fo\/index.php?rest_route=%2Fwp%2Fv2%2Fcomments&post=41201"}],"version-history":[{"count":1,"href":"https:\/\/sudurras.fo\/index.php?rest_route=\/wp\/v2\/posts\/41201\/revisions"}],"predecessor-version":[{"id":41203,"href":"https:\/\/sudurras.fo\/index.php?rest_route=\/wp\/v2\/posts\/41201\/revisions\/41203"}],"wp:featuredmedia":[{"embeddable":true,"href":"https:\/\/sudurras.fo\/index.php?rest_route=\/wp\/v2\/media\/41202"}],"wp:attachment":[{"href":"https:\/\/sudurras.fo\/index.php?rest_route=%2Fwp%2Fv2%2Fmedia&parent=41201"}],"wp:term":[{"taxonomy":"category","embeddable":true,"href":"https:\/\/sudurras.fo\/index.php?rest_route=%2Fwp%2Fv2%2Fcategories&post=41201"},{"taxonomy":"post_tag","embeddable":true,"href":"https:\/\/sudurras.fo\/index.php?rest_route=%2Fwp%2Fv2%2Ftags&post=41201"}],"curies":[{"name":"wp","href":"https:\/\/api.w.org\/{rel}","templated":true}]}}