{"id":41204,"date":"2025-12-10T10:29:19","date_gmt":"2025-12-10T10:29:19","guid":{"rendered":"https:\/\/sudurras.fo\/?p=41204"},"modified":"2025-12-10T10:29:19","modified_gmt":"2025-12-10T10:29:19","slug":"landsstyrid-virdismetir-mannaraettindini","status":"publish","type":"post","link":"https:\/\/sudurras.fo\/?p=41204","title":{"rendered":"Landsst\u00fdri\u00f0 vir\u00f0ismetir mannar\u00e6ttindini"},"content":{"rendered":"\n<p>Landsfelag Pensj\u00f3nista fegnast um, at landsst\u00fdri\u00f0 hevur tiki\u00f0 stig til at strika rundskrivi\u00f0 um 72 \u00e1ra fr\u00e1faringaraldur \u00e1 arbei\u00f0smarkna\u00f0inum og vi\u00f0 hesum minka\u00f0 um aldursmismunin \u00e1 almennum arbei\u00f0spl\u00e1ssum.<\/p>\n\n\n\n<p>Landsfelag Pensj\u00f3nista hevur \u00ed n\u00f3gv \u00e1r v\u00edst \u00e1 ta\u00f0 \u00f3r\u00edmiliga \u00ed, at aldur hevur veri\u00f0 ors\u00f8kin til, at starvsf\u00f3lk ver\u00f0a upps\u00f8gd vegna aldur og ikki vegna f\u00f8rleika. Hetta hevur havt sera neiliga \u00e1virkan \u00e1 n\u00f3gv dugnalig f\u00f3lk, i\u00f0 eru send heim, h\u00f3ast tey hava f\u00f8rleika og ynski um at halda \u00e1fram at arbei\u00f0a, og sum hevur givi\u00f0 teimum sj\u00e1lvum og arbei\u00f0spl\u00e1ssinum innihald.<\/p>\n\n\n\n<p>Landsfelag Pensj\u00f3nista hevur eisini v\u00edst \u00e1, at fyrrverandi fr\u00e1faringaraldurin hevur veri\u00f0 \u00ed str\u00ed\u00f0 vi\u00f0 mannar\u00e6ttindini.&nbsp;&nbsp;<\/p>\n\n\n\n<p>At rundskrivi\u00f0 um fr\u00e1faringaraldur n\u00fa er strika\u00f0, er ein g\u00f3\u00f0 j\u00f3lag\u00e1va hj\u00e1 n\u00f3gvum pensj\u00f3nistum at f\u00e1a, solei\u00f0is at tey n\u00fa kunnu f\u00f8la seg tryggan \u00e1 s\u00ednum arbei\u00f0spl\u00e1ssi uttan mun til aldur.<\/p>\n\n\n\n<p>Landsfelag Pensj\u00f3nista v\u00f3nar, at kommunur og kommunal samst\u00f8rv eisini fara at avtaka fr\u00e1faringaraldurin innan teirra \u00f8ki.<\/p>\n\n\n\n<p><strong>Argir 9. des. 2025<\/strong><br><strong>Beate L. Samuelsen, forkvinna<\/strong><br><strong>Landsfelag Pensj\u00f3nista<\/strong><\/p>\n","protected":false},"excerpt":{"rendered":"<p>Landsfelag Pensj\u00f3nista fegnast um, at landsst\u00fdri\u00f0 hevur tiki\u00f0 stig til at strika rundskrivi\u00f0 um 72 \u00e1ra fr\u00e1faringaraldur \u00e1 arbei\u00f0smarkna\u00f0inum og vi\u00f0 hesum minka\u00f0 um aldursmismunin \u00e1 almennum arbei\u00f0spl\u00e1ssum. Landsfelag Pensj\u00f3nista hevur \u00ed n\u00f3gv \u00e1r v\u00edst \u00e1 ta\u00f0 \u00f3r\u00edmiliga \u00ed, at aldur hevur veri\u00f0 ors\u00f8kin til, at starvsf\u00f3lk ver\u00f0a upps\u00f8gd vegna aldur og ikki vegna f\u00f8rleika. [&hellip;]<\/p>\n","protected":false},"author":23,"featured_media":14760,"comment_status":"closed","ping_status":"closed","sticky":false,"template":"","format":"standard","meta":{"ngg_post_thumbnail":0,"footnotes":""},"categories":[3],"tags":[],"class_list":["post-41204","post","type-post","status-publish","format-standard","has-post-thumbnail","hentry","category-lesarin-skrivar"],"publishpress_future_action":{"enabled":false,"date":"2026-05-06 19:23:15","action":"change-status","newStatus":"draft","terms":[],"taxonomy":"category","extraData":[]},"publishpress_future_workflow_manual_trigger":{"enabledWorkflows":[]},"_links":{"self":[{"href":"https:\/\/sudurras.fo\/index.php?rest_route=\/wp\/v2\/posts\/41204","targetHints":{"allow":["GET"]}}],"collection":[{"href":"https:\/\/sudurras.fo\/index.php?rest_route=\/wp\/v2\/posts"}],"about":[{"href":"https:\/\/sudurras.fo\/index.php?rest_route=\/wp\/v2\/types\/post"}],"author":[{"embeddable":true,"href":"https:\/\/sudurras.fo\/index.php?rest_route=\/wp\/v2\/users\/23"}],"replies":[{"embeddable":true,"href":"https:\/\/sudurras.fo\/index.php?rest_route=%2Fwp%2Fv2%2Fcomments&post=41204"}],"version-history":[{"count":1,"href":"https:\/\/sudurras.fo\/index.php?rest_route=\/wp\/v2\/posts\/41204\/revisions"}],"predecessor-version":[{"id":41205,"href":"https:\/\/sudurras.fo\/index.php?rest_route=\/wp\/v2\/posts\/41204\/revisions\/41205"}],"wp:featuredmedia":[{"embeddable":true,"href":"https:\/\/sudurras.fo\/index.php?rest_route=\/wp\/v2\/media\/14760"}],"wp:attachment":[{"href":"https:\/\/sudurras.fo\/index.php?rest_route=%2Fwp%2Fv2%2Fmedia&parent=41204"}],"wp:term":[{"taxonomy":"category","embeddable":true,"href":"https:\/\/sudurras.fo\/index.php?rest_route=%2Fwp%2Fv2%2Fcategories&post=41204"},{"taxonomy":"post_tag","embeddable":true,"href":"https:\/\/sudurras.fo\/index.php?rest_route=%2Fwp%2Fv2%2Ftags&post=41204"}],"curies":[{"name":"wp","href":"https:\/\/api.w.org\/{rel}","templated":true}]}}