{"id":41670,"date":"2026-01-18T16:33:21","date_gmt":"2026-01-18T16:33:21","guid":{"rendered":"https:\/\/sudurras.fo\/?p=41670"},"modified":"2026-01-18T16:33:22","modified_gmt":"2026-01-18T16:33:22","slug":"roda-hja-sirid-stenberg-landsstyriskvinnu-a-mottoku-umbord-a-norronu-17-januar-2026","status":"publish","type":"post","link":"https:\/\/sudurras.fo\/?p=41670","title":{"rendered":"R\u00f8\u00f0a hj\u00e1 Siri\u00f0 Stenberg, landsst\u00fdriskvinnu, \u00e1 m\u00f3tt\u00f8ku umbor\u00f0 \u00e1 Norr\u00f8nu 17. januar 2026"},"content":{"rendered":"\n<p>G\u00f3\u00f0u leikarar, venjarar, familjur, Hondb\u00f3ltssambandi\u00f0, stu\u00f0lar og g\u00f3\u00f0u tit \u00f8ll, sum eru her<\/p>\n\n\n\n<p>T\u00e1 i\u00f0 norskir v\u00edkingar settu k\u00f3s m\u00f3ti F\u00f8royum fyri yvir 1000 \u00e1rum s\u00ed\u00f0an og s\u00ed\u00f0ani settu b\u00fagv \u00ed F\u00f8royum, h\u00f8vdu teir neyvan rokna\u00f0 vi\u00f0, at vit f\u00f3ru at venda aftur vi\u00f0 sovor\u00f0nari megi og flottasta flaggskipinum &#8211; Norr\u00f8nu &#8211; og vi\u00f0 sl\u00edkum v\u00edkingum sum okkara landsli\u00f0i. H\u00f8vdu teir gomlu v\u00edkingarnir vita\u00f0 aftur \u00ed ver\u00f0ina. F\u00f8royingar hava n\u00fa gj\u00f8rt innr\u00e1s \u00ed Norra \u2013 upp \u00e1 tann g\u00f3\u00f0a m\u00e1tan. Eisini vi\u00f0 okkara egna flogfelagi.<\/p>\n\n\n\n<p>\u00dar kv\u00e6\u00f0inum um Ormin Langa hoyra vit, hvussu kongurin savnar saman s\u00ednar reystastu ungu menn at fara yvir um hav at vinna kappabr\u00f8gd, og \u201dat lunnar brustu og j\u00f8r\u00f0in skalv\u201d, t\u00e1 i\u00f0 teir dr\u00f3gu b\u00e1tin \u00far neysti. Solei\u00f0is gj\u00f8rdu teir t\u00e1. Men n\u00fa standa vit her vi\u00f0 okkara reystastu monnum. Tit, sum longu hava vunni\u00f0 kappabr\u00f8gd og sum fingu okkara heim, og heimin allan, at skelva, og sum vunnu b\u00e6\u00f0i stig og \u00f8ll okkara hj\u00f8rtu.\u00a0<\/p>\n\n\n\n<p>Eisini t\u00ed er ta\u00f0 stuttligt at vera \u00ed grannatj\u00f3\u00f0ini Norra. Norra, sum tit vunnu fam\u00f8sa stigi\u00f0 \u00edm\u00f3ti, og sum vit hava felags v\u00edkingauppruna og s\u00f8gu vi\u00f0.&nbsp;<\/p>\n\n\n\n<p>Ta\u00f0 hevur veri\u00f0 &#8211; og er &#8211; ein sonn fragd at fylgja tykkum. Eg, sum \u00f8ll onnur, eri rakt av hondb\u00f3ltsfepri, men fepur er ikki, hvat ta\u00f0 var &#8211; ein sj\u00faka. Ta\u00f0 er n\u00fa ein sinnisst\u00f8\u00f0a, sum so at siga allir f\u00f8royingar, \u00fati sum heima, eru \u00ed. Yvir 10% av f\u00f3lkinum er komi\u00f0 \u00far F\u00f8royum vi\u00f0 tykkum. Samanbera vit vi\u00f0 Sveis, so skuldu tey havt oman fyri 900 t\u00fasund f\u00f3lk vi\u00f0 s\u00e6r, um milli\u00f3nina! F\u00f8roysku fjeppararnir eru komnir higar at heppa og bera tykkum \u00e1 stu\u00f0landi v\u00f3narveingjum. Solei\u00f0is kunnu vit \u00f8ll eiga part \u00ed tykkum. Og tey, sum eru eftir heima, eru heilt v\u00edst l\u00edka stu\u00f0landi vi\u00f0 tilt\u00f8kum og \u00f8\u00f0rum. Vit merktu longu t\u00ed\u00f0liga \u00ed vikuni, at ta\u00f0 byrja\u00f0i ta\u00f0 at bl\u00edva l\u00e6ttari at parkera, og fer\u00f0slan var munandi minka\u00f0 heima. Ongin hevur tosa\u00f0 um anna\u00f0 enn, um tit n\u00fa allir f\u00f3ru at ver\u00f0a kl\u00e1rir, um hvussu ta\u00f0 f\u00f3r at ganga o.s.fr.&nbsp;<\/p>\n\n\n\n<p>T\u00e1 i\u00f0 vit gingu \u00ed sk\u00fala, fingu b\u00f8rnini, serliga dreingirnir, fr\u00ed, t\u00e1 i\u00f0 teir skuldu \u00ed grind, eftir n\u00e1tum ella at reka sey\u00f0. N\u00fa f\u00e1a tey fr\u00ed at hyggja eftir hondb\u00f3lti.&nbsp;<\/p>\n\n\n\n<p>Hondb\u00f3ltur er felagsskapur. Felagsskapur \u00fati \u00ed fel\u00f8gunum, \u00e1 li\u00f0unum, rundan um li\u00f0ini, hj\u00e1 fjepparum, venjarum, sambondum og allasta\u00f0ni. Uttan felagsskap er ongin hondb\u00f3ltur. T\u00e1 ver\u00f0ur ta\u00f0 ein samling av einstaklingum og ikki eitt li\u00f0. Eitt li\u00f0, sum tr\u00fdr upp \u00e1 ta\u00f0, b\u00e6\u00f0i seg sj\u00e1lvan og h\u00f3pin. Eitt li\u00f0, sum saman gevur so n\u00f3gv meira enn summin av einstaklingunum. Ta\u00f0 er, t\u00e1 i\u00f0 man eisini ger hv\u00f8nn annan sterkan, man stendur sterkt. Ta\u00f0 er ta\u00f0 eyka, vit s\u00edggja \u00ed tykkum, og ta\u00f0 er ta\u00f0, vit fjepparar so fegin vilja styrkja vi\u00f0 okkara r\u00f3pum, rytmum og r\u00f3ma.&nbsp;<br>First we take Berlin, siga \u00f8ll n\u00fa, then we take Oslo! Eg havi hug at siga then we take Malm\u00f8!&nbsp;<br>Eg var vi\u00f0 \u00ed Berlin, t\u00e1 i\u00f0 tit sp\u00e6ldu har. T\u00e1 sum n\u00fa b\u00fa\u00f0i eg \u00ed F\u00f8roya n\u00e6stst\u00f8rstu bygd (b\u00fdi) saman vi\u00f0 t\u00fasundtals f\u00f8royingum, sum fylgja tykkum. Bygdin er n\u00fa vaksin \u00far 5000 upp \u00ed 6000, sigst.&nbsp;<\/p>\n\n\n\n<p>Hvat man ta\u00f0 so vera, sum f\u00e6r t\u00fasundtals f\u00f3lk at fylkjast \u00ed flokk saman vi\u00f0 tykkum? Her eru \u00f8ll sl\u00f8g av f\u00f3lki, fr\u00e1 n\u00fdf\u00f8\u00f0ingum til langommur, grannal\u00f8g og bindiklubbar, familja og vinir, arbei\u00f0spl\u00e1ss, ja, ein sera fj\u00f8lbroyttur h\u00f3pur. Ta\u00f0 er sj\u00e1lvsagt fyri at stu\u00f0la, men avgj\u00f8rt eisini t\u00ed tey merkja, at tit geva teimum naka\u00f0. Tit geva tj\u00f3\u00f0ini sj\u00e1lvsvir\u00f0i og sj\u00e1lvs\u00e1lit. Tit raka f\u00f8roysku f\u00f3lkas\u00e1lina.<\/p>\n\n\n\n<p>Eitt, sum eg havi lagt til merkis vi\u00f0 tykkum, og sum eg meti vera so vir\u00f0ismiki\u00f0, er at s\u00edggja tykkum fara \u00fat \u00e1 sk\u00falarnar til b\u00f8rnini &#8211; og anna\u00f0 \u00ed sambandi vi\u00f0 b\u00f8rn, eisini t\u00e1 ver\u00f0ur man so g\u00f3\u00f0ur vi\u00f0 tykkum. At tit geva tykkum t\u00ed\u00f0 til ta\u00f0 hevur sera n\u00f3gv at siga fyri sm\u00e1u b\u00f8rnini. Tey spegla s\u00e6r \u00ed tykkum. Tit l\u00e6ra tey at droyma st\u00f3rt, og at dreymar ver\u00f0a til veruleika, um man arbei\u00f0ir mi\u00f0v\u00edst fyri teimum. Tit l\u00e6ra tey at tr\u00fagva upp \u00e1 egna megi, felagsskap, arbei\u00f0ssemi og at seta s\u00e6r m\u00e1l. Ta\u00f0 er sum \u00ed halgub\u00f3k, tey l\u00e6ra, at onki er \u00f3gj\u00f8rligt hj\u00e1 t\u00ed, sum tr\u00fdr.&nbsp;<br>T\u00fddningurin av positivum fyrimyndum kann ikki metast n\u00f3g h\u00f8gt. Og eg m\u00e1 siga, sum eg plagi at siga, at t\u00e1 i\u00f0 vit v\u00f3ru yngri, v\u00f3ru so at siga ongar f\u00f8royskar fyrimyndir fyri b\u00f8rnini. T\u00e6r flestu v\u00f3ru \u00fatlendingar. Ta\u00f0 gav b\u00f8rnum fatanina av, at sl\u00edkt kundu vit \u00ed F\u00f8royum nokk ongant\u00ed\u00f0 bl\u00edva g\u00f3\u00f0 nokk til. Onkunt\u00ed\u00f0 var ennt\u00e1 sagt, at f\u00f8royingar nokk ongant\u00ed\u00f0 kundu gera seg galdandi \u00ed hondb\u00f3lti, t\u00ed f\u00f8royingar v\u00f3ru ov l\u00edtlir av v\u00f8kstri. Og hygg so \u00ed dag. Tit sp\u00e6la vi\u00f0 heimsins bestu li\u00f0um. Ta\u00f0 er so heilt fantastiskt, at ta\u00f0 kann ikki r\u00famast \u00ed nakrari t\u00f8kk. T\u00f3 so fari eg vegna landsst\u00fdri\u00f0 og okkum \u00f8ll \u00ed F\u00f8royum at bera tykkum allar hjartans takkir.<\/p>\n\n\n\n<p>Ta\u00f0 er virkuliga stuttligt at s\u00edggja tykkum sp\u00e6la. Hvussu fimir, djarvir og skj\u00f3tir tit eru. Ta\u00f0 er ikki bara \u00edtr\u00f3ttur, men list. Sum gandur. Tit mugu vera gj\u00f8rdir \u00far onkrum heilt serligum. Onkunt\u00ed\u00f0 gera tit ta\u00f0 eisini alt ov spennandi!<\/p>\n\n\n\n<p>T\u00e1 i\u00f0 tit renna inn \u00e1 v\u00f8llin at sp\u00e6la landsdyst, og tj\u00f3\u00f0sangurin ver\u00f0ur sungin, er hjarta\u00f0 um at bresta. Ta\u00f0 r\u00f8rir heilt inn \u00ed innasta hjartakamari\u00f0, sum hj\u00e1 so mongum ofta er l\u00e6st. Tann lykilin hava tit. Tit savna okkum sum f\u00f3lk og tj\u00f3\u00f0. Vit ver\u00f0a eitt. Og at ta\u00f0 so stendur \u00e1 troyggjunum \u00abat bera ta\u00f0 merki\u00f0, sum ey\u00f0kennir verki\u00f0\u00bb ja t\u00e1 ver\u00f0ur ta\u00f0 ikki vakrari. Tit umbo\u00f0a okkum \u00f8ll. L\u00edkamiki\u00f0 hvat annars kann skilja okkum, so kunnu tit savna. T\u00ed hava tit so \u00f3metaligan t\u00fddning fyri F\u00f8royar, eisini st\u00f8rri enn \u00ed \u00edtr\u00f3ttarh\u00f8pi. Tit l\u00e6ra okkum at standa saman, at hava \u00e1lit \u00e1 okkum sj\u00e1lvum, at tr\u00fagva upp \u00e1 okkum sj\u00e1lvi og \u00e1 alt ta\u00f0 g\u00f3\u00f0a, vit hava \u00ed F\u00f8royum. Tit l\u00e6ra okkum, at br\u00faka vit okkara egnu styrkir, so eru m\u00f8guleikarnir markleysir. Tit eru ivaleysir, bert dirvi\u00f0 er at s\u00edggja. Solei\u00f0is byggja tit land. Dyst fyri dyst. Stigini, tit vinna, eru ikki skriva\u00f0 vi\u00f0 blekki, men vi\u00f0 hjartabl\u00f3\u00f0i.<\/p>\n\n\n\n<p>Og h\u00f3ast stj\u00f8rnur vanliga eru \u00ed eini h\u00e6gri sferu, so hava tit ikki mist f\u00f3tafesti\u00f0. Tit eru eisini bara heilt vanligir ungir menn, synir, sjeikar, p\u00e1par, ommu- og abbasynir, br\u00f8\u00f0ur, vinmenn o.s.fr. Eisini ta\u00f0 eru vit felags um. Vit eru bara menniskju. Og tit eru besta pr\u00f3gv um, at bjartastu stj\u00f8rnur l\u00fdsa \u00f8ll onnur upp.&nbsp;<\/p>\n\n\n\n<p>M\u00e1 \u00f8ll eydna fylgja tykkum \u00e1 lei\u00f0ini. Dystir koma og fara, men ta\u00f0, sum tit higartil hava megna\u00f0, fer at vara. Tit eru s\u00f8guligir, og vit stu\u00f0la treytaleyst. Nj\u00f3ti\u00f0 bara dystirnar, og at tit eru komnir so langt. &nbsp;<\/p>\n\n\n\n<p>G\u00f3\u00f0u tit \u00f8ll<\/p>\n\n\n\n<p>Ta\u00f0 var r\u00f8randi at koma inn \u00ed h\u00f8llina \u00ed gj\u00e1r. At s\u00edggja \u00f8ll f\u00f3lkini \u00ed landsli\u00f0sblusum, vi\u00f0 fl\u00f8ggum og \u00f8\u00f0rum, sum \u00edmyndar F\u00f8royar. \u00c1 br\u00f3stinum aftast \u00ed h\u00f8llini hekk ein r\u00f8\u00f0 av fl\u00f8ggum. Og millum \u00f8ll hini fl\u00f8ggini, har \u00e1tti okkara vakra Merki pl\u00e1ss. Har v\u00f3ru vit umbo\u00f0a\u00f0 eins og \u00f8ll onnur. Eisini solei\u00f0is v\u00edsir \u00edtr\u00f3ttin b\u00e6\u00f0i veg, og hvat F\u00f8royar \u00ed veruleikanum megna. Ta\u00f0 stendur \u00f8llum greitt, at altj\u00f3\u00f0a lutt\u00f8ka \u00ed \u00edtr\u00f3tti er grundleggjandi og ney\u00f0ug fortreyt fyri allari menning. T\u00ed er atgongd til altj\u00f3\u00f0a vallir avgerandi. Ta\u00f0 er bara vi\u00f0 at sp\u00e6la m\u00f3ti teimum bestu, man ver\u00f0ur best. At ta\u00f0 er solei\u00f0is \u00ed \u00f8llum l\u00edvsins vi\u00f0urskiftum er onki at ivast \u00ed. &nbsp;<\/p>\n\n\n\n<p>G\u00f3\u00f0u tit allir<br>Tit eru, sum sagt, s\u00f8guligir, men F\u00f8royar hava eisini s\u00f8guliga levera\u00f0 ein kong til Norra. Sverri kongur, sum vaks upp \u00ed Kirkjub\u00f8, var kongur \u00ed Norra \u00ed 1100-talinum \u00ed heili 25 \u00e1r. T\u00e1 fingu tey ein kong fr\u00e1 okkum, men n\u00fa f\u00e1a tey eitt heilt li\u00f0 av kongum vi\u00f0 einum herskara av fjepparum. N\u00fa bresta lunnar, og j\u00f8r\u00f0in skelvur. Ta\u00f0 upplivdu vit longu \u00ed gj\u00e1r, t\u00e1 i\u00f0 tit vunnu fyrsta stigi\u00f0. Av hjarta til lukku vi\u00f0 t\u00ed og dr\u00edvi\u00f0 \u00e1. Vit eru vi\u00f0 tykkum allan vegin.<\/p>\n","protected":false},"excerpt":{"rendered":"<p>G\u00f3\u00f0u leikarar, venjarar, familjur, Hondb\u00f3ltssambandi\u00f0, stu\u00f0lar og g\u00f3\u00f0u tit \u00f8ll, sum eru her T\u00e1 i\u00f0 norskir v\u00edkingar settu k\u00f3s m\u00f3ti F\u00f8royum fyri yvir 1000 \u00e1rum s\u00ed\u00f0an og s\u00ed\u00f0ani settu b\u00fagv \u00ed F\u00f8royum, h\u00f8vdu teir neyvan rokna\u00f0 vi\u00f0, at vit f\u00f3ru at venda aftur vi\u00f0 sovor\u00f0nari megi og flottasta flaggskipinum &#8211; Norr\u00f8nu &#8211; og vi\u00f0 sl\u00edkum [&hellip;]<\/p>\n","protected":false},"author":23,"featured_media":41671,"comment_status":"closed","ping_status":"closed","sticky":false,"template":"","format":"standard","meta":{"ngg_post_thumbnail":0,"footnotes":""},"categories":[2],"tags":[],"class_list":["post-41670","post","type-post","status-publish","format-standard","has-post-thumbnail","hentry","category-itrottur"],"publishpress_future_action":{"enabled":false,"date":"2026-05-02 09:48:42","action":"change-status","newStatus":"draft","terms":[],"taxonomy":"category","extraData":[]},"publishpress_future_workflow_manual_trigger":{"enabledWorkflows":[]},"_links":{"self":[{"href":"https:\/\/sudurras.fo\/index.php?rest_route=\/wp\/v2\/posts\/41670","targetHints":{"allow":["GET"]}}],"collection":[{"href":"https:\/\/sudurras.fo\/index.php?rest_route=\/wp\/v2\/posts"}],"about":[{"href":"https:\/\/sudurras.fo\/index.php?rest_route=\/wp\/v2\/types\/post"}],"author":[{"embeddable":true,"href":"https:\/\/sudurras.fo\/index.php?rest_route=\/wp\/v2\/users\/23"}],"replies":[{"embeddable":true,"href":"https:\/\/sudurras.fo\/index.php?rest_route=%2Fwp%2Fv2%2Fcomments&post=41670"}],"version-history":[{"count":1,"href":"https:\/\/sudurras.fo\/index.php?rest_route=\/wp\/v2\/posts\/41670\/revisions"}],"predecessor-version":[{"id":41672,"href":"https:\/\/sudurras.fo\/index.php?rest_route=\/wp\/v2\/posts\/41670\/revisions\/41672"}],"wp:featuredmedia":[{"embeddable":true,"href":"https:\/\/sudurras.fo\/index.php?rest_route=\/wp\/v2\/media\/41671"}],"wp:attachment":[{"href":"https:\/\/sudurras.fo\/index.php?rest_route=%2Fwp%2Fv2%2Fmedia&parent=41670"}],"wp:term":[{"taxonomy":"category","embeddable":true,"href":"https:\/\/sudurras.fo\/index.php?rest_route=%2Fwp%2Fv2%2Fcategories&post=41670"},{"taxonomy":"post_tag","embeddable":true,"href":"https:\/\/sudurras.fo\/index.php?rest_route=%2Fwp%2Fv2%2Ftags&post=41670"}],"curies":[{"name":"wp","href":"https:\/\/api.w.org\/{rel}","templated":true}]}}