{"id":41709,"date":"2026-01-22T10:06:41","date_gmt":"2026-01-22T10:06:41","guid":{"rendered":"https:\/\/sudurras.fo\/?p=41709"},"modified":"2026-01-22T10:06:42","modified_gmt":"2026-01-22T10:06:42","slug":"husaprisurin-haekkadi-13-i-2025","status":"publish","type":"post","link":"https:\/\/sudurras.fo\/?p=41709","title":{"rendered":"H\u00fasapr\u00edsurin h\u00e6kka\u00f0i 13% \u00ed 2025"},"content":{"rendered":"\n<p><strong>Skyn<\/strong>: Pr\u00edsurin \u00e1 b\u00fast\u00f8\u00f0um \u00ed F\u00f8royum h\u00e6kka\u00f0i vi\u00f0 13% \u00ed 2025. Til samanberingar var v\u00f8ksturin 1% \u00ed 2024 og 4% \u00ed 2023.<\/p>\n\n\n\n<p>B\u00fasta\u00f0arpr\u00edsurin h\u00e6kka\u00f0i kring alt landi\u00f0, og 2025 var \u00e1ttanda \u00e1ri\u00f0 \u00e1 ra\u00f0, at pr\u00edsurin \u00e1 b\u00fast\u00f8\u00f0um h\u00e6kka\u00f0i. \u00cd 2018 l\u00e6kka\u00f0i mi\u00f0alpr\u00edsurin vi\u00f0 5%.<\/p>\n\n\n\n<p><strong>St\u00f3rur v\u00f8kstur \u00ed Havn og sm\u00e6rri b\u00fdunum<\/strong><\/p>\n\n\n\n<p>Hyggja vit eftir h\u00f8vu\u00f0ssta\u00f0num og teim sm\u00e6rri b\u00fdnum\/storu bygdunum, so s\u00edggja vit ein seth\u00fasapr\u00edsv\u00f8kstur \u00e1 \u00e1vikavist 14% og 12%. \u00cd kr\u00f3num og oyrum er talan um ein mi\u00f0alpr\u00eds \u00e1 \u00e1vikavist 4,4 mi\u00f3. kr. og &nbsp;2,6 mi\u00f3. kr. T\u00e1 eru \u00edb\u00fa\u00f0ir ikki rokna\u00f0ar vi\u00f0, men bert seth\u00fas.<\/p>\n\n\n\n<p>Pr\u00edsurin \u00e1 \u00edb\u00fa\u00f0um \u00ed Havn vaks vi\u00f0 2% \u00ed 2025. Ors\u00f8kin til lutfalsliga l\u00e1gu h\u00e6kkingina \u00ed \u00edb\u00fa\u00f0arpr\u00edsinum er millum anna\u00f0, at fleiri sm\u00e1ar \u00edb\u00fa\u00f0ir v\u00f3r\u00f0u seldar \u00ed fj\u00f8r sammett vi\u00f0 onnur \u00e1r, og hetta \u00e1virka\u00f0i samla\u00f0a pr\u00edsin \u00e1 \u00edb\u00fa\u00f0um, t\u00f3 so hevur hetta veri\u00f0 vi\u00f0 til at \u00f8kja um fermetrapr\u00edsin, sum var meth\u00f8gur \u00ed farna \u00e1ri. Mi\u00f0alfermetrapr\u00edsurin fyri \u00edb\u00fa\u00f0ur \u00ed Havn var 41.404 kr. Til samanberingar var fermetrarpr\u00edsurin \u00e1 seth\u00fasum \u00ed Havn 30.532 og 18.962 kr \u00ed teim sm\u00e6rru b\u00fdunum\/st\u00f8rri bygdunum. Fermetrarpr\u00edsurin \u00e1 \u00edb\u00fa\u00f0um \u00ed Havn h\u00e6kka\u00f0i 17% \u00ed 2025.<\/p>\n\n\n\n<p><strong>Eisini framgongd \u00ed sm\u00e6rru bygdunum<\/strong><\/p>\n\n\n\n<p>Hyggja vit eftir b\u00fasta\u00f0arpr\u00edsinum \u00ed teim sm\u00e6rri bygdunum, s\u00edggja vit eisini ein v\u00f8kstur. Pr\u00edsurin vaks vi\u00f0 4%. H\u00fasini \u00ed Su\u00f0uroy og Sandoy ver\u00f0a b\u00f3lka\u00f0 fyri seg, og har var v\u00f8ksturin 29%. Ors\u00f8kin til lutfalsliga h\u00f8ga pr\u00edsv\u00f8ksturin har er, at tali\u00f0 \u00e1 seldum b\u00fast\u00f8\u00f0um er lutfalsliga l\u00e1gt, og t\u00ed s\u00edggjast st\u00f8rri sveiggj \u00ed pr\u00edsbroytingunum \u00ed Su\u00f0uroy-Sandoy.<\/p>\n\n\n\n<figure class=\"wp-block-image size-full\"><img loading=\"lazy\" decoding=\"async\" width=\"643\" height=\"383\" src=\"https:\/\/sudurras.fo\/wp-content\/uploads\/2026\/01\/image-4.png\" alt=\"\" class=\"wp-image-41710\" srcset=\"https:\/\/sudurras.fo\/wp-content\/uploads\/2026\/01\/image-4.png 643w, https:\/\/sudurras.fo\/wp-content\/uploads\/2026\/01\/image-4-300x179.png 300w\" sizes=\"auto, (max-width: 643px) 100vw, 643px\" \/><\/figure>\n\n\n\n<p><strong>V\u00e6ntanirnar fyri 2026<\/strong><\/p>\n\n\n\n<p><a>Umframt pr\u00edsv\u00f8ksturin er tali\u00f0 \u00e1 seldum ognum eisini h\u00e6kka\u00f0 \u00ed 2025. S\u00ed\u00f0ani 2019 v\u00f3r\u00f0u flest ognir seldar \u00ed fj\u00f8r, og hyggja vit eftir \u00fatlitunum fyri 2026 eru tey sum heild g\u00f3\u00f0. &nbsp;<\/a><\/p>\n\n\n\n<p>\u00ab\u00cd 2025 hava vit s\u00e6\u00f0 eina gongd vi\u00f0 meiri fer\u00f0 \u00e1 s\u00f8luni,&nbsp; styttri liggit\u00ed\u00f0 og vaksandi \u00fatbo\u00f0i. Hetta hevur t\u00f3 ikki havt vi\u00f0 s\u00e6r, at pr\u00edsst\u00f8\u00f0i\u00f0 er flatna\u00f0, og eftir m\u00ednum tykki er hetta eitt greitt tekin um, at t\u00f8rvur er \u00e1 fleiri b\u00fasta\u00f0areindum \u2013 b\u00e6\u00f0i til at eiga og til at leiga. T\u00f3 skal sigast, at hetta eisini er naka\u00f0, i\u00f0 fleiri akt\u00f8rar hava tiki\u00f0 til s\u00edn, og \u00ed l\u00f8tuni eru fleiri \u00e6tlanir \u00ed gongd um at byggja st\u00f8rri \u00edb\u00fa\u00f0ar og ra\u00f0h\u00fasaverk\u00e6tlanir, sum v\u00f3nandi fer at geva fleiri m\u00f8guleika antin at ogna s\u00e6r ein b\u00fasta\u00f0 ella finna ein b\u00fasta\u00f0 at leiga. Vit v\u00e6nta, at gongdin vi\u00f0 vaksandi pr\u00edsum fer at halda fram \u00ed 2026, og mett ver\u00f0ur, at ein pr\u00edsv\u00f8kstur \u00e1 n\u00f8kur f\u00e1 prosentstig helst er \u00e1 g\u00f3\u00f0ari lei\u00f0\u00bb, sigur Petur Mohr Niclasen. &nbsp;<\/p>\n","protected":false},"excerpt":{"rendered":"<p>Skyn: Pr\u00edsurin \u00e1 b\u00fast\u00f8\u00f0um \u00ed F\u00f8royum h\u00e6kka\u00f0i vi\u00f0 13% \u00ed 2025. Til samanberingar var v\u00f8ksturin 1% \u00ed 2024 og 4% \u00ed 2023. B\u00fasta\u00f0arpr\u00edsurin h\u00e6kka\u00f0i kring alt landi\u00f0, og 2025 var \u00e1ttanda \u00e1ri\u00f0 \u00e1 ra\u00f0, at pr\u00edsurin \u00e1 b\u00fast\u00f8\u00f0um h\u00e6kka\u00f0i. \u00cd 2018 l\u00e6kka\u00f0i mi\u00f0alpr\u00edsurin vi\u00f0 5%. St\u00f3rur v\u00f8kstur \u00ed Havn og sm\u00e6rri b\u00fdunum Hyggja vit eftir [&hellip;]<\/p>\n","protected":false},"author":23,"featured_media":19029,"comment_status":"closed","ping_status":"closed","sticky":false,"template":"","format":"standard","meta":{"ngg_post_thumbnail":0,"footnotes":""},"categories":[1],"tags":[],"class_list":["post-41709","post","type-post","status-publish","format-standard","has-post-thumbnail","hentry","category-tidindi"],"publishpress_future_action":{"enabled":false,"date":"2026-05-04 09:36:10","action":"change-status","newStatus":"draft","terms":[],"taxonomy":"category","extraData":[]},"publishpress_future_workflow_manual_trigger":{"enabledWorkflows":[]},"_links":{"self":[{"href":"https:\/\/sudurras.fo\/index.php?rest_route=\/wp\/v2\/posts\/41709","targetHints":{"allow":["GET"]}}],"collection":[{"href":"https:\/\/sudurras.fo\/index.php?rest_route=\/wp\/v2\/posts"}],"about":[{"href":"https:\/\/sudurras.fo\/index.php?rest_route=\/wp\/v2\/types\/post"}],"author":[{"embeddable":true,"href":"https:\/\/sudurras.fo\/index.php?rest_route=\/wp\/v2\/users\/23"}],"replies":[{"embeddable":true,"href":"https:\/\/sudurras.fo\/index.php?rest_route=%2Fwp%2Fv2%2Fcomments&post=41709"}],"version-history":[{"count":1,"href":"https:\/\/sudurras.fo\/index.php?rest_route=\/wp\/v2\/posts\/41709\/revisions"}],"predecessor-version":[{"id":41711,"href":"https:\/\/sudurras.fo\/index.php?rest_route=\/wp\/v2\/posts\/41709\/revisions\/41711"}],"wp:featuredmedia":[{"embeddable":true,"href":"https:\/\/sudurras.fo\/index.php?rest_route=\/wp\/v2\/media\/19029"}],"wp:attachment":[{"href":"https:\/\/sudurras.fo\/index.php?rest_route=%2Fwp%2Fv2%2Fmedia&parent=41709"}],"wp:term":[{"taxonomy":"category","embeddable":true,"href":"https:\/\/sudurras.fo\/index.php?rest_route=%2Fwp%2Fv2%2Fcategories&post=41709"},{"taxonomy":"post_tag","embeddable":true,"href":"https:\/\/sudurras.fo\/index.php?rest_route=%2Fwp%2Fv2%2Ftags&post=41709"}],"curies":[{"name":"wp","href":"https:\/\/api.w.org\/{rel}","templated":true}]}}