{"id":41714,"date":"2026-01-22T13:45:41","date_gmt":"2026-01-22T13:45:41","guid":{"rendered":"https:\/\/sudurras.fo\/?p=41714"},"modified":"2026-01-22T13:45:42","modified_gmt":"2026-01-22T13:45:42","slug":"workation-week-i-vagi","status":"publish","type":"post","link":"https:\/\/sudurras.fo\/?p=41714","title":{"rendered":"Workation Week \u00ed V\u00e1gi"},"content":{"rendered":"\n<p><em>Arbei\u00f0, uppliv og ger mun \u2013 \u00ed F\u00f8royum<\/em><\/p>\n\n\n\n<p>Workation Week er eitt n\u00fdtt fer\u00f0avinnu\u00e1tak \u00ed V\u00e1gi, \u00e6tla\u00f0 f\u00f8royingum, i\u00f0 kunnu arbei\u00f0a fjararbei\u00f0i \u2013 ella \u00ed samr\u00e1\u00f0 vi\u00f0 arbei\u00f0spl\u00e1ssi\u00f0 br\u00faka eina viku \u00ed V\u00e1gi. T\u00fa flytir arbei\u00f0spl\u00e1ssi\u00f0 til V\u00e1gs \u00ed eina viku, arbei\u00f0ir sum vanligt og gerst samstundis partur av einum livandi lokalum og sosialum samfelagi.<\/p>\n\n\n\n<p><strong>Hvat er Workation Week?<\/strong><\/p>\n\n\n\n<p>T\u00fa arbei\u00f0ir t\u00edtt vanliga arbei\u00f0i sum fjararbei\u00f0i, og\/ella kanst gera sj\u00e1lvbo\u00f0i\u00f0 arbei\u00f0i \u00ed lokalsamfelagnum, t.d. vi\u00f0 at:<\/p>\n\n\n\n<ul class=\"wp-block-list\">\n<li>venja ella venja saman vi\u00f0 einum \u00edtr\u00f3ttali\u00f0i<\/li>\n\n\n\n<li>fyriskipa verkstovu ella skei\u00f0<\/li>\n\n\n\n<li>samstarva vi\u00f0 lokala fyrit\u00f8ku ella felag<\/li>\n<\/ul>\n\n\n\n<p>Hetta skapar n\u00fdggj sambond og \u00edbl\u00e1stur \u2013 b\u00e6\u00f0i fakliga og sosialt.<\/p>\n\n\n\n<p><strong>Praktisk kunning<\/strong><\/p>\n\n\n\n<ul class=\"wp-block-list\">\n<li>T\u00ed\u00f0arskei\u00f0: 16.\u201328. februar (viku 8 og 9)<\/li>\n\n\n\n<li>M\u00e1lb\u00f3lkur: F\u00f8royingar, i\u00f0 arbei\u00f0a ella kunnu arbei\u00f0a fjarfr\u00e1<\/li>\n\n\n\n<li>Gisting: Sm\u00e1ttur \u00ed V\u00e1gi \u2013 sertilbo\u00f0 3.000 kr. fyri eina viku<\/li>\n\n\n\n<li>Arbei\u00f0sumst\u00f8\u00f0ur: arbei\u00f0spl\u00e1ss \u00ed sm\u00e1ttunum og m\u00f8guleiki at arbei\u00f0a \u00ed h\u00f8lum hj\u00e1 V\u00e1gs Kommunu<\/li>\n<\/ul>\n\n\n\n<p><strong>Tilt\u00f8k<\/strong><\/p>\n\n\n\n<p>B\u00e1\u00f0ar vikurnar bj\u00f3\u00f0a:<\/p>\n\n\n\n<ul class=\"wp-block-list\">\n<li>vitjan \u00ed skrivstovulandslagi hj\u00e1 V\u00e1gs Kommunu<\/li>\n\n\n\n<li>felags matkv\u00f8ld<\/li>\n\n\n\n<li>framl\u00f8gu og verkstovu<\/li>\n\n\n\n<li>sosiala samveru og netverksbyggjan<\/li>\n<\/ul>\n\n\n\n<p><strong>Upplivingar \u00ed februar<\/strong><\/p>\n\n\n\n<p>Workation Week fellur saman vi\u00f0 Virkin V\u00e1gur, har eini 80 \u00f3keypis heilsu\u00e1t\u00f8k eru \u00e1 skr\u00e1nni. Harumframt eru:<\/p>\n\n\n\n<ul class=\"wp-block-list\">\n<li>matstovur og handlar opnir<\/li>\n\n\n\n<li>P\u00e1ls H\u00f8ll opin<\/li>\n\n\n\n<li>Hj\u00e1 Jugga er opi\u00f0 fr\u00edggjakv\u00f8ld og leygarkv\u00f8ld<\/li>\n\n\n\n<li>Fyrstu altj\u00f3\u00f0a talgildu nomadarnir \u00ed 2026 koma til V\u00e1gs.<\/li>\n<\/ul>\n\n\n\n<p><em><strong>Eitt arbei\u00f0sl\u00edv \u2013 eitt lokalsamfelag<\/strong><\/em><\/p>\n\n\n\n<p>Workation Week er eitt royndar\u00e1tak, sum sameinir arbei\u00f0sl\u00edv, fer\u00f0avinnu og lokala menning \u2013 har t\u00fa arbei\u00f0ir a\u00f0rasta\u00f0ni enn vanliga og samstundis gevur naka\u00f0 aftur til eitt lokalsamfelag.<\/p>\n\n\n\n<p><strong>\u00c1huga\u00f0\/ur?<\/strong><\/p>\n\n\n\n<p>Skriva til info@vagur.fo ella ring \u00e1 239390 fyri meira kunning og at b\u00edleggja pl\u00e1ss. Freistin at b\u00edleggja pl\u00e1ss er 8. februar 2026.<\/p>\n","protected":false},"excerpt":{"rendered":"<p>Arbei\u00f0, uppliv og ger mun \u2013 \u00ed F\u00f8royum Workation Week er eitt n\u00fdtt fer\u00f0avinnu\u00e1tak \u00ed V\u00e1gi, \u00e6tla\u00f0 f\u00f8royingum, i\u00f0 kunnu arbei\u00f0a fjararbei\u00f0i \u2013 ella \u00ed samr\u00e1\u00f0 vi\u00f0 arbei\u00f0spl\u00e1ssi\u00f0 br\u00faka eina viku \u00ed V\u00e1gi. T\u00fa flytir arbei\u00f0spl\u00e1ssi\u00f0 til V\u00e1gs \u00ed eina viku, arbei\u00f0ir sum vanligt og gerst samstundis partur av einum livandi lokalum og sosialum samfelagi. [&hellip;]<\/p>\n","protected":false},"author":24,"featured_media":41715,"comment_status":"closed","ping_status":"closed","sticky":false,"template":"","format":"standard","meta":{"ngg_post_thumbnail":0,"footnotes":""},"categories":[1],"tags":[],"class_list":["post-41714","post","type-post","status-publish","format-standard","has-post-thumbnail","hentry","category-tidindi"],"publishpress_future_action":{"enabled":false,"date":"2026-05-04 07:54:43","action":"change-status","newStatus":"draft","terms":[],"taxonomy":"category","extraData":[]},"publishpress_future_workflow_manual_trigger":{"enabledWorkflows":[]},"_links":{"self":[{"href":"https:\/\/sudurras.fo\/index.php?rest_route=\/wp\/v2\/posts\/41714","targetHints":{"allow":["GET"]}}],"collection":[{"href":"https:\/\/sudurras.fo\/index.php?rest_route=\/wp\/v2\/posts"}],"about":[{"href":"https:\/\/sudurras.fo\/index.php?rest_route=\/wp\/v2\/types\/post"}],"author":[{"embeddable":true,"href":"https:\/\/sudurras.fo\/index.php?rest_route=\/wp\/v2\/users\/24"}],"replies":[{"embeddable":true,"href":"https:\/\/sudurras.fo\/index.php?rest_route=%2Fwp%2Fv2%2Fcomments&post=41714"}],"version-history":[{"count":1,"href":"https:\/\/sudurras.fo\/index.php?rest_route=\/wp\/v2\/posts\/41714\/revisions"}],"predecessor-version":[{"id":41716,"href":"https:\/\/sudurras.fo\/index.php?rest_route=\/wp\/v2\/posts\/41714\/revisions\/41716"}],"wp:featuredmedia":[{"embeddable":true,"href":"https:\/\/sudurras.fo\/index.php?rest_route=\/wp\/v2\/media\/41715"}],"wp:attachment":[{"href":"https:\/\/sudurras.fo\/index.php?rest_route=%2Fwp%2Fv2%2Fmedia&parent=41714"}],"wp:term":[{"taxonomy":"category","embeddable":true,"href":"https:\/\/sudurras.fo\/index.php?rest_route=%2Fwp%2Fv2%2Fcategories&post=41714"},{"taxonomy":"post_tag","embeddable":true,"href":"https:\/\/sudurras.fo\/index.php?rest_route=%2Fwp%2Fv2%2Ftags&post=41714"}],"curies":[{"name":"wp","href":"https:\/\/api.w.org\/{rel}","templated":true}]}}