{"id":41737,"date":"2026-01-23T18:35:40","date_gmt":"2026-01-23T18:35:40","guid":{"rendered":"https:\/\/sudurras.fo\/?p=41737"},"modified":"2026-01-23T18:35:40","modified_gmt":"2026-01-23T18:35:40","slug":"pall-og-eydtor-vid-u19-imoti-samalandi","status":"publish","type":"post","link":"https:\/\/sudurras.fo\/?p=41737","title":{"rendered":"P\u00e1ll og Ey\u00f0t\u00f3r vi\u00f0 U19 \u00edm\u00f3ti S\u00e1malandi"},"content":{"rendered":"\n<p><strong>Fr\u00f3\u00f0i Benjaminsen, venjari hj\u00e1 U19 landsli\u00f0num vi\u00f0 dreingjum, hevur \u00fattiki\u00f0 18 leikarar til dystin m\u00f3ti S\u00e1malandi, sum ver\u00f0ur \u00e1 T\u00f3rsv\u00f8lli h\u00f3sdagin 29. januar klokkan 15:00<\/strong><\/p>\n\n\n\n<p>\u2013 H\u00f3ast vit l\u00edti\u00f0 og einki vita um m\u00f3tst\u00f8\u00f0una, so taka vit hesa uppg\u00e1vuna \u00ed st\u00f8rsta \u00e1lvara, og \u00e6tla okkum sj\u00e1lvandi at vinna. Men dysturin ver\u00f0ur eisini br\u00faktur sum partur av fyrireikingunum til EM, sum ver\u00f0ur \u00ed mars, og t\u00ed er upplagt at royna okkurt av t\u00ed, sum vit hava lagt dent \u00e1 \u00ed venjingunum.<\/p>\n\n\n\n<p>Ta\u00f0 sigur Fr\u00f3\u00f0i Benjaminsen, venjari hj\u00e1 U19 landsli\u00f0num vi\u00f0 dreingjum, undan venjingardystinum m\u00f3ti S\u00e1malandi, sum ver\u00f0ur \u00e1 T\u00f3rsv\u00f8lli h\u00f3sdagin 29. januar klokkan 15:00.<\/p>\n\n\n\n<p>Umframt at sp\u00e6la \u00edm\u00f3ti f\u00f8royska U19 landsli\u00f0num, skulu s\u00e1misku dreingirnir eisini m\u00f8ta U18 li\u00f0num hj\u00e1 HB. Tann dysturin ver\u00f0ur leygardagin 31. januar klokkan 15:00.<\/p>\n\n\n\n<p>S\u00e1mar koma eisini hendan vegin vi\u00f0 einum gentuli\u00f0i, sum skal sp\u00e6la tveir venjingardystir m\u00f3ti f\u00f8royska U19 landsli\u00f0num. Tann fyrri ver\u00f0ur h\u00f3sdagin 29. januar klokkan 17:00, me\u00f0an seinni dysturin ver\u00f0ur leygardagin 31. januar klokkan 13:00.<\/p>\n\n\n\n<p>Teir 18, i\u00f0 Fr\u00f3\u00f0i Benjaminsen hevur bo\u00f0sent, eru hesir:<br>Tr\u00f3ndur Sj\u00far\u00f0arson, HB<br>Markus Johansen, 07 Vestur<br>J\u00f3el Tr\u00f3ndargj\u00f3gv, NS\u00cd<br>Benadiktus Olsen, NS\u00cd<br>Markus Danielsen, NS\u00cd<br>Rasmus Helgason, 07 Vestur<br>J\u00f3han K. Jansson, V\u00edkingur<br>Jens Eiler Samsson, V\u00edkingur<br>Kristian Jacobsen, V\u00edkingur<br>Silas B. Joensen, HB<br>J\u00f3gvan \u00ed Lon, HB<br>J\u00f3gvan \u00ed Sk\u00e1la, HB<br>H\u00f8gni \u00e1 Steig, K\u00cd<br>Dj\u00f3ni Sivertsen, B36<br>Heini S\u00f3lheim Guttesen, B36<br>J\u00f3nas Samuelsen, B68<br>P\u00e1ll Johannesen, FC Su\u00f0uroy<br>Ey\u00f0t\u00f3r Ey\u00f0steinsson Joensen, TB<\/p>\n\n\n\n<p>\u00cd EM undankappingini, sum ver\u00f0ur \u00ed Ni\u00f0urlondum fr\u00e1 25. til 31. mars, eru F\u00f8royar \u00ed b\u00f3lki vi\u00f0 Ni\u00f0urlondum, Nor\u00f0urmaked\u00f3nia og Moldova.<\/p>\n","protected":false},"excerpt":{"rendered":"<p>Fr\u00f3\u00f0i Benjaminsen, venjari hj\u00e1 U19 landsli\u00f0num vi\u00f0 dreingjum, hevur \u00fattiki\u00f0 18 leikarar til dystin m\u00f3ti S\u00e1malandi, sum ver\u00f0ur \u00e1 T\u00f3rsv\u00f8lli h\u00f3sdagin 29. januar klokkan 15:00 \u2013 H\u00f3ast vit l\u00edti\u00f0 og einki vita um m\u00f3tst\u00f8\u00f0una, so taka vit hesa uppg\u00e1vuna \u00ed st\u00f8rsta \u00e1lvara, og \u00e6tla okkum sj\u00e1lvandi at vinna. Men dysturin ver\u00f0ur eisini br\u00faktur sum partur [&hellip;]<\/p>\n","protected":false},"author":23,"featured_media":41738,"comment_status":"closed","ping_status":"closed","sticky":false,"template":"","format":"standard","meta":{"ngg_post_thumbnail":0,"footnotes":""},"categories":[2],"tags":[],"class_list":["post-41737","post","type-post","status-publish","format-standard","has-post-thumbnail","hentry","category-itrottur"],"publishpress_future_action":{"enabled":false,"date":"2026-05-04 07:52:10","action":"change-status","newStatus":"draft","terms":[],"taxonomy":"category","extraData":[]},"publishpress_future_workflow_manual_trigger":{"enabledWorkflows":[]},"_links":{"self":[{"href":"https:\/\/sudurras.fo\/index.php?rest_route=\/wp\/v2\/posts\/41737","targetHints":{"allow":["GET"]}}],"collection":[{"href":"https:\/\/sudurras.fo\/index.php?rest_route=\/wp\/v2\/posts"}],"about":[{"href":"https:\/\/sudurras.fo\/index.php?rest_route=\/wp\/v2\/types\/post"}],"author":[{"embeddable":true,"href":"https:\/\/sudurras.fo\/index.php?rest_route=\/wp\/v2\/users\/23"}],"replies":[{"embeddable":true,"href":"https:\/\/sudurras.fo\/index.php?rest_route=%2Fwp%2Fv2%2Fcomments&post=41737"}],"version-history":[{"count":1,"href":"https:\/\/sudurras.fo\/index.php?rest_route=\/wp\/v2\/posts\/41737\/revisions"}],"predecessor-version":[{"id":41739,"href":"https:\/\/sudurras.fo\/index.php?rest_route=\/wp\/v2\/posts\/41737\/revisions\/41739"}],"wp:featuredmedia":[{"embeddable":true,"href":"https:\/\/sudurras.fo\/index.php?rest_route=\/wp\/v2\/media\/41738"}],"wp:attachment":[{"href":"https:\/\/sudurras.fo\/index.php?rest_route=%2Fwp%2Fv2%2Fmedia&parent=41737"}],"wp:term":[{"taxonomy":"category","embeddable":true,"href":"https:\/\/sudurras.fo\/index.php?rest_route=%2Fwp%2Fv2%2Fcategories&post=41737"},{"taxonomy":"post_tag","embeddable":true,"href":"https:\/\/sudurras.fo\/index.php?rest_route=%2Fwp%2Fv2%2Ftags&post=41737"}],"curies":[{"name":"wp","href":"https:\/\/api.w.org\/{rel}","templated":true}]}}