{"id":41769,"date":"2026-01-27T15:23:39","date_gmt":"2026-01-27T15:23:39","guid":{"rendered":"https:\/\/sudurras.fo\/?p=41769"},"modified":"2026-01-27T16:54:29","modified_gmt":"2026-01-27T16:54:29","slug":"taenastugjald-a-tom-hus-i-hvalbiar-og-tvoroyrar-kommunu-men-ikki-i-vags-kommunu","status":"publish","type":"post","link":"https:\/\/sudurras.fo\/?p=41769","title":{"rendered":"T\u00e6nastugjald \u00e1 t\u00f3m h\u00fas \u00ed Hvalbiar og Tv\u00f8royrar kommunu, men ikki \u00ed V\u00e1gs kommunu"},"content":{"rendered":"\n<p>N\u00fa hava tr\u00edggjar av st\u00f3ru kommunum \u00ed Su\u00f0uroynni &#8211; Tv\u00f8royar, V\u00e1gs og Hvalbiar kommuna &#8211; vi\u00f0gj\u00f8rt spurningin um at leggja t\u00e6nastugjald \u00e1 t\u00f3m h\u00fas. Og greitt er n\u00fa eisini, at tv\u00e6r av teimum st\u00f3ru kommununum leggja t\u00e6nastugjald \u00e1 t\u00f3m h\u00fas, me\u00f0an ein ikki fer at leggja t\u00e6nastugjald \u00e1 t\u00f3m h\u00fas.<\/p>\n\n\n\n<p><\/p>\n\n\n\n<p><strong>T\u00e6nastugjald \u00e1 t\u00f3m h\u00fas \u00ed Hvalbiar- og Tv\u00f8royrar kommunu<\/strong> <\/p>\n\n\n\n<p>Hvalbiar kommuna samtykti \u00ed desember 2025 at br\u00faka heimildina at leggja t\u00e6nastugj\u00f8ld \u00e1 t\u00f3m h\u00fas og leggja eitt t\u00e6nastu gjald \u00e1 t\u00f3m h\u00fas \u00ed Hvalbiar kommunu. T\u00e6nastugjaldi\u00f0 \u00ed Hvalbiar kommunu ver\u00f0ur 7.945 kr. um \u00e1ri\u00f0, sum er ta\u00f0 h\u00e6gsta, t\u00e6nastugjaldi\u00f0 kann ver\u00f0a \u00ed 2026.<\/p>\n\n\n\n<p>Eisini Tv\u00f8royrar kommuna samtykti \u00ed desember 2025 at leggja t\u00e6nastugjald \u00e1 t\u00f3m h\u00fas \u00ed Tv\u00f8royrar kommunu. Ta\u00f0 t\u00e6nastugjaldi\u00f0 ver\u00f0ur 6.700 kr. um \u00e1ri\u00f0, men hevur Tv\u00f8royrar kommuna eisini samtykt, at t\u00e6nastugjaldi\u00f0 skal endursko\u00f0a\u00f0ast undan \u00e1rskiftinum hv\u00f8rt \u00e1r. Skoytast kann upp\u00ed, at Tv\u00f8royrar kommuna v\u00e6ntar at f\u00e1a umlei\u00f0 500.000 kr. inn \u00ed t\u00e6nastugjaldi\u00f0 2026.<\/p>\n\n\n\n<p><\/p>\n\n\n\n<p><strong>V\u00e1gs kommuna onki t\u00e6nastugjald<\/strong><\/p>\n\n\n\n<p>\u00c1 b\u00fdr\u00e1\u00f0sfundinum m\u00e1nakv\u00f8ldi\u00f0 vi\u00f0gj\u00f8rdi V\u00e1gs kommuna eitt uppskot fr\u00e1 f\u00fdra b\u00fdr\u00e1\u00f0slimum (Arna D. Brattaberg, B\u00e1r\u00f0ur G. Nielsen, R\u00f3gvi K\u00e6rbech og J\u00f3nleyg O. Finnsd\u00f3ttir) um at leggja t\u00e6nastugjald \u00e1 t\u00f3m h\u00fas \u00ed V\u00e1gi.<\/p>\n\n\n\n<p>Ta\u00f0 eru umlei\u00f0 110 t\u00f3m h\u00fas \u00ed V\u00e1gs kommunu og var\u00f0 mett, at t\u00e6nastugjaldi\u00f0 f\u00f3r at geva eini 850.000 kr. \u00ed innt\u00f8kum hj\u00e1 V\u00e1gs kommunu.<\/p>\n\n\n\n<p>T\u00e1 atkv\u00f8tt var\u00f0 um m\u00e1li\u00f0, atkv\u00f8ddu f\u00fdra fyri m\u00e1linum og fimm b\u00fdr\u00e1\u00f0slimir atkv\u00f8ddu \u00edm\u00f3ti, og sostatt fer V\u00e1gs kommuna ikki at leggja t\u00e6nastugjald \u00e1 t\u00f3m h\u00fas \u00ed 2026.<\/p>\n\n\n\n<p><\/p>\n\n\n\n<p><strong>N\u00f3gv t\u00f3m h\u00fas \u00ed Su\u00f0uroynni<\/strong><\/p>\n\n\n\n<p>T\u00e1 l\u00f3garuppskoti\u00f0 um t\u00e6nastugjald \u00e1 t\u00f3m h\u00fas var til vi\u00f0ger\u00f0ar \u00ed L\u00f8gtinginum \u00e1 v\u00e1ri 2025, var\u00f0 greitt fr\u00e1, at omanfyri 2.500 h\u00fas standa t\u00f3m kring landi\u00f0. V\u00edst var\u00f0 eisini \u00e1, at umlei\u00f0 20% av \u00f8llum h\u00fasum \u00ed Su\u00f0uroynni standa t\u00f3m.<\/p>\n\n\n\n<p><\/p>\n","protected":false},"excerpt":{"rendered":"<p>N\u00fa hava tr\u00edggjar av st\u00f3ru kommunum \u00ed Su\u00f0uroynni &#8211; Tv\u00f8royar, V\u00e1gs og Hvalbiar kommuna &#8211; vi\u00f0gj\u00f8rt spurningin um at leggja t\u00e6nastugjald \u00e1 t\u00f3m h\u00fas. Og greitt er n\u00fa eisini, at tv\u00e6r av teimum st\u00f3ru kommununum leggja t\u00e6nastugjald \u00e1 t\u00f3m h\u00fas, me\u00f0an ein ikki fer at leggja t\u00e6nastugjald \u00e1 t\u00f3m h\u00fas. T\u00e6nastugjald \u00e1 t\u00f3m h\u00fas \u00ed [&hellip;]<\/p>\n","protected":false},"author":23,"featured_media":41777,"comment_status":"closed","ping_status":"closed","sticky":false,"template":"","format":"standard","meta":{"ngg_post_thumbnail":0,"footnotes":""},"categories":[1],"tags":[],"class_list":["post-41769","post","type-post","status-publish","format-standard","has-post-thumbnail","hentry","category-tidindi"],"publishpress_future_action":{"enabled":false,"date":"2026-05-07 17:47:34","action":"change-status","newStatus":"draft","terms":[],"taxonomy":"category","extraData":[]},"publishpress_future_workflow_manual_trigger":{"enabledWorkflows":[]},"_links":{"self":[{"href":"https:\/\/sudurras.fo\/index.php?rest_route=\/wp\/v2\/posts\/41769","targetHints":{"allow":["GET"]}}],"collection":[{"href":"https:\/\/sudurras.fo\/index.php?rest_route=\/wp\/v2\/posts"}],"about":[{"href":"https:\/\/sudurras.fo\/index.php?rest_route=\/wp\/v2\/types\/post"}],"author":[{"embeddable":true,"href":"https:\/\/sudurras.fo\/index.php?rest_route=\/wp\/v2\/users\/23"}],"replies":[{"embeddable":true,"href":"https:\/\/sudurras.fo\/index.php?rest_route=%2Fwp%2Fv2%2Fcomments&post=41769"}],"version-history":[{"count":2,"href":"https:\/\/sudurras.fo\/index.php?rest_route=\/wp\/v2\/posts\/41769\/revisions"}],"predecessor-version":[{"id":41776,"href":"https:\/\/sudurras.fo\/index.php?rest_route=\/wp\/v2\/posts\/41769\/revisions\/41776"}],"wp:featuredmedia":[{"embeddable":true,"href":"https:\/\/sudurras.fo\/index.php?rest_route=\/wp\/v2\/media\/41777"}],"wp:attachment":[{"href":"https:\/\/sudurras.fo\/index.php?rest_route=%2Fwp%2Fv2%2Fmedia&parent=41769"}],"wp:term":[{"taxonomy":"category","embeddable":true,"href":"https:\/\/sudurras.fo\/index.php?rest_route=%2Fwp%2Fv2%2Fcategories&post=41769"},{"taxonomy":"post_tag","embeddable":true,"href":"https:\/\/sudurras.fo\/index.php?rest_route=%2Fwp%2Fv2%2Ftags&post=41769"}],"curies":[{"name":"wp","href":"https:\/\/api.w.org\/{rel}","templated":true}]}}