{"id":41771,"date":"2026-01-27T15:11:00","date_gmt":"2026-01-27T15:11:00","guid":{"rendered":"https:\/\/sudurras.fo\/?p=41771"},"modified":"2026-01-27T15:28:23","modified_gmt":"2026-01-27T15:28:23","slug":"visti-tu-at-fleiri-og-fleiri-velja-at-faa-saer-solorkuverk","status":"publish","type":"post","link":"https:\/\/sudurras.fo\/?p=41771","title":{"rendered":"Visti t\u00fa, at fleiri og fleiri velja at f\u00e1a s\u00e6r s\u00f3lorkuverk?"},"content":{"rendered":"\n<p>S\u00f3lorka er \u00ed framgongd, og umframt s\u00f3lorkuverkini hj\u00e1 Sev, eru onnur privat munandi s\u00f3lorkuverk sett upp.<\/p>\n\n\n\n<p>\u00cd F\u00f8royum eru \u00ed l\u00f8tuni skr\u00e1sett 57 st\u00f8rri og sm\u00e6rri s\u00f3lorkuverk kring alt landi\u00f0, sum framlei\u00f0a inn \u00e1 elneti\u00f0 hj\u00e1 Sev.<\/p>\n\n\n\n<p>Verki\u00f0 hj\u00e1 Sev \u00ed Sumba framleiddi 184.000 kWt, sum er 5% meira enn \u00ed 2024, me\u00f0an onnur s\u00f3lorkuverk hj\u00e1 Sev \u00e1vikavist \u00e1 Landavegnum og \u00e1 Strond komu upp \u00e1 23.442 kWt \u00ed 2025.<\/p>\n\n\n\n<p>S\u00f3lorkuverk hj\u00e1 privatum fyrit\u00f8kum og h\u00fasarhaldum framleiddu tilsamans 387.553 kWt, og hava privat s\u00f3lorkuverk n\u00fa yvirh\u00e1la\u00f0 framlei\u00f0sluna hj\u00e1 Sev. Tilsamans var framlei\u00f0slan \u00far s\u00f3l sm\u00e1ar 595.000 kWt, svarandi til uml. 120 tons av spardari olju.<\/p>\n\n\n\n<p>&#8220;Ta\u00f0 er gott at s\u00edggja, at alsamt fleiri velja at f\u00e1a s\u00e6r s\u00f3lorkuverk&#8221;, sigur Heri Mortensen, deildarstj\u00f3ri fyri framlei\u00f0sluna hj\u00e1 Sev. &#8220;S\u00f3lorkuframlei\u00f0sla kann koma til at gera st\u00f3ran mun j\u00fast \u00ed teimum m\u00e1na\u00f0unum, t\u00e1 minni er til av regni og vindi.&#8221;<\/p>\n\n\n\n<p>St\u00f3rur munur er \u00e1, hvussu n\u00f3gv framlei\u00f0sla er summar og vetur. Ni\u00f0anfyri standandi mynd er yvirlit yvir \u00e1rsframlei\u00f0sluna \u00e1 s\u00f3lorkuverkinum \u00ed Sumba \u00ed 2025.Visti t\u00fa, at fleiri og fleiri velja at f\u00e1a s\u00e6r s\u00f3lorkuverk?<\/p>\n","protected":false},"excerpt":{"rendered":"<p>S\u00f3lorka er \u00ed framgongd, og umframt s\u00f3lorkuverkini hj\u00e1 Sev, eru onnur privat munandi s\u00f3lorkuverk sett upp. \u00cd F\u00f8royum eru \u00ed l\u00f8tuni skr\u00e1sett 57 st\u00f8rri og sm\u00e6rri s\u00f3lorkuverk kring alt landi\u00f0, sum framlei\u00f0a inn \u00e1 elneti\u00f0 hj\u00e1 Sev. Verki\u00f0 hj\u00e1 Sev \u00ed Sumba framleiddi 184.000 kWt, sum er 5% meira enn \u00ed 2024, me\u00f0an onnur s\u00f3lorkuverk [&hellip;]<\/p>\n","protected":false},"author":23,"featured_media":41772,"comment_status":"closed","ping_status":"closed","sticky":false,"template":"","format":"standard","meta":{"ngg_post_thumbnail":0,"footnotes":""},"categories":[1],"tags":[],"class_list":["post-41771","post","type-post","status-publish","format-standard","has-post-thumbnail","hentry","category-tidindi"],"publishpress_future_action":{"enabled":false,"date":"2026-05-07 17:56:31","action":"change-status","newStatus":"draft","terms":[],"taxonomy":"category","extraData":[]},"publishpress_future_workflow_manual_trigger":{"enabledWorkflows":[]},"_links":{"self":[{"href":"https:\/\/sudurras.fo\/index.php?rest_route=\/wp\/v2\/posts\/41771","targetHints":{"allow":["GET"]}}],"collection":[{"href":"https:\/\/sudurras.fo\/index.php?rest_route=\/wp\/v2\/posts"}],"about":[{"href":"https:\/\/sudurras.fo\/index.php?rest_route=\/wp\/v2\/types\/post"}],"author":[{"embeddable":true,"href":"https:\/\/sudurras.fo\/index.php?rest_route=\/wp\/v2\/users\/23"}],"replies":[{"embeddable":true,"href":"https:\/\/sudurras.fo\/index.php?rest_route=%2Fwp%2Fv2%2Fcomments&post=41771"}],"version-history":[{"count":1,"href":"https:\/\/sudurras.fo\/index.php?rest_route=\/wp\/v2\/posts\/41771\/revisions"}],"predecessor-version":[{"id":41773,"href":"https:\/\/sudurras.fo\/index.php?rest_route=\/wp\/v2\/posts\/41771\/revisions\/41773"}],"wp:featuredmedia":[{"embeddable":true,"href":"https:\/\/sudurras.fo\/index.php?rest_route=\/wp\/v2\/media\/41772"}],"wp:attachment":[{"href":"https:\/\/sudurras.fo\/index.php?rest_route=%2Fwp%2Fv2%2Fmedia&parent=41771"}],"wp:term":[{"taxonomy":"category","embeddable":true,"href":"https:\/\/sudurras.fo\/index.php?rest_route=%2Fwp%2Fv2%2Fcategories&post=41771"},{"taxonomy":"post_tag","embeddable":true,"href":"https:\/\/sudurras.fo\/index.php?rest_route=%2Fwp%2Fv2%2Ftags&post=41771"}],"curies":[{"name":"wp","href":"https:\/\/api.w.org\/{rel}","templated":true}]}}