{"id":41786,"date":"2026-01-27T20:15:56","date_gmt":"2026-01-27T20:15:56","guid":{"rendered":"https:\/\/sudurras.fo\/?p=41786"},"modified":"2026-01-27T20:15:57","modified_gmt":"2026-01-27T20:15:57","slug":"taenastugjold-a-tom-hus-i-famjin-men-ikki-i-porkeri","status":"publish","type":"post","link":"https:\/\/sudurras.fo\/?p=41786","title":{"rendered":"T\u00e6nastugj\u00f8ld \u00e1 t\u00f3m h\u00fas \u00ed F\u00e1mjin, men ikki \u00ed Porkeri"},"content":{"rendered":"\n<p>Porkeris kommuna vi\u00f0gj\u00f8rd \u00ed desember spurningin um t\u00e6nastugj\u00f8ld \u00e1 t\u00f3m h\u00fas. \u00c1sa Holm, borgarstj\u00f3ri grei\u00f0ir fr\u00e1, at tey hava avgj\u00f8rt ikki at leggja t\u00e6nastugj\u00f8ld \u00e1 h\u00fas, t\u00ed ta\u00f0 eru \u00ed l\u00f8tuni ikki n\u00f3gv t\u00f3m h\u00fas \u00ed Porkeri. Ein onnur ors\u00f8k er, at ta\u00f0 krevur n\u00f3gv av umsitingini \u00ed einari l\u00edtlari kommunu at krevja inn t\u00e6nastugjaldi\u00f0. Borgarstj\u00f3rin leggur afturat, at um ta\u00f0 gerst ein avbj\u00f3\u00f0ing vi\u00f0 n\u00f3gvum t\u00f3mum h\u00fasum, so fara tey at taka m\u00e1li\u00f0 uppaftur.<\/p>\n\n\n\n<p><\/p>\n\n\n\n<p><strong>T\u00e6nastugjald \u00e1 t\u00f3m h\u00fas \u00ed F\u00e1mjin<\/strong><\/p>\n\n\n\n<p>\u00cd minstu kommunu \u00ed Su\u00f0uroynni, F\u00e1mjin, hava tey gj\u00f8rt av at leggja t\u00e6nastugj\u00f8ld \u00e1 t\u00f3m h\u00fas. Hetta var\u00f0 einm\u00e6lt samtykt \u00ed kommunust\u00fdrinum og t\u00e6nastugjaldi\u00f0 ver\u00f0ur 7.000 kr. um \u00e1ri\u00f0.<\/p>\n\n\n\n<p><\/p>\n\n\n\n<p><em>Lesast kann um t\u00e6nastugj\u00f8ld \u00ed hinum kommunum \u00ed Su\u00f0uroynni \u00ed greinunum ni\u00f0anfyri<\/em>.<\/p>\n\n\n\n<figure class=\"wp-block-embed is-type-wp-embed is-provider-su-eth-uroyarportalurin wp-block-embed-su-eth-uroyarportalurin\"><div class=\"wp-block-embed__wrapper\">\n<blockquote class=\"wp-embedded-content\" data-secret=\"bZeOLn2V50\"><a href=\"https:\/\/sudurras.fo\/?p=41782\">T\u00e6nastugj\u00f8ld \u00e1 h\u00fas: Sumbiar og Hovs kommunur ikki tiki\u00f0 st\u00f8\u00f0u enn<\/a><\/blockquote><iframe loading=\"lazy\" class=\"wp-embedded-content\" sandbox=\"allow-scripts\" security=\"restricted\" style=\"position: absolute; visibility: hidden;\" title=\"&#8220;T\u00e6nastugj\u00f8ld \u00e1 h\u00fas: Sumbiar og Hovs kommunur ikki tiki\u00f0 st\u00f8\u00f0u enn&#8221; &#8212; Su&eth;uroyarportalurin\" src=\"https:\/\/sudurras.fo\/?p=41782&#038;embed=true#?secret=87QjO2tuRo#?secret=bZeOLn2V50\" data-secret=\"bZeOLn2V50\" width=\"600\" height=\"338\" frameborder=\"0\" marginwidth=\"0\" marginheight=\"0\" scrolling=\"no\"><\/iframe>\n<\/div><\/figure>\n\n\n\n<figure class=\"wp-block-embed is-type-wp-embed is-provider-su-eth-uroyarportalurin wp-block-embed-su-eth-uroyarportalurin\"><div class=\"wp-block-embed__wrapper\">\n<blockquote class=\"wp-embedded-content\" data-secret=\"oJJ5O9QihS\"><a href=\"https:\/\/sudurras.fo\/?p=41769\">T\u00e6nastugjald \u00e1 t\u00f3m h\u00fas \u00ed Hvalbiar og Tv\u00f8royrar kommunu, men ikki \u00ed V\u00e1gs kommunu<\/a><\/blockquote><iframe loading=\"lazy\" class=\"wp-embedded-content\" sandbox=\"allow-scripts\" security=\"restricted\" style=\"position: absolute; visibility: hidden;\" title=\"&#8220;T\u00e6nastugjald \u00e1 t\u00f3m h\u00fas \u00ed Hvalbiar og Tv\u00f8royrar kommunu, men ikki \u00ed V\u00e1gs kommunu&#8221; &#8212; Su&eth;uroyarportalurin\" src=\"https:\/\/sudurras.fo\/?p=41769&#038;embed=true#?secret=Un5P4i9Icv#?secret=oJJ5O9QihS\" data-secret=\"oJJ5O9QihS\" width=\"600\" height=\"338\" frameborder=\"0\" marginwidth=\"0\" marginheight=\"0\" scrolling=\"no\"><\/iframe>\n<\/div><\/figure>\n","protected":false},"excerpt":{"rendered":"<p>Porkeris kommuna vi\u00f0gj\u00f8rd \u00ed desember spurningin um t\u00e6nastugj\u00f8ld \u00e1 t\u00f3m h\u00fas. \u00c1sa Holm, borgarstj\u00f3ri grei\u00f0ir fr\u00e1, at tey hava avgj\u00f8rt ikki at leggja t\u00e6nastugj\u00f8ld \u00e1 h\u00fas, t\u00ed ta\u00f0 eru \u00ed l\u00f8tuni ikki n\u00f3gv t\u00f3m h\u00fas \u00ed Porkeri. Ein onnur ors\u00f8k er, at ta\u00f0 krevur n\u00f3gv av umsitingini \u00ed einari l\u00edtlari kommunu at krevja inn t\u00e6nastugjaldi\u00f0. [&hellip;]<\/p>\n","protected":false},"author":23,"featured_media":13528,"comment_status":"closed","ping_status":"closed","sticky":false,"template":"","format":"standard","meta":{"ngg_post_thumbnail":0,"footnotes":""},"categories":[1],"tags":[],"class_list":["post-41786","post","type-post","status-publish","format-standard","has-post-thumbnail","hentry","category-tidindi"],"publishpress_future_action":{"enabled":false,"date":"2026-05-07 17:39:13","action":"change-status","newStatus":"draft","terms":[],"taxonomy":"category","extraData":[]},"publishpress_future_workflow_manual_trigger":{"enabledWorkflows":[]},"_links":{"self":[{"href":"https:\/\/sudurras.fo\/index.php?rest_route=\/wp\/v2\/posts\/41786","targetHints":{"allow":["GET"]}}],"collection":[{"href":"https:\/\/sudurras.fo\/index.php?rest_route=\/wp\/v2\/posts"}],"about":[{"href":"https:\/\/sudurras.fo\/index.php?rest_route=\/wp\/v2\/types\/post"}],"author":[{"embeddable":true,"href":"https:\/\/sudurras.fo\/index.php?rest_route=\/wp\/v2\/users\/23"}],"replies":[{"embeddable":true,"href":"https:\/\/sudurras.fo\/index.php?rest_route=%2Fwp%2Fv2%2Fcomments&post=41786"}],"version-history":[{"count":1,"href":"https:\/\/sudurras.fo\/index.php?rest_route=\/wp\/v2\/posts\/41786\/revisions"}],"predecessor-version":[{"id":41787,"href":"https:\/\/sudurras.fo\/index.php?rest_route=\/wp\/v2\/posts\/41786\/revisions\/41787"}],"wp:featuredmedia":[{"embeddable":true,"href":"https:\/\/sudurras.fo\/index.php?rest_route=\/wp\/v2\/media\/13528"}],"wp:attachment":[{"href":"https:\/\/sudurras.fo\/index.php?rest_route=%2Fwp%2Fv2%2Fmedia&parent=41786"}],"wp:term":[{"taxonomy":"category","embeddable":true,"href":"https:\/\/sudurras.fo\/index.php?rest_route=%2Fwp%2Fv2%2Fcategories&post=41786"},{"taxonomy":"post_tag","embeddable":true,"href":"https:\/\/sudurras.fo\/index.php?rest_route=%2Fwp%2Fv2%2Ftags&post=41786"}],"curies":[{"name":"wp","href":"https:\/\/api.w.org\/{rel}","templated":true}]}}