{"id":41804,"date":"2026-01-28T15:04:38","date_gmt":"2026-01-28T15:04:38","guid":{"rendered":"https:\/\/sudurras.fo\/?p=41804"},"modified":"2026-01-28T17:47:05","modified_gmt":"2026-01-28T17:47:05","slug":"umleid-440-hus-tom-i-suduroynni-og-folk-faa-ikki-bustad","status":"publish","type":"post","link":"https:\/\/sudurras.fo\/?p=41804","title":{"rendered":"Umlei\u00f0 440 h\u00fas t\u00f3m \u00ed Su\u00f0uroynni \u2013 og f\u00f3lk f\u00e1a ikki b\u00fasta\u00f0?"},"content":{"rendered":"\n<p>Samb\u00e6rt uppger\u00f0 fr\u00e1 Kommunufelagnum eru ta\u00f0 umlei\u00f0 2.200 h\u00fas \u00ed Su\u00f0uroynni, av teimum standa umlei\u00f0 20% t\u00f3m. Ta\u00f0 vil siga, at ta\u00f0 standa umlei\u00f0 440 h\u00fas t\u00f3m \u00ed Su\u00f0uroynni.<\/p>\n\n\n\n<p>Samstundis hoyra okur at kalla hv\u00f8rja viku um familjur, p\u00f8r, einlig foreldur og einstaklingar, sum leita eftir b\u00fasta\u00f0i \u00ed Su\u00f0uroynni \u2013 leita eftir h\u00fasum til keyps ella til langt\u00ed\u00f0arleigu.<\/p>\n\n\n\n<p>Sum skilst, er ta\u00f0 t\u00f3 ikki so einfalt at finna naka\u00f0 at b\u00fagva \u00ed, h\u00f3ast ta\u00f0 eru umlei\u00f0 440 h\u00fas t\u00f3m \u00ed Su\u00f0uroynni.<\/p>\n\n\n\n<p><\/p>\n\n\n\n<p><strong>Kommunurnar kunnu krevja t\u00e6nastugj\u00f8ld fyri t\u00f3m h\u00fas<\/strong><\/p>\n\n\n\n<p>Vi\u00f0 l\u00f3gini um T\u00e6nastugj\u00f8ld \u00e1 t\u00f3m b\u00fdli, sum var\u00f0 samtykt \u00ed L\u00f8gtinginum \u00e1 v\u00e1ri \u00ed 2025, hava kommunurnar fingi\u00f0 heimild at krevja t\u00e6nastugjald fyri t\u00f3m b\u00fdli.<\/p>\n\n\n\n<p>\u00cd l\u00f3gini \u00ed \u00a71 er \u00e1sett: \u201c<strong>\u00a7 1.<\/strong>&nbsp;Kommununum ver\u00f0ur heimila\u00f0 at krevja t\u00e6nastugjald fr\u00e1 eigarum av b\u00fdlum, har eingin er skr\u00e1settur at b\u00fagva samb\u00e6rt Landsf\u00f3lkayvirlitinum.\u201d. Hetta merkir so eisini, at um f\u00f3lk eru skr\u00e1sett at b\u00fagva \u00ed h\u00fasinum \/ b\u00fdlinum, so ver\u00f0ur ikki kravt t\u00e6nastugjald.<\/p>\n\n\n\n<p>T\u00e6nastugjaldi\u00f0 er eitt br\u00fakaragjald, sum skal f\u00edggja \u00fatrei\u00f0slur, sum kommunurnar hava av at veita \u00e1v\u00edsar t\u00e6nastur til hesi b\u00fdli.<\/p>\n\n\n\n<p><\/p>\n\n\n\n<p><strong>Eisini eggja til at leiga \u00fat ella at selja<\/strong><\/p>\n\n\n\n<p>Ein annar partur av endam\u00e1linum vi\u00f0 t\u00e6nastugjaldinum er eisini at eggja eigarum til at leiga \u00fat \u00ed langt\u00ed\u00f0arleigu ella at selja, um tey h\u00f3ast alt ikki br\u00faka h\u00fasini.<\/p>\n\n\n\n<p>J\u00fast hetta er eitt ambo\u00f0, sum kommunurnar \u00ed n\u00f3gv \u00e1r hava ynskt, fyri at for\u00f0a fyri, at ta\u00f0 standa ov n\u00f3gv t\u00f3m h\u00fas.<\/p>\n\n\n\n<p>Um f\u00f3lk so ikki vilja leiga \u00fat \u00ed langt\u00ed\u00f0arleigu ella selja, so gevur l\u00f3gin heimild til, at krevja at betalt ver\u00f0ur fyri t\u00e6r t\u00e6nasturnar, sum \u00f8ll h\u00fas \u00ed kommununum f\u00e1a.<\/p>\n\n\n\n<p>Var\u00f0 t\u00e6nastugjald kravt inn \u00ed \u00f8llum t\u00f3mum h\u00fasum \u00ed Su\u00f0uroynni, so hev\u00f0i hetta givi\u00f0 umlei\u00f0 3,5 mi\u00f3. kr. \u00ed innt\u00f8ku til kommunurnar \u00ed oynni (440 h\u00fas x 7.945 kr. sum er mest loyvda t\u00e6nastugjaldi\u00f0).<\/p>\n\n\n\n<p><\/p>\n\n\n\n<p><strong>Kommunurnar \u00ed Su\u00f0uroynni ymiskar \u00e1 m\u00e1li<\/strong><\/p>\n\n\n\n<p>Kommunurnar \u00ed Su\u00f0uroynni eru ikki samdar um at krevja inn t\u00e6nastugjald fyri t\u00f3m h\u00fas.<\/p>\n\n\n\n<p>Men um t\u00e6nastugjald \u00e1 t\u00f3m h\u00fas f\u00f8rir vi\u00f0 s\u00e6r, at fleiri h\u00fas ver\u00f0a leiga\u00f0i \u00fat \u00ed langt\u00ed\u00f0arleigu ella seld og f\u00f3lk flyta \u00ed tey t\u00f3mu h\u00fasini, so er hetta til st\u00f3ran fyrimun fyri kommunukassarnar, t\u00ed h\u00f8vu\u00f0sinnt\u00f8kurnar hj\u00e1 \u00f8llum kommunum eru innt\u00f8kur fr\u00e1 pers\u00f3ns-skatti \u2013 innt\u00f8kur fr\u00e1 f\u00f3lki, sum b\u00fagva \u00ed kommununum.<\/p>\n\n\n\n<p>T\u00ed eiga kommunurnar eisini at br\u00faka teir m\u00f8guleikar sum eru, sum kunnu leggja lunnar undir at f\u00f3lk seta b\u00fagv og f\u00f3lkatali\u00f0 veksur \u00ed kommununum \u2013 og har eru t\u00e6nastugjald \u00e1 t\u00f3m h\u00fas so eitt ambo\u00f0.<\/p>\n\n\n\n<p><\/p>\n\n\n\n<p>Dennis Holm<\/p>\n","protected":false},"excerpt":{"rendered":"<p>Samb\u00e6rt uppger\u00f0 fr\u00e1 Kommunufelagnum eru ta\u00f0 umlei\u00f0 2.200 h\u00fas \u00ed Su\u00f0uroynni, av teimum standa umlei\u00f0 20% t\u00f3m. Ta\u00f0 vil siga, at ta\u00f0 standa umlei\u00f0 440 h\u00fas t\u00f3m \u00ed Su\u00f0uroynni. Samstundis hoyra okur at kalla hv\u00f8rja viku um familjur, p\u00f8r, einlig foreldur og einstaklingar, sum leita eftir b\u00fasta\u00f0i \u00ed Su\u00f0uroynni \u2013 leita eftir h\u00fasum til keyps [&hellip;]<\/p>\n","protected":false},"author":23,"featured_media":41114,"comment_status":"closed","ping_status":"closed","sticky":false,"template":"","format":"standard","meta":{"ngg_post_thumbnail":0,"footnotes":""},"categories":[3],"tags":[],"class_list":["post-41804","post","type-post","status-publish","format-standard","has-post-thumbnail","hentry","category-lesarin-skrivar"],"publishpress_future_action":{"enabled":false,"date":"2026-05-07 18:09:06","action":"change-status","newStatus":"draft","terms":[],"taxonomy":"category","extraData":[]},"publishpress_future_workflow_manual_trigger":{"enabledWorkflows":[]},"_links":{"self":[{"href":"https:\/\/sudurras.fo\/index.php?rest_route=\/wp\/v2\/posts\/41804","targetHints":{"allow":["GET"]}}],"collection":[{"href":"https:\/\/sudurras.fo\/index.php?rest_route=\/wp\/v2\/posts"}],"about":[{"href":"https:\/\/sudurras.fo\/index.php?rest_route=\/wp\/v2\/types\/post"}],"author":[{"embeddable":true,"href":"https:\/\/sudurras.fo\/index.php?rest_route=\/wp\/v2\/users\/23"}],"replies":[{"embeddable":true,"href":"https:\/\/sudurras.fo\/index.php?rest_route=%2Fwp%2Fv2%2Fcomments&post=41804"}],"version-history":[{"count":3,"href":"https:\/\/sudurras.fo\/index.php?rest_route=\/wp\/v2\/posts\/41804\/revisions"}],"predecessor-version":[{"id":41807,"href":"https:\/\/sudurras.fo\/index.php?rest_route=\/wp\/v2\/posts\/41804\/revisions\/41807"}],"wp:featuredmedia":[{"embeddable":true,"href":"https:\/\/sudurras.fo\/index.php?rest_route=\/wp\/v2\/media\/41114"}],"wp:attachment":[{"href":"https:\/\/sudurras.fo\/index.php?rest_route=%2Fwp%2Fv2%2Fmedia&parent=41804"}],"wp:term":[{"taxonomy":"category","embeddable":true,"href":"https:\/\/sudurras.fo\/index.php?rest_route=%2Fwp%2Fv2%2Fcategories&post=41804"},{"taxonomy":"post_tag","embeddable":true,"href":"https:\/\/sudurras.fo\/index.php?rest_route=%2Fwp%2Fv2%2Ftags&post=41804"}],"curies":[{"name":"wp","href":"https:\/\/api.w.org\/{rel}","templated":true}]}}