{"id":41816,"date":"2026-01-29T16:43:56","date_gmt":"2026-01-29T16:43:56","guid":{"rendered":"https:\/\/sudurras.fo\/?p=41816"},"modified":"2026-01-29T16:43:57","modified_gmt":"2026-01-29T16:43:57","slug":"ein-starvslon-i-1-ar-og-tvaer-i-6-manadir","status":"publish","type":"post","link":"https:\/\/sudurras.fo\/?p=41816","title":{"rendered":"Ein starvsl\u00f8n \u00ed 1 \u00e1r og tv\u00e6r \u00ed 6 m\u00e1na\u00f0ir"},"content":{"rendered":"\n<p><strong>Mentanargrunnur Landsins<\/strong>: Nevndin \u00ed Mentanargrunni Landsins hevur gj\u00f8rt av at lata starvsl\u00f8n og \u00edverksetanarstu\u00f0ul til listaligt og mentanarligt arbei\u00f0i fyri 2026. St\u00f8\u00f0i\u00f0 \u00e1 ums\u00f3knum til starvsl\u00f8n og \u00edverksetanarstu\u00f0ul var sera h\u00f8gt til hetta stu\u00f0ulsumfari\u00f0 og grunnurin fekk n\u00f3gvar dygdarg\u00f3\u00f0ar ums\u00f3knir.<\/p>\n\n\n\n<p>Starvsl\u00f8n var\u00f0 latin&nbsp;<br>\u2022 Barbaru \u00ed Gongini, listaf\u00f3lki \u00ed 12 m\u00e1na\u00f0ir&nbsp;<br>\u2022 Annu Katrin \u00d8. Egilstr\u00f8\u00f0, t\u00f3naskaldi \u00ed 6 m\u00e1na\u00f0ir&nbsp;<br>\u2022 Kim Simonsen, rith\u00f8vundi \u00ed 6 m\u00e1na\u00f0ir<\/p>\n\n\n\n<p>Harumframt fingu 58 ums\u00f8kjarar starvsl\u00f8n \u00ed \u00e1vikavist 1, 2, 3, og 4 m\u00e1na\u00f0ir.<\/p>\n\n\n\n<p>Grunnurin fekk \u00ed alt 97 ums\u00f3knir, og s\u00f8kt var\u00f0 um starvsl\u00f8n fyri slakar DKK 25 mi\u00f3. Av hesum v\u00f3ru 61 ums\u00f3knir j\u00e1tta\u00f0ar. Latnar v\u00f3ru 107 m\u00e1na\u00f0arl\u00f8nir fyri tilsamans DKK 4,5 mi\u00f3.<\/p>\n\n\n\n<p>Starvsl\u00f8n ver\u00f0ur latin ums\u00f8kjara vi\u00f0 st\u00f8\u00f0i \u00ed verkevni ella verk\u00e6tlan, sum l\u00fdkur kr\u00f8vini \u00ed L\u00f8gtingsl\u00f3g nr. 84 fr\u00e1 17. mai 2000 um Mentanargrunn Landsins, og sum eftir nevndarinnar meting er av listaligum ella fakligum dygdarey\u00f0kennum. Starvsl\u00f8nin svarar til l\u00e6raral\u00f8n \u00e1 f\u00f3lkask\u00falans l\u00f8narstigi 21, stig 1, umframt 15% \u00ed eftirl\u00f8n.<\/p>\n\n\n\n<p>Nevndin hevur vi\u00f0gj\u00f8rt ums\u00f3knirnar eftir \u00e1setingunum \u00ed kunnger\u00f0 nr. 109 fr\u00e1 21. september 2000 um Mentanargrunn Landsins, sum broytt vi\u00f0 kunnger\u00f0 nr. 2 fr\u00e1 6. januar 2025, i\u00f0 hevur til endam\u00e1ls at geva listaf\u00f3lkum og \u00f8\u00f0rum, i\u00f0 takast vi\u00f0 mentanarligt virksemi arbei\u00f0sn\u00e1\u00f0ir \u00ed eitt \u00e1v\u00edst t\u00ed\u00f0arskei\u00f0 at starvast burturav vi\u00f0 listaligum ella \u00f8\u00f0rum mentanarligum arbei\u00f0i.<\/p>\n\n\n\n<p>\u00cdverksetanarstu\u00f0ul var\u00f0 latin&nbsp;<br>\u2022 Hans Hald\u00f3r Poulsen (t\u00f3nleikur)&nbsp;<br>\u2022 Maibritt Marjunard\u00f3ttir (listhandverk)&nbsp;<br>\u2022 Una Debess (t\u00f3nleikur)&nbsp;<br>\u2022 Theodor Kapnas (t\u00f3nleikur)<\/p>\n\n\n\n<p>Endam\u00e1li\u00f0 vi\u00f0 \u00edverksetanarstu\u00f0uli er at stu\u00f0la einstaka skapandi yrkislistaf\u00f3lkinum, serliga ungum listaf\u00f3lki. \u00cdverksetanarstu\u00f0ulin skal l\u00e6tta um hj\u00e1 evnar\u00edkum listaf\u00f3lkum at koma v\u00ed\u00f0ari vi\u00f0 teirra skapandi listaarbei\u00f0i. Stu\u00f0ulin ver\u00f0ur latin verk\u00e6tlan, i\u00f0 nevndin metir hevur listalig dygdarey\u00f0kenni.<\/p>\n\n\n\n<p>\u00cdverksetanarstu\u00f0ulin er DKK 75.000 \u00e1rliga.<\/p>\n\n\n\n<p>Ums\u00f8kjarar til \u00edverksetanarstu\u00f0ul v\u00f3ru 19 \u00ed tali, og nevndin gj\u00f8rdi av at lata 4 ums\u00f8kjarum \u00edverksetanarstu\u00f0ul fyri tilsamans DKK 300.000.<\/p>\n\n\n\n<p>Hedvig Westerlund-Kapnas lutt\u00f3k ikki \u00ed vi\u00f0ger\u00f0ini av ums\u00f3knunum til \u00edverksetanarstu\u00f0ul fyri 2026.<\/p>\n\n\n\n<p><a href=\"https:\/\/www.vp.fo\/fileadmin\/user_upload\/Starvsloen_2026_-_Tidindaskriv_-_Fylgiskjal.pdf\" target=\"_blank\" rel=\"noreferrer noopener\">Yvirlit yvir starvsl\u00f8nir<\/a><\/p>\n","protected":false},"excerpt":{"rendered":"<p>Mentanargrunnur Landsins: Nevndin \u00ed Mentanargrunni Landsins hevur gj\u00f8rt av at lata starvsl\u00f8n og \u00edverksetanarstu\u00f0ul til listaligt og mentanarligt arbei\u00f0i fyri 2026. St\u00f8\u00f0i\u00f0 \u00e1 ums\u00f3knum til starvsl\u00f8n og \u00edverksetanarstu\u00f0ul var sera h\u00f8gt til hetta stu\u00f0ulsumfari\u00f0 og grunnurin fekk n\u00f3gvar dygdarg\u00f3\u00f0ar ums\u00f3knir. Starvsl\u00f8n var\u00f0 latin&nbsp;\u2022 Barbaru \u00ed Gongini, listaf\u00f3lki \u00ed 12 m\u00e1na\u00f0ir&nbsp;\u2022 Annu Katrin \u00d8. Egilstr\u00f8\u00f0, t\u00f3naskaldi [&hellip;]<\/p>\n","protected":false},"author":23,"featured_media":41821,"comment_status":"closed","ping_status":"closed","sticky":false,"template":"","format":"standard","meta":{"ngg_post_thumbnail":0,"footnotes":""},"categories":[1],"tags":[],"class_list":["post-41816","post","type-post","status-publish","format-standard","has-post-thumbnail","hentry","category-tidindi"],"publishpress_future_action":{"enabled":false,"date":"2026-05-07 17:16:41","action":"change-status","newStatus":"draft","terms":[],"taxonomy":"category","extraData":[]},"publishpress_future_workflow_manual_trigger":{"enabledWorkflows":[]},"_links":{"self":[{"href":"https:\/\/sudurras.fo\/index.php?rest_route=\/wp\/v2\/posts\/41816","targetHints":{"allow":["GET"]}}],"collection":[{"href":"https:\/\/sudurras.fo\/index.php?rest_route=\/wp\/v2\/posts"}],"about":[{"href":"https:\/\/sudurras.fo\/index.php?rest_route=\/wp\/v2\/types\/post"}],"author":[{"embeddable":true,"href":"https:\/\/sudurras.fo\/index.php?rest_route=\/wp\/v2\/users\/23"}],"replies":[{"embeddable":true,"href":"https:\/\/sudurras.fo\/index.php?rest_route=%2Fwp%2Fv2%2Fcomments&post=41816"}],"version-history":[{"count":2,"href":"https:\/\/sudurras.fo\/index.php?rest_route=\/wp\/v2\/posts\/41816\/revisions"}],"predecessor-version":[{"id":41822,"href":"https:\/\/sudurras.fo\/index.php?rest_route=\/wp\/v2\/posts\/41816\/revisions\/41822"}],"wp:featuredmedia":[{"embeddable":true,"href":"https:\/\/sudurras.fo\/index.php?rest_route=\/wp\/v2\/media\/41821"}],"wp:attachment":[{"href":"https:\/\/sudurras.fo\/index.php?rest_route=%2Fwp%2Fv2%2Fmedia&parent=41816"}],"wp:term":[{"taxonomy":"category","embeddable":true,"href":"https:\/\/sudurras.fo\/index.php?rest_route=%2Fwp%2Fv2%2Fcategories&post=41816"},{"taxonomy":"post_tag","embeddable":true,"href":"https:\/\/sudurras.fo\/index.php?rest_route=%2Fwp%2Fv2%2Ftags&post=41816"}],"curies":[{"name":"wp","href":"https:\/\/api.w.org\/{rel}","templated":true}]}}