{"id":42288,"date":"2026-03-12T09:18:13","date_gmt":"2026-03-12T09:18:13","guid":{"rendered":"https:\/\/sudurras.fo\/?p=42288"},"modified":"2026-03-12T09:18:14","modified_gmt":"2026-03-12T09:18:14","slug":"foroyar-eitt-paradis-fyri-ung-og-barnafamiljur","status":"publish","type":"post","link":"https:\/\/sudurras.fo\/?p=42288","title":{"rendered":"F\u00f8royar \u2013 eitt parad\u00eds fyri ung og barnafamiljur"},"content":{"rendered":"\n<p>Hvussu?<\/p>\n\n\n\n<p>\u00datrensl avspeglar innrensl.<\/p>\n\n\n\n<p>Grundleggjandi er ney\u00f0ugt at skipa okkara samfelag solei\u00f0is, at hugurin at eiga b\u00f8rn \u00f8kist. R\u00e6tturin til l\u00edv er sj\u00e1lvsagdur.<\/p>\n\n\n\n<p>Sj\u00f3neyka m\u00e1 setast \u00e1 b\u00fasta\u00f0armarkna\u00f0in. \u00c1her\u00f0sla m\u00e1 leggjast \u00e1, at f\u00e1a til vega fleiri m\u00f8guleikar og at kostna\u00f0arst\u00f8\u00f0i\u00f0 l\u00e6kkar. Eisini skulu l\u00e1nim\u00f8guleikarnir til b\u00fasta\u00f0 uttanfyri mi\u00f0sta\u00f0ar\u00f8ki betrast.<\/p>\n\n\n\n<p>Setri\u00f0 eigur at leggja seg eftir at bj\u00f3\u00f0a \u00fat fleiri lestrarm\u00f8guleikar her heima.<\/p>\n\n\n\n<p>T\u00ed vit hava grundleggjandi g\u00f3\u00f0ar fortreytir fyri, at barnafamiljur tr\u00edvast.<\/p>\n\n\n\n<ul class=\"wp-block-list\">\n<li>familjubond eru t\u00f8tt<\/li>\n\n\n\n<li>trygt umhv\u00f8rvi<\/li>\n<\/ul>\n\n\n\n<p>Batar eru ney\u00f0ugir:<\/p>\n\n\n\n<ul class=\"wp-block-list\">\n<li>hj\u00e1 teimum vi\u00f0 serligum t\u00f8rvi<\/li>\n\n\n\n<li>at l\u00e6kka tollir og avgj\u00f8ld \u00e1 matv\u00f8rum<\/li>\n<\/ul>\n\n\n\n<p>Vel Mi\u00f0flokkin \u2013 vit vilja virka fyri at gera ta\u00f0 liviligari hj\u00e1 barnafamiljuni<\/p>\n\n\n\n<p>Anna Margretha Otthamar<br>Valevni fyri Mi\u00f0flokkin<\/p>\n","protected":false},"excerpt":{"rendered":"<p>Hvussu? \u00datrensl avspeglar innrensl. Grundleggjandi er ney\u00f0ugt at skipa okkara samfelag solei\u00f0is, at hugurin at eiga b\u00f8rn \u00f8kist. R\u00e6tturin til l\u00edv er sj\u00e1lvsagdur. Sj\u00f3neyka m\u00e1 setast \u00e1 b\u00fasta\u00f0armarkna\u00f0in. \u00c1her\u00f0sla m\u00e1 leggjast \u00e1, at f\u00e1a til vega fleiri m\u00f8guleikar og at kostna\u00f0arst\u00f8\u00f0i\u00f0 l\u00e6kkar. Eisini skulu l\u00e1nim\u00f8guleikarnir til b\u00fasta\u00f0 uttanfyri mi\u00f0sta\u00f0ar\u00f8ki betrast. Setri\u00f0 eigur at leggja seg [&hellip;]<\/p>\n","protected":false},"author":23,"featured_media":42289,"comment_status":"closed","ping_status":"closed","sticky":false,"template":"","format":"standard","meta":{"ngg_post_thumbnail":0,"footnotes":""},"categories":[108],"tags":[],"class_list":["post-42288","post","type-post","status-publish","format-standard","has-post-thumbnail","hentry","category-logtingsval26"],"publishpress_future_action":{"enabled":false,"date":"2026-05-06 23:02:32","action":"change-status","newStatus":"draft","terms":[],"taxonomy":"category","extraData":[]},"publishpress_future_workflow_manual_trigger":{"enabledWorkflows":[]},"_links":{"self":[{"href":"https:\/\/sudurras.fo\/index.php?rest_route=\/wp\/v2\/posts\/42288","targetHints":{"allow":["GET"]}}],"collection":[{"href":"https:\/\/sudurras.fo\/index.php?rest_route=\/wp\/v2\/posts"}],"about":[{"href":"https:\/\/sudurras.fo\/index.php?rest_route=\/wp\/v2\/types\/post"}],"author":[{"embeddable":true,"href":"https:\/\/sudurras.fo\/index.php?rest_route=\/wp\/v2\/users\/23"}],"replies":[{"embeddable":true,"href":"https:\/\/sudurras.fo\/index.php?rest_route=%2Fwp%2Fv2%2Fcomments&post=42288"}],"version-history":[{"count":1,"href":"https:\/\/sudurras.fo\/index.php?rest_route=\/wp\/v2\/posts\/42288\/revisions"}],"predecessor-version":[{"id":42290,"href":"https:\/\/sudurras.fo\/index.php?rest_route=\/wp\/v2\/posts\/42288\/revisions\/42290"}],"wp:featuredmedia":[{"embeddable":true,"href":"https:\/\/sudurras.fo\/index.php?rest_route=\/wp\/v2\/media\/42289"}],"wp:attachment":[{"href":"https:\/\/sudurras.fo\/index.php?rest_route=%2Fwp%2Fv2%2Fmedia&parent=42288"}],"wp:term":[{"taxonomy":"category","embeddable":true,"href":"https:\/\/sudurras.fo\/index.php?rest_route=%2Fwp%2Fv2%2Fcategories&post=42288"},{"taxonomy":"post_tag","embeddable":true,"href":"https:\/\/sudurras.fo\/index.php?rest_route=%2Fwp%2Fv2%2Ftags&post=42288"}],"curies":[{"name":"wp","href":"https:\/\/api.w.org\/{rel}","templated":true}]}}