{"id":42298,"date":"2026-03-12T17:21:17","date_gmt":"2026-03-12T17:21:17","guid":{"rendered":"https:\/\/sudurras.fo\/?p=42298"},"modified":"2026-03-12T17:21:18","modified_gmt":"2026-03-12T17:21:18","slug":"nokur-urslit-i-suduroynna","status":"publish","type":"post","link":"https:\/\/sudurras.fo\/?p=42298","title":{"rendered":"N\u00f8kur \u00farslit \u00ed Su\u00f0uroynna"},"content":{"rendered":"\n<p>Hetta valskei\u00f0i\u00f0 eru gj\u00f8rdar n\u00f3gvar g\u00f3\u00f0ar ra\u00f0festingar og n\u00f3gv g\u00f3\u00f0 \u00e1t\u00f8k fyri F\u00f8royar og f\u00f3lki\u00f0, sum her b\u00fdr \u2013 \u00far r\u00fagvuni kunnu til d\u00f8mis nevnast l\u00f8narlyfti\u00f0 og skattal\u00e6ttin, sum n\u00f3gv f\u00f3lk kring alt landi\u00f0 hava fingi\u00f0 gle\u00f0i av.<\/p>\n\n\n\n<p>Okur hava lagt okkum eftir at gera ra\u00f0festingar kring alt landi\u00f0 \u2013 og h\u00f3ast man sj\u00e1lvsagt ikki r\u00f8kkur \u00fat \u00ed hv\u00f8nn kr\u00f3k \u00ed landinum hv\u00f8rt valskei\u00f0, og meiningarnar hartil eru ymiskar um hvat er n\u00f3gv og hvat er gott, so eru her n\u00f8kur \u00farslit \u00ed Su\u00f0uroynni hetta valskei\u00f0i\u00f0.<\/p>\n\n\n\n<p><strong>Su\u00f0uroyartunnilin<\/strong> og samtyktin \u00ed L\u00f8gtinginum, sum hevur sett projekteringina og \u00fatbo\u00f0i\u00f0 av Su\u00f0uroyartunlinum \u00edgongd, er uttan samanbering st\u00f8rsta m\u00e1l fyri Su\u00f0uroynna hetta valskei\u00f0i\u00f0. N\u00fa er umr\u00e1\u00f0andi, at okur standa saman um Su\u00f0uroynna og n\u00e6sta stig \u00ed Su\u00f0uroyartunlinum vi\u00f0 vali\u00f0 26. mars.<\/p>\n\n\n\n<p><strong>Su\u00f0uroyar Sj\u00fakrah\u00fas <\/strong>hevur fingi\u00f0 v\u00e6l h\u00e6gri j\u00e1ttan \u2013 og samb\u00e6rt sj\u00fakrah\u00fasstj\u00f3ranum, so er hetta st\u00f8rsta h\u00e6kking til Su\u00f0uroyar Sj\u00fakrah\u00fas nakrant\u00ed\u00f0 \u2013 og hetta str\u00edddist eg eisini fyri \u00ed F\u00edggjarnevndini og eri gla\u00f0ur fyri at ta\u00f0 bar til at f\u00f8ra ta\u00f0 \u00e1 m\u00e1l.<\/p>\n\n\n\n<p><strong>Su\u00f0uroyar Sj\u00fakrah\u00fas<\/strong> hevur eisini fingi\u00f0 j\u00e1ttan til at byggja n\u00fdggjan starvsf\u00f3lka-bygning afturat Skemmuni vi\u00f0 sj\u00fakrah\u00fasi, hetta solei\u00f0is at hesin t\u00f8rvurin eisini ver\u00f0ur framt\u00ed\u00f0artryggja\u00f0ur.<\/p>\n\n\n\n<p><strong>Heilsusk\u00falin<\/strong> hevur fingi\u00f0 h\u00e6gri j\u00e1ttan, solei\u00f0is at Heilsusk\u00falin kann gera avtalu um n\u00e6mingarb\u00fasta\u00f0ir til lesandi \u00e1 sk\u00falanum. Hetta ver\u00f0ur eitt st\u00f3rt framstig fyri Heilsusk\u00falan og fer eisini at gera ta\u00f0 munandi l\u00e6ttari hj\u00e1 lesandi, sum koma nor\u00f0aneftir, at f\u00e1a b\u00fasta\u00f0, me\u00f0an tey ganga \u00e1 Heilsusk\u00falanum.<\/p>\n\n\n\n<p><strong>Sk\u00faladepilin \u00ed Su\u00f0uroy<\/strong> hevur fingi\u00f0 j\u00e1ttan til at fyrireika \u00fatbygging, solei\u00f0is at h\u00f8liskarmarnar ver\u00f0a n\u00f8ktandi og n\u00fat\u00ed\u00f0arh\u00f3skandi.<\/p>\n\n\n\n<p><strong>\u00cdtr\u00f3ttah\u00e1sk\u00falin \u00ed Su\u00f0uroy<\/strong> hevur fingi\u00f0 j\u00e1ttan til at fyrireika n\u00fdggjan sk\u00falabygning \u00ed V\u00e1gi. Og eri eg sera fegin um, at ein sk\u00falabygningur n\u00fa legst afturat n\u00e6mingaheiminum hj\u00e1 hesum einastandandi sk\u00falanum, sum okur t\u00f3ku stig til at stovna \u00ed 2015.<\/p>\n\n\n\n<p><strong>F\u00e1mjinstunnilin <\/strong>er tikin \u00ed n\u00fdtslu og hevur vakra bygdin vestantil \u00ed Su\u00f0uroynni fingi\u00f0 eitt t\u00ed\u00f0arh\u00f3skandi vegasamband. Ta\u00f0 var eisini gott, at okur fingu broytt \u00e6tlanina um at tyrva gr\u00f3ti\u00f0 fr\u00e1 tunlinum, solei\u00f0is at ta\u00f0 n\u00fa ver\u00f0ur br\u00fakt til at brei\u00f0ka vegin oman til F\u00e1mjins, solei\u00f0is at fyrstu stigini eru tikin til at gera ein brei\u00f0an n\u00fat\u00edmans veg heilt til F\u00e1mjins.<\/p>\n\n\n\n<p><strong>J\u00e1ttanir eru settar av til vegir og br\u00fdr<\/strong> \u00ed Trongisv\u00e1gi, \u00ed Hovi og \u00ed V\u00e1gi \u2013 men har er eisini t\u00f8rvur \u00e1 \u00e1b\u00f8tum og n\u00fdger\u00f0um n\u00f3gva a\u00f0rasta\u00f0ni \u00ed Su\u00f0uroynni, sum mugu ra\u00f0festast komandi \u00e1rini.<\/p>\n\n\n\n<p><strong>Mentanar\u00f8ki\u00f0 \u00ed Su\u00f0uroynni<\/strong> og <strong>Musikksk\u00falin <\/strong>er eisini ra\u00f0festur \u00ed hesum valskei\u00f0num \u2013 ta\u00f0 er eisini gott.<\/p>\n\n\n\n<p>T\u00e6r avtalur, sum eru gj\u00f8rdar \u00e1 <strong>fiskivinnu\u00f8kinum<\/strong> um makrel og sild, sum f\u00f8ra vi\u00f0 s\u00e6r, at ta\u00f0 ber til at fiska, t\u00e1 ta\u00f0 loysir seg best, hava sj\u00e1lvsagt eisini \u00e1virkan \u00ed Su\u00f0uroynni. -Eins og ra\u00f0festingin at geva sm\u00e6rri \u00fatr\u00f3\u00f0rarb\u00e1tunum st\u00f8rri r\u00e6ttindi \u00e1 F\u00f8roya Banka eisini hevur t\u00fddning fyri \u00fatr\u00f3\u00f0rarmenn \u00ed Su\u00f0uroynni.<\/p>\n\n\n\n<p>Og ja, ta\u00f0 eru sj\u00e1lvsagt ein r\u00f8\u00f0 av \u00f8\u00f0rum vi\u00f0urskiftum, sum eisini hava t\u00f8rv \u00e1 ra\u00f0festingum, ta\u00f0 kunnu okur skj\u00f3tt ver\u00f0a samd um \u2013 og vi\u00f0 t\u00ednum \u00e1liti til l\u00f8gtingsvali\u00f0 26. mars, fari eg at arbei\u00f0a v\u00ed\u00f0ar og leggja afturat \u00ed menningini av okkara v\u00f8kru oyggj.<\/p>\n\n\n\n<p>Ongin ger naka\u00f0 einsamallur og standa okur saman, kunnu okur \u00ed felag r\u00f8kka bj\u00f8rtum m\u00e1lum fyri Su\u00f0uroynna.<\/p>\n\n\n\n<p><\/p>\n\n\n\n<p>Dennis Holm<br>Tj\u00f3\u00f0veldi<\/p>\n","protected":false},"excerpt":{"rendered":"<p>Hetta valskei\u00f0i\u00f0 eru gj\u00f8rdar n\u00f3gvar g\u00f3\u00f0ar ra\u00f0festingar og n\u00f3gv g\u00f3\u00f0 \u00e1t\u00f8k fyri F\u00f8royar og f\u00f3lki\u00f0, sum her b\u00fdr \u2013 \u00far r\u00fagvuni kunnu til d\u00f8mis nevnast l\u00f8narlyfti\u00f0 og skattal\u00e6ttin, sum n\u00f3gv f\u00f3lk kring alt landi\u00f0 hava fingi\u00f0 gle\u00f0i av. Okur hava lagt okkum eftir at gera ra\u00f0festingar kring alt landi\u00f0 \u2013 og h\u00f3ast man sj\u00e1lvsagt ikki [&hellip;]<\/p>\n","protected":false},"author":23,"featured_media":42299,"comment_status":"closed","ping_status":"closed","sticky":false,"template":"","format":"standard","meta":{"ngg_post_thumbnail":0,"footnotes":""},"categories":[108],"tags":[],"class_list":["post-42298","post","type-post","status-publish","format-standard","has-post-thumbnail","hentry","category-logtingsval26"],"publishpress_future_action":{"enabled":false,"date":"2026-05-06 22:40:27","action":"change-status","newStatus":"draft","terms":[],"taxonomy":"category","extraData":[]},"publishpress_future_workflow_manual_trigger":{"enabledWorkflows":[]},"_links":{"self":[{"href":"https:\/\/sudurras.fo\/index.php?rest_route=\/wp\/v2\/posts\/42298","targetHints":{"allow":["GET"]}}],"collection":[{"href":"https:\/\/sudurras.fo\/index.php?rest_route=\/wp\/v2\/posts"}],"about":[{"href":"https:\/\/sudurras.fo\/index.php?rest_route=\/wp\/v2\/types\/post"}],"author":[{"embeddable":true,"href":"https:\/\/sudurras.fo\/index.php?rest_route=\/wp\/v2\/users\/23"}],"replies":[{"embeddable":true,"href":"https:\/\/sudurras.fo\/index.php?rest_route=%2Fwp%2Fv2%2Fcomments&post=42298"}],"version-history":[{"count":1,"href":"https:\/\/sudurras.fo\/index.php?rest_route=\/wp\/v2\/posts\/42298\/revisions"}],"predecessor-version":[{"id":42300,"href":"https:\/\/sudurras.fo\/index.php?rest_route=\/wp\/v2\/posts\/42298\/revisions\/42300"}],"wp:featuredmedia":[{"embeddable":true,"href":"https:\/\/sudurras.fo\/index.php?rest_route=\/wp\/v2\/media\/42299"}],"wp:attachment":[{"href":"https:\/\/sudurras.fo\/index.php?rest_route=%2Fwp%2Fv2%2Fmedia&parent=42298"}],"wp:term":[{"taxonomy":"category","embeddable":true,"href":"https:\/\/sudurras.fo\/index.php?rest_route=%2Fwp%2Fv2%2Fcategories&post=42298"},{"taxonomy":"post_tag","embeddable":true,"href":"https:\/\/sudurras.fo\/index.php?rest_route=%2Fwp%2Fv2%2Ftags&post=42298"}],"curies":[{"name":"wp","href":"https:\/\/api.w.org\/{rel}","templated":true}]}}