{"id":42301,"date":"2026-03-12T21:40:46","date_gmt":"2026-03-12T21:40:46","guid":{"rendered":"https:\/\/sudurras.fo\/?p=42301"},"modified":"2026-03-12T21:40:47","modified_gmt":"2026-03-12T21:40:47","slug":"godur-kjakfundur-um-bustadartrot","status":"publish","type":"post","link":"https:\/\/sudurras.fo\/?p=42301","title":{"rendered":"G\u00f3\u00f0ur kjakfundur um b\u00fasta\u00f0artrot"},"content":{"rendered":"\n<p>Kjakfundurin, sum \u00c1hugafelagi\u00f0 \u201dLuta\u00edb\u00fa\u00f0ir\u201d skipa\u00f0i fyri \u00ed Auluni \u00ed Finsen \u00ed gj\u00e1rkv\u00f8ldi\u00f0, gekk v\u00e6l og fylgdi l\u00f8gdu skr\u00e1nni. Eini h\u00e1lvthundra\u00f0 f\u00f3lk h\u00f8vdu leita\u00f0 s\u00e6r inn \u00ed Auluna, h\u00f3ast ve\u00f0ri\u00f0 var illf\u00fdsi\u00f0, umframt sm\u00e1 tr\u00fdhundra\u00f0, sum fylgdu vi\u00f0 \u00ed stroymingini. Hon s\u00e6st \u00e1 vi\u00f0festa leinkinum ni\u00f0ast.<\/p>\n\n\n\n<p>Eftir stutta v\u00e6lkomuheilsu fr\u00e1 \u00c1hugafelagnum, hev\u00f0i Gestur Hovgaard, samfelagsfr\u00f8\u00f0ingur, eina sera \u00e1hugaverda framl\u00f8gu um b\u00fasta\u00f0artroti\u00f0 \u00ed F\u00f8royum, ors\u00f8kir til tess og avlei\u00f0ingarnar av t\u00ed. Ta\u00f0 var naka\u00f0, i\u00f0 gav b\u00e6\u00f0i \u00e1hoyrarum \u00ed salinum, teimum, i\u00f0 fylgdu vi\u00f0 \u00ed stroymingini og pallbor\u00f0sluttakarunum kunnleika og vitan um ta st\u00f8\u00f0una.<\/p>\n\n\n\n<p>S\u00ed\u00f0an t\u00f3k \u00d3luva Zachariasen yvir og st\u00fdrdi kjakinum vi\u00f0 hepnari hond.<\/p>\n\n\n\n<p>Onkur spurningur og onkur vi\u00f0merking komu \u00far salinum, og annars h\u00f8vdu floksumbo\u00f0ini t\u00ed\u00f0um fingrarnar \u00e1 lofti fyri at svara t\u00ed, i\u00f0 \u00d3luva spurdi um, ella fyri at vi\u00f0merkja ta\u00f0, i\u00f0 onnur \u00ed pallbor\u00f0skjakinum h\u00f8vdu sagt. Ein g\u00f3\u00f0ur og vi\u00f0 hv\u00f8rt l\u00edvligur fundur, t\u00ed ta\u00f0 merktist, at \u00f8ll dr\u00f3gu ikki somu l\u00ednu, t\u00e1 i\u00f0 ta\u00f0 sn\u00fdr seg um at loysa uppg\u00e1vuna at h\u00fdsa \u00f8llum borgarum landsins ella teimum, i\u00f0 eins og flytifuglurin n\u00fa Gr\u00e6karismessudag man \u00e1sanna, at \u201dheimi\u00f0 er ta\u00f0 besta sta\u00f0 \u00e1 j\u00f8r\u00f0\u201d.<\/p>\n\n\n\n<p>Tey, i\u00f0 \u201dst\u00f3\u00f0u\u201d \u00ed pallbor\u00f0inum, v\u00f3ru hesi, stavra\u00f0a\u00f0 eftir flokkunum:<\/p>\n\n\n\n<p>Gr\u00edmur Sundstein fyri F\u00f3lkaflokkin,<\/p>\n\n\n\n<p>Annfinn Brekkstein fyri Sambandsflokkin,<\/p>\n\n\n\n<p>Margit St\u00f3r\u00e1 fyri Javna\u00f0arflokkin,<\/p>\n\n\n\n<p>Dennis Holm fyri Tj\u00f3\u00f0veldi,<\/p>\n\n\n\n<p>Christoffur Gert Nielsen fyri Frams\u00f3kn,<\/p>\n\n\n\n<p>Sylvia Thomsen fyri Sj\u00e1lvst\u00fdri og<\/p>\n\n\n\n<p>\u00d3lavur \u00ed Geil fyri Mi\u00f0flokkin.<\/p>\n\n\n\n<p>\u00c1hugafelagi\u00f0 \u201dLuta\u00edb\u00fa\u00f0ir\u201d takkar pallbor\u00f0sluttakarunum og politisku flokkunum fyri at taka av okkara \u00e1heitan um at royna at loysa b\u00fasta\u00f0artroti\u00f0, tykkum, \u00ed\u00f0 m\u00f8ttu upp \u00ed Finsen, og \u00f8llum tykkum, i\u00f0 fylgdu vi\u00f0 heima. Somulei\u00f0is t\u00f8kk, tit b\u00e6\u00f0i, \u00d3luva og Gestur, fyri tykkara dygdarg\u00f3\u00f0a \u00edkast til fundin.<\/p>\n\n\n\n<p>Til ber at s\u00edggja uppt\u00f8kuna fr\u00e1 fundinum \u00ed hesum leinkinum:<\/p>\n\n\n\n<p>[<a href=\"https:\/\/l.facebook.com\/l.php?u=https%3A%2F%2Fyoutube.com%2Flive%2Fk3JUmCKLG7k%3Ffeature%3Dshare%26fbclid%3DIwZXh0bgNhZW0CMTAAYnJpZBExNEhXa1FNZkVQTHZPVDZkN3NydGMGYXBwX2lkEDIyMjAzOTE3ODgyMDA4OTIAAR5jZH_Hf8pRUo95BiUGB7m9ZC5b8cXvU71Q2D_zdMryFqCn-whHdHv437mrCQ_aem_-SxHOC3W7n25i-Nj8DQDwQ&amp;h=AT6fsubfps_iGZOwf9FcHh-69VC9T8HLNsNB5RXevwprFfbNnHvfLgM3a0k0hN95JVZZjDaqkARQvFzNk_b229_CW8eHyH5IFi675np11FervYK7E2PrImEaLRqyArz-mqCCSFV3aLrIzXK_&amp;__tn__=-UK-R&amp;c[0]=AT4BRckv76YYOjnCnSmefMwuwr_7bwzIN47IJ06ibCHoO6GsG7w_0Y_bMTWqlmU5eFny_oR2p8aMr93vZgoAPdpfjuen_5sMygXPo0X_02JA-EtsdrvdE8PxBLM0OC8BxwVkoPfzvkWL_TxDfM3OKzkAEkECCKAw68bm3fcuQQqDqjEy_SHRvcm1JdoFZgMGgpr87PzVsvDbmitY21wNhCxn2WYr\" rel=\"noreferrer noopener\" target=\"_blank\">https:\/\/youtube.com\/live\/k3JUmCKLG7k?feature=share<\/a>]<\/p>\n\n\n\n<p><\/p>\n\n\n\n<p>T\u00ed\u00f0indaskriv fr\u00e1 \u00c1hugafelagnum \u201dLuta\u00edb\u00fa\u00f0ir\u201d.<\/p>\n","protected":false},"excerpt":{"rendered":"<p>Kjakfundurin, sum \u00c1hugafelagi\u00f0 \u201dLuta\u00edb\u00fa\u00f0ir\u201d skipa\u00f0i fyri \u00ed Auluni \u00ed Finsen \u00ed gj\u00e1rkv\u00f8ldi\u00f0, gekk v\u00e6l og fylgdi l\u00f8gdu skr\u00e1nni. Eini h\u00e1lvthundra\u00f0 f\u00f3lk h\u00f8vdu leita\u00f0 s\u00e6r inn \u00ed Auluna, h\u00f3ast ve\u00f0ri\u00f0 var illf\u00fdsi\u00f0, umframt sm\u00e1 tr\u00fdhundra\u00f0, sum fylgdu vi\u00f0 \u00ed stroymingini. Hon s\u00e6st \u00e1 vi\u00f0festa leinkinum ni\u00f0ast. Eftir stutta v\u00e6lkomuheilsu fr\u00e1 \u00c1hugafelagnum, hev\u00f0i Gestur Hovgaard, samfelagsfr\u00f8\u00f0ingur, eina [&hellip;]<\/p>\n","protected":false},"author":23,"featured_media":42302,"comment_status":"closed","ping_status":"closed","sticky":false,"template":"","format":"standard","meta":{"ngg_post_thumbnail":0,"footnotes":""},"categories":[1],"tags":[],"class_list":["post-42301","post","type-post","status-publish","format-standard","has-post-thumbnail","hentry","category-tidindi"],"publishpress_future_action":{"enabled":false,"date":"2026-05-06 00:18:59","action":"change-status","newStatus":"draft","terms":[],"taxonomy":"category","extraData":[]},"publishpress_future_workflow_manual_trigger":{"enabledWorkflows":[]},"_links":{"self":[{"href":"https:\/\/sudurras.fo\/index.php?rest_route=\/wp\/v2\/posts\/42301","targetHints":{"allow":["GET"]}}],"collection":[{"href":"https:\/\/sudurras.fo\/index.php?rest_route=\/wp\/v2\/posts"}],"about":[{"href":"https:\/\/sudurras.fo\/index.php?rest_route=\/wp\/v2\/types\/post"}],"author":[{"embeddable":true,"href":"https:\/\/sudurras.fo\/index.php?rest_route=\/wp\/v2\/users\/23"}],"replies":[{"embeddable":true,"href":"https:\/\/sudurras.fo\/index.php?rest_route=%2Fwp%2Fv2%2Fcomments&post=42301"}],"version-history":[{"count":1,"href":"https:\/\/sudurras.fo\/index.php?rest_route=\/wp\/v2\/posts\/42301\/revisions"}],"predecessor-version":[{"id":42303,"href":"https:\/\/sudurras.fo\/index.php?rest_route=\/wp\/v2\/posts\/42301\/revisions\/42303"}],"wp:featuredmedia":[{"embeddable":true,"href":"https:\/\/sudurras.fo\/index.php?rest_route=\/wp\/v2\/media\/42302"}],"wp:attachment":[{"href":"https:\/\/sudurras.fo\/index.php?rest_route=%2Fwp%2Fv2%2Fmedia&parent=42301"}],"wp:term":[{"taxonomy":"category","embeddable":true,"href":"https:\/\/sudurras.fo\/index.php?rest_route=%2Fwp%2Fv2%2Fcategories&post=42301"},{"taxonomy":"post_tag","embeddable":true,"href":"https:\/\/sudurras.fo\/index.php?rest_route=%2Fwp%2Fv2%2Ftags&post=42301"}],"curies":[{"name":"wp","href":"https:\/\/api.w.org\/{rel}","templated":true}]}}