{"id":42309,"date":"2026-03-13T08:17:27","date_gmt":"2026-03-13T08:17:27","guid":{"rendered":"https:\/\/sudurras.fo\/?p=42309"},"modified":"2026-03-13T08:17:28","modified_gmt":"2026-03-13T08:17:28","slug":"heimkomin-og-klar-at-arbeida-fyri-teg-meg-og-foroyar","status":"publish","type":"post","link":"https:\/\/sudurras.fo\/?p=42309","title":{"rendered":"Heimkomin og kl\u00e1r at arbei\u00f0a fyri teg, meg og F\u00f8royar"},"content":{"rendered":"\n<p>Eg eiti Marin \u00ed Dali, eri 36 \u00e1r og eigi tr\u00fd b\u00f8rn undir 10 \u00e1r.<\/p>\n\n\n\n<p>Eg eri d\u00f3ttir Turi\u00f0 Vestergaard, l\u00e6rari \u00ed f\u00f8royskum og l\u00edvfr\u00f8\u00f0i \u00ed sk\u00falanum \u00e1 Tv\u00f8royri, og Tummas \u00ed Dali, undirv\u00edsari \u00ed s\u00f8gu og f\u00f8royskum m\u00e1li \u00e1 Mi\u00f0n\u00e1mi \u00ed Su\u00f0uroy.<\/p>\n\n\n\n<p>Eg eri uppvaksin vi\u00f0 tveimum t\u00f8ttum systkjum \u00ed fr\u00edum umhv\u00f8rvi vi\u00f0 n\u00f3gvum dj\u00f3rum og gr\u00f8num b\u00f8i \u00ed Trongsv\u00e1gi, har f\u00f8royskt m\u00e1l, f\u00f8roysk mentan og f\u00f8roysk n\u00e1tt\u00fara hevur mynda\u00f0 m\u00edn uppv\u00f8kstur.<\/p>\n\n\n\n<p>M\u00edni barna- og ungd\u00f3ms\u00e1r havi eg \u00ed st\u00f3ran mun br\u00fakt \u00ed h\u00f8llini vi\u00f0 bor\u00f0tennis, flogb\u00f3lti og fimleiki, har bor\u00f0tennis bar meg til n\u00f3gv lond og f\u00fdra oyggjaleikir.<\/p>\n\n\n\n<p>Eftir f\u00f3lkask\u00falan arbeiddi eg fyri at sleppa \u00e1 \u00f3gloymandi og mennandi \u00edtr\u00f3ttarh\u00e1sk\u00falaskei\u00f0 \u00ed Danmark og f\u00f3r s\u00ed\u00f0an \u00e1 mi\u00f0n\u00e1m \u00ed Su\u00f0uroy, fyrst \u00ed V\u00e1gi og s\u00ed\u00f0an \u00ed spildurn\u00fdggjum sk\u00faladepli \u00ed Hovi.<\/p>\n\n\n\n<p>\u00c1\u00f0renn eg f\u00f3r undir v\u00ed\u00f0ari lesna\u00f0, fjakka\u00f0i eg vi\u00f0 eini vinkonu \u00ed Su\u00f0uramerika \u00ed 5 m\u00f0r.<\/p>\n\n\n\n<p>Eg havi lisi\u00f0 medisin \u00ed Keypmannahavn og veri\u00f0 \u00ed starvsvenjing \u00ed F\u00f8royum, Sv\u00f8r\u00edki og \u00ed fleiri umf\u00f8rum \u00ed Gr\u00f8nlandi. Undir lestrinum havi eg veri\u00f0 nevndarlimur \u00ed felagnum fyri l\u00e6knalesandi \u00ed Keypmannahavn (L\u00cdK), sj\u00e1lvbo\u00f0in seksualundirv\u00edsari og arbeitt sum r\u00e1\u00f0gevi hj\u00e1 Sex og Samfund.<\/p>\n\n\n\n<p>Eftir loknan lestur flutti eg heim og ver\u00f0i v\u00e6ntandi li\u00f0ug sum kommunul\u00e6kni seinni \u00ed \u00e1r. S\u00ed\u00f0an eg kom heim, havi eg arbeitt fyri trivna\u00f0inum og arbei\u00f0sumst\u00f8\u00f0unum hj\u00e1 yngri l\u00e6knum, siti\u00f0 \u00ed nevndini fyri Yngri L\u00e6knar F\u00f8royar og eri \u00ed dag \u00fatb\u00fagvingarsamskipari fyri yngri l\u00e6knar innan alment medisin.<\/p>\n\n\n\n<p>Heimkomin stovna\u00f0i eg, saman vi\u00f0 tveimum fyrimyndarligum kvinnum, Bj\u00f8rt Lind og Turi\u00f0 Hermansd\u00f3ttir, felagsskapin Kyn, sum n\u00fa \u00ed seks \u00e1r hevur ment f\u00f8royska seksualundirv\u00edsing fyri ung. Kyn hevur ein brei\u00f0an og fakliga dugnaligan h\u00f3p av seksualundirv\u00edsarum, sum vi\u00f0 Viku Sex hevur bj\u00f3\u00f0a\u00f0 gomlum normum av og sett n\u00fat\u00edmans seksualundirv\u00edsing \u00e1 breddan \u00ed f\u00f8royska samfelagnum.<\/p>\n\n\n\n<p>Vi\u00f0 longsli eftir at geva b\u00f8rnunum ein fr\u00edari barnd\u00f3m og ein r\u00f3ligan gerandisdag t\u00e6tt vi\u00f0 familju og n\u00e1tt\u00faru, eins og eg sj\u00e1lv havi havt, flutti eg heim aftur \u00e1 Tv\u00f8royri \u00ed fj\u00f8r. Eg havi keypt 115 \u00e1ra gomlu h\u00fasini og barnd\u00f3msheimi\u00f0 hj\u00e1 ommu og mammu m\u00edni, har m\u00edni b\u00f8rn n\u00fa d\u00e1lka somu v\u00f8kru tr\u00e6g\u00f3lvini. Gr\u00f8nur b\u00f8ur, fr\u00edttgangandi h\u00f8nur og eitt hanagleiv oman \u00ed fj\u00f8runa at fanga krabbar. \u00cd hesum deiliga bygdasliga umhv\u00f8rvi virki eg sum l\u00e6kni, eri nevndarlimur og venjari hj\u00e1 Tv\u00f8royrar Fimleikafelag og n\u00e6stforkvinna \u00ed Su\u00f0uroyar Tj\u00f3\u00f0veldisfelag, sum hevur styrkt politisku \u00e1byrgdarkensluna hj\u00e1 m\u00e6r.<\/p>\n\n\n\n<p><strong>Heilsa fyri teg, meg og F\u00f8royar<\/strong><\/p>\n\n\n\n<p>Eg kenni heilsuverki\u00f0 inn og \u00fat. Eg havi arbeitt \u00e1 n\u00e6rum \u00f8llum deildum \u00e1 Landssj\u00fakrah\u00fasinum, havi arbeitt \u00ed Vestmanna, Runav\u00edk og \u00ed V\u00e1gi og eg havi starvast innan flest \u00f8ll \u00f8ki \u00ed heilsuverkinum.<\/p>\n\n\n\n<p>M\u00edn \u00fatb\u00fagving og starv sum kommunul\u00e6kni gera, at eg kenni alskyns l\u00edvsst\u00f8\u00f0ur fr\u00e1 byrjan til enda. Eg veit t\u00ed, hv\u00f8rjum avbj\u00f3\u00f0ingum einstaklingar og familjur kunnu standa fyri innan heilsuverki\u00f0.<\/p>\n\n\n\n<p>Vit gerast eldri, samstundis sum aldursb\u00fdti\u00f0 ver\u00f0ur skeivari. Eg meti fyribyrgjandi arbei\u00f0i er avgerandi fyri at var\u00f0veita v\u00e6lfer\u00f0ina. T\u00ed ynski eg, at:<\/p>\n\n\n\n<ul class=\"wp-block-list\">\n<li>\u00f8ll skulu hava fastan kommunul\u00e6kna<\/li>\n\n\n\n<li>\u00fatb\u00fagva fleiri l\u00e6knar og onnur heilsustarvsf\u00f3lk<\/li>\n\n\n\n<li>stu\u00f0la gransking<\/li>\n\n\n\n<li>fyribyrgja l\u00edvsst\u00edlssj\u00fakum m.a. vi\u00f0 at minka um royking, \u00f8kja um virkni\u00f0 og betra um kostin<\/li>\n<\/ul>\n\n\n\n<p><strong>Javnst\u00f8\u00f0a fyri teg, meg og F\u00f8royar<\/strong><\/p>\n\n\n\n<p>Ta\u00f0 er langur vegur til javnst\u00f8\u00f0u innan \u00f8ll \u00f8ki. Sum kvinna og mamma havi eg uppliva\u00f0 \u00f3javnst\u00f8\u00f0u \u00e1 n\u00f3gvum \u00f8kjum og sum l\u00e6kni s\u00edggi eg \u00f3javnan innan gransking, kvinnusj\u00fakur og vi\u00f0ger\u00f0.<\/p>\n\n\n\n<p>Eg vil arbei\u00f0a fyri r\u00e6ttv\u00edsi og javnst\u00f8\u00f0u serliga innan:<\/p>\n\n\n\n<ul class=\"wp-block-list\">\n<li>Barsilsskipanina.<\/li>\n<\/ul>\n\n\n\n<p>\u00cd l\u00f8tuni er hon vi\u00f0 til at var\u00f0veita st\u00f3ran l\u00f8narmun millum kyn. Lesandi skulu f\u00e1a h\u00e6gri barsilsgjald. Vit mugu hava \u00f8ktan fleksibilitet \u00ed skipanini vi\u00f0 m\u00f8guleika fyri at \u00fatseta barsilin og b\u00fdta hann upp eftir t\u00f8rvi.<\/p>\n\n\n\n<ul class=\"wp-block-list\">\n<li>Arbei\u00f0i.<\/li>\n<\/ul>\n\n\n\n<p>Ey\u00f0kendu umsorganarst\u00f8rvini\/kvinnust\u00f8rvini mugu vir\u00f0ast og ta\u00f0 skal vera m\u00f8guligt at r\u00f8kja umsorganarstarv, eisini sum einligur forsyrgjari, t.d. vi\u00f0 at tilbo\u00f0i um barnaansing eftir t\u00f8rvi.<\/p>\n\n\n\n<ul class=\"wp-block-list\">\n<li>Seksuella heilsu.<\/li>\n<\/ul>\n\n\n\n<p>Gentur og kvinnur skulu ikki hava \u00fatrei\u00f0slur bara av at vera gentur og kvinnur. \u00d3keypis menstruati\u00f3nsv\u00f8rur og \u00f3keypis fyribyrging skal bj\u00f3\u00f0ast. \u00d8ll ung hava r\u00e6tt til kvalifisera\u00f0a seksualundirv\u00eds\u00edng og hetta m\u00e1 eftirmetast.<\/p>\n\n\n\n<ul class=\"wp-block-list\">\n<li>\u00d3l\u00f8nt arbei\u00f0i.<\/li>\n<\/ul>\n\n\n\n<p>Vit mugu seta or\u00f0 \u00e1 \u00f3javnan innan \u00f3l\u00f8nt arbei\u00f0i. Eingin skal vera noyddur at fara ni\u00f0ur \u00ed arbei\u00f0st\u00ed\u00f0 vegna \u00f3l\u00f8nt arbei\u00f0i \u00ed heiminum. \u00d3l\u00f8nt arbei\u00f0i m\u00e1 ver\u00f0a b\u00fdtt javnt millum kyn.<\/p>\n\n\n\n<p><strong>Bygdal\u00edv fyri teg, meg og F\u00f8royar.<\/strong><\/p>\n\n\n\n<p>Bygdir hava alst\u00f3ran t\u00fddning fyri F\u00f8royar og f\u00f8royska bygdamentanin l\u00fdsir samleikan hj\u00e1 flestu f\u00f8royingum. T\u00edverri er bygdal\u00edv ikki ein partur av gerandisdegnum hj\u00e1 st\u00f8rsta partinum av yngra \u00e6ttarli\u00f0num \u00ed F\u00f8royum, t\u00ed tey flyta til Havnar, har starvsm\u00f8guleikarnir eru. F\u00f3lkatali\u00f0 \u00ed bygdunum er \u00ed minking, me\u00f0an h\u00f8vu\u00f0ssta\u00f0urin er undir tr\u00fdsti. Vit mugu arbei\u00f0a \u00edt\u00f8kiliga vi\u00f0 \u00f8kismenning n\u00fa.<\/p>\n\n\n\n<p>Eg ynski at arbei\u00f0a fyri<\/p>\n\n\n\n<ul class=\"wp-block-list\">\n<li>Arbei\u00f0spl\u00e1ssum \u00e1 bygd. Ta\u00f0 m\u00e1 vera m\u00f8guligt, t.d. vi\u00f0 akademiskari \u00fatb\u00fagving at f\u00e1a alment starv vi\u00f0 b\u00fasta\u00f0i uttan fyri h\u00f8vu\u00f0ssta\u00f0in. Hetta m\u00e1 ra\u00f0festast politiskt.<\/li>\n\n\n\n<li>B\u00fast\u00f8\u00f0um. H\u00f8vu\u00f0ssta\u00f0urin hevur ovurst\u00f3rt b\u00fasta\u00f0artrot, me\u00f0an h\u00fas \u00e1 bygd standa t\u00f3m. Ungar familjur f\u00e1a ikki m\u00f8guleikan, t.d. at velja heimsta\u00f0in til, h\u00f3ast t\u00e6r ynskja ta\u00f0. Hetta mugu vit seta okkum fyri at broyta.<\/li>\n\n\n\n<li>At var\u00f0veita bygdamentanina. N\u00f3gvir f\u00f8royingar hava tokka til f\u00f8roysku bygdamentanina og vit eru takksom fyri hana, t\u00e1 vit skulu selja landi\u00f0. Men bygdamentanin ver\u00f0ur bert var\u00f0veitt so leingi, sum onkur b\u00fdr \u00e1 bygd, og vi\u00f0 n\u00faverandi gongd kunnu vit skj\u00f3tt missa mentanarlig vir\u00f0i.<\/li>\n<\/ul>\n\n\n\n<p>Eg ynski einar sterkar F\u00f8royar vi\u00f0 sterkum h\u00f8vu\u00f0ssta\u00f0i og sterkum bygdum.<\/p>\n\n\n\n<p>Fyri fr\u00edum vali, vel Marin \u00ed Dali<\/p>\n","protected":false},"excerpt":{"rendered":"<p>Eg eiti Marin \u00ed Dali, eri 36 \u00e1r og eigi tr\u00fd b\u00f8rn undir 10 \u00e1r. Eg eri d\u00f3ttir Turi\u00f0 Vestergaard, l\u00e6rari \u00ed f\u00f8royskum og l\u00edvfr\u00f8\u00f0i \u00ed sk\u00falanum \u00e1 Tv\u00f8royri, og Tummas \u00ed Dali, undirv\u00edsari \u00ed s\u00f8gu og f\u00f8royskum m\u00e1li \u00e1 Mi\u00f0n\u00e1mi \u00ed Su\u00f0uroy. Eg eri uppvaksin vi\u00f0 tveimum t\u00f8ttum systkjum \u00ed fr\u00edum umhv\u00f8rvi vi\u00f0 n\u00f3gvum [&hellip;]<\/p>\n","protected":false},"author":23,"featured_media":42310,"comment_status":"closed","ping_status":"closed","sticky":false,"template":"","format":"standard","meta":{"ngg_post_thumbnail":0,"footnotes":""},"categories":[108],"tags":[],"class_list":["post-42309","post","type-post","status-publish","format-standard","has-post-thumbnail","hentry","category-logtingsval26"],"publishpress_future_action":{"enabled":false,"date":"2026-05-06 22:24:44","action":"change-status","newStatus":"draft","terms":[],"taxonomy":"category","extraData":[]},"publishpress_future_workflow_manual_trigger":{"enabledWorkflows":[]},"_links":{"self":[{"href":"https:\/\/sudurras.fo\/index.php?rest_route=\/wp\/v2\/posts\/42309","targetHints":{"allow":["GET"]}}],"collection":[{"href":"https:\/\/sudurras.fo\/index.php?rest_route=\/wp\/v2\/posts"}],"about":[{"href":"https:\/\/sudurras.fo\/index.php?rest_route=\/wp\/v2\/types\/post"}],"author":[{"embeddable":true,"href":"https:\/\/sudurras.fo\/index.php?rest_route=\/wp\/v2\/users\/23"}],"replies":[{"embeddable":true,"href":"https:\/\/sudurras.fo\/index.php?rest_route=%2Fwp%2Fv2%2Fcomments&post=42309"}],"version-history":[{"count":1,"href":"https:\/\/sudurras.fo\/index.php?rest_route=\/wp\/v2\/posts\/42309\/revisions"}],"predecessor-version":[{"id":42311,"href":"https:\/\/sudurras.fo\/index.php?rest_route=\/wp\/v2\/posts\/42309\/revisions\/42311"}],"wp:featuredmedia":[{"embeddable":true,"href":"https:\/\/sudurras.fo\/index.php?rest_route=\/wp\/v2\/media\/42310"}],"wp:attachment":[{"href":"https:\/\/sudurras.fo\/index.php?rest_route=%2Fwp%2Fv2%2Fmedia&parent=42309"}],"wp:term":[{"taxonomy":"category","embeddable":true,"href":"https:\/\/sudurras.fo\/index.php?rest_route=%2Fwp%2Fv2%2Fcategories&post=42309"},{"taxonomy":"post_tag","embeddable":true,"href":"https:\/\/sudurras.fo\/index.php?rest_route=%2Fwp%2Fv2%2Ftags&post=42309"}],"curies":[{"name":"wp","href":"https:\/\/api.w.org\/{rel}","templated":true}]}}