{"id":42315,"date":"2026-03-13T08:30:39","date_gmt":"2026-03-13T08:30:39","guid":{"rendered":"https:\/\/sudurras.fo\/?p=42315"},"modified":"2026-03-13T08:30:40","modified_gmt":"2026-03-13T08:30:40","slug":"biligari-bustadir-i-havn-og-kring-landid-vit-eru-longu-byrjad-2","status":"publish","type":"post","link":"https:\/\/sudurras.fo\/?p=42315","title":{"rendered":"B\u00edligari b\u00fasta\u00f0ir \u00ed Havn og kring landi\u00f0: Vit eru longu byrja\u00f0"},"content":{"rendered":"\n<p>Eg havi \u00ed longri t\u00ed\u00f0 arbeitt vi\u00f0 einum uppskoti, har vit f\u00e1a fleiri kommunur aktivt at taka lut \u00ed at byggja b\u00edligari \u00edb\u00fa\u00f0ur. \u00cd t\u00ed sambandi havi eg veri\u00f0 \u00e1 fundi vi\u00f0 n\u00f3gv f\u00f3lk, har \u00edmillum borgarstj\u00f3ran \u00ed Havn, Elsu Berg, sum hevur veri\u00f0 positiv um hugskoti\u00f0. Hon hevur eisini sett gongd \u00e1 at finna byggilendir \u00ed Havn og \u00ed Kollafir\u00f0i til endam\u00e1li\u00f0.&nbsp;<\/p>\n\n\n\n<p>Takk fyri ta\u00f0, g\u00f3\u00f0a Elsa.&nbsp;<\/p>\n\n\n\n<p>\u00cdt\u00f8kiliga uppskoti\u00f0 er, at kommunur seta byggilendi av til fyrit\u00f8kur, sum vilja byggja og selja til f\u00f3lk fyri ein l\u00e1gan fermetrapr\u00eds. Har grei\u00f0 kr\u00f8v eru um, hvat \u00edb\u00fa\u00f0irnar kunnu seljast fyri.&nbsp;<\/p>\n\n\n\n<p>Haraftrat mugu l\u00f8gfr\u00f8\u00f0ilig kr\u00f8v setast \u00ed keypss\u00e1ttm\u00e1lan millum partarnar, t\u00ed annars kann b\u00edliga \u00edb\u00fa\u00f0in enda sum ein spekulati\u00f3nsv\u00f8ra hj\u00e1 onkrum, sum selur hana fyri ta\u00f0 dupulta stutta t\u00ed\u00f0 aftan\u00e1.&nbsp;<\/p>\n\n\n\n<p>Ta\u00f0 skal ikki henda. Vit vilja ikki byggja s\u00f8luv\u00f8rur, vit vilja byggja heim til f\u00f3lk.<\/p>\n\n\n\n<p><strong>Hv\u00ed ikki um alt landi?<\/strong>&nbsp;<br>Ors\u00f8kin til, at eg f\u00f3r \u00ed gongd vi\u00f0 hetta arbei\u00f0i\u00f0 er, at t\u00e1 ta\u00f0 \u00ed V\u00e1gi ber til at byggja og selja f\u00fdra \u00edb\u00fa\u00f0ir \u00e1 einum grundstykki, sum er umlei\u00f0 550 fermetrar, fyri 1,8 mi\u00f3. kr. fyri hv\u00f8rja \u00edb\u00fa\u00f0, so ber ta\u00f0 sj\u00e1lvandi eisini til at byggja \u00edb\u00fa\u00f0ir \u00ed Havn (og kring landi\u00f0), sum kunnu seljast fyri t.d. 2,5 mi\u00f3. kr. &#8211; eisini h\u00f3ast grundstykkjapr\u00edsurin \u00ed Havn er v\u00e6l h\u00e6gri enn \u00ed V\u00e1gi.<\/p>\n\n\n\n<p>\u00cd m\u00ednum arbei\u00f0i\u00f0 vi\u00f0 at f\u00e1a sett fokus \u00e1 t\u00fddningin av at vit geva fyrit\u00f8kum, sum byggja b\u00edliga, ein fram\u00edhj\u00e1r\u00e6tt, havi eg veri\u00f0 hj\u00e1 peningastovnum, hj\u00e1 l\u00f3gark\u00f8num, hj\u00e1 fyrit\u00f8kum og hj\u00e1 kommunum.&nbsp;<\/p>\n\n\n\n<p>\u00cd Havn hevur Elsa Berg, borgarstj\u00f3ri tiki\u00f0 v\u00e6l \u00edm\u00f3ti hugskotinum. B\u00fasta\u00f0artroti\u00f0 er st\u00f3rt \u00ed h\u00f8vu\u00f0ssta\u00f0num og borgarstj\u00f3rin hevur ovast \u00e1 dagskr\u00e1nni at loysa hesa avbj\u00f3\u00f0ing.<\/p>\n\n\n\n<p>Elsa Berg ra\u00f0festir at hj\u00e1lpa fyrsufer\u00f0s keyparum, og hesin leisturin er ein t\u00fd\u00f0andi partur av loysnini.&nbsp;<\/p>\n\n\n\n<p>T\u00ed loysnin upp\u00e1 b\u00fasta\u00f0aravbj\u00f3\u00f0ingarnar sn\u00fdr seg lutv\u00edst um at ganga n\u00fdggjar lei\u00f0ir og hugsa\u00f0 n\u00fdggja loysnir.<\/p>\n\n\n\n<p>M\u00edtt uppskot er \u00edt\u00f8kiligt &#8211; og ikki minst ein loysn, sum fer at f\u00f8ra vi\u00f0 s\u00e6r fleiri b\u00edligar b\u00fasta\u00f0ir \u00ed Havn og a\u00f0rasta\u00f0ni \u00ed landinum. Og sj\u00e1lvandi ber ta\u00f0 til, t\u00e1 arbeitt ver\u00f0ur vi\u00f0 loysnum fyri teg, meg og F\u00f8royar.<\/p>\n\n\n\n<p><strong><em>N\u00e6sta stig ver\u00f0ur at tryggja, at bygt ver\u00f0ur fj\u00f8llbroytt &#8211; til st\u00f8k, ung, lesandi, p\u00f8r og eldri &#8211; og landi\u00f0 eisini velur fyrit\u00f8kur, sum byggja b\u00edligari. Meira um ta\u00f0 fyrsta dagin.&nbsp;<\/em><\/strong><\/p>\n\n\n\n<p><\/p>\n\n\n\n<p><strong>Dennis Holm<br>Tj\u00f3\u00f0veldi<\/strong><\/p>\n","protected":false},"excerpt":{"rendered":"<p>Eg havi \u00ed longri t\u00ed\u00f0 arbeitt vi\u00f0 einum uppskoti, har vit f\u00e1a fleiri kommunur aktivt at taka lut \u00ed at byggja b\u00edligari \u00edb\u00fa\u00f0ur. \u00cd t\u00ed sambandi havi eg veri\u00f0 \u00e1 fundi vi\u00f0 n\u00f3gv f\u00f3lk, har \u00edmillum borgarstj\u00f3ran \u00ed Havn, Elsu Berg, sum hevur veri\u00f0 positiv um hugskoti\u00f0. Hon hevur eisini sett gongd \u00e1 at finna [&hellip;]<\/p>\n","protected":false},"author":23,"featured_media":42260,"comment_status":"closed","ping_status":"closed","sticky":false,"template":"","format":"standard","meta":{"ngg_post_thumbnail":0,"footnotes":""},"categories":[108],"tags":[],"class_list":["post-42315","post","type-post","status-publish","format-standard","has-post-thumbnail","hentry","category-logtingsval26"],"publishpress_future_action":{"enabled":false,"date":"2026-05-06 22:39:50","action":"change-status","newStatus":"draft","terms":[],"taxonomy":"category","extraData":[]},"publishpress_future_workflow_manual_trigger":{"enabledWorkflows":[]},"_links":{"self":[{"href":"https:\/\/sudurras.fo\/index.php?rest_route=\/wp\/v2\/posts\/42315","targetHints":{"allow":["GET"]}}],"collection":[{"href":"https:\/\/sudurras.fo\/index.php?rest_route=\/wp\/v2\/posts"}],"about":[{"href":"https:\/\/sudurras.fo\/index.php?rest_route=\/wp\/v2\/types\/post"}],"author":[{"embeddable":true,"href":"https:\/\/sudurras.fo\/index.php?rest_route=\/wp\/v2\/users\/23"}],"replies":[{"embeddable":true,"href":"https:\/\/sudurras.fo\/index.php?rest_route=%2Fwp%2Fv2%2Fcomments&post=42315"}],"version-history":[{"count":1,"href":"https:\/\/sudurras.fo\/index.php?rest_route=\/wp\/v2\/posts\/42315\/revisions"}],"predecessor-version":[{"id":42316,"href":"https:\/\/sudurras.fo\/index.php?rest_route=\/wp\/v2\/posts\/42315\/revisions\/42316"}],"wp:featuredmedia":[{"embeddable":true,"href":"https:\/\/sudurras.fo\/index.php?rest_route=\/wp\/v2\/media\/42260"}],"wp:attachment":[{"href":"https:\/\/sudurras.fo\/index.php?rest_route=%2Fwp%2Fv2%2Fmedia&parent=42315"}],"wp:term":[{"taxonomy":"category","embeddable":true,"href":"https:\/\/sudurras.fo\/index.php?rest_route=%2Fwp%2Fv2%2Fcategories&post=42315"},{"taxonomy":"post_tag","embeddable":true,"href":"https:\/\/sudurras.fo\/index.php?rest_route=%2Fwp%2Fv2%2Ftags&post=42315"}],"curies":[{"name":"wp","href":"https:\/\/api.w.org\/{rel}","templated":true}]}}