{"id":42320,"date":"2026-03-13T10:34:55","date_gmt":"2026-03-13T10:34:55","guid":{"rendered":"https:\/\/sudurras.fo\/?p=42320"},"modified":"2026-03-13T10:34:56","modified_gmt":"2026-03-13T10:34:56","slug":"c2-venjaraskeid-i-suduroynni-i-vetur","status":"publish","type":"post","link":"https:\/\/sudurras.fo\/?p=42320","title":{"rendered":"C2 venjaraskei\u00f0 \u00ed Su\u00f0uroynni \u00ed vetur"},"content":{"rendered":"\n<p>\u00cd vetur hevur F\u00f3tb\u00f3ltssamband F\u00f8roya (FSF) saman vi\u00f0 f\u00f3tb\u00f3ltsfel\u00f8gunum \u00ed Su\u00f0uroy, skipa\u00f0 fyri einum venjaraskei\u00f0i, i\u00f0 nevnist C2.<\/p>\n\n\n\n<p>Hesi skei\u00f0ini eru vanliga \u00e1 skr\u00e1 hj\u00e1 FSF, men f\u00f3lkini \u00ed f\u00f3tb\u00f3ltsfel\u00f8gunum \u00ed Su\u00f0uroynni, FC Su\u00f0uroy, Royn og TB, hava \u00ed eina t\u00ed\u00f0 v\u00edst \u00e1, at ta\u00f0 hevur kravt n\u00f3gv av teirra lokalu venjarum, at tey fyri uttan at venja fleiri fer\u00f0ir um vikuna, eisini skulu fer\u00f0ast til dystir \u00ed vikuskiftunum.<br>Og n\u00fa t\u00e1 i\u00f0 \u00f8kt kr\u00f8v ver\u00f0a sett til fel\u00f8gini, um at hava \u00fatb\u00fanar venjarar, og at fel\u00f8gini sj\u00e1lvi ynski at uppstiga venjararnar, hevur ta\u00f0 fora\u00f0 fleiri, t\u00e1 i\u00f0 hesi hava skula nor\u00f0ureftir \u00e1 skei\u00f0 og t\u00edskil ni\u00f0urleggja arbei\u00f0i, og kanska eisini liggja n\u00e1tt.<\/p>\n\n\n\n<p>T\u00ed umr\u00f8ddu f\u00f3lkni \u00ed FSF saman vi\u00f0 fel\u00f8gunum \u00ed Su\u00f0uroy, um til bar at gera skei\u00f0, i\u00f0 v\u00f3ru fyriskipa\u00f0 solei\u00f0is, at ein st\u00f3rur partur var online, og so seinasti parturin var \u00ed g\u00f3\u00f0u k\u00f8rmunum \u00ed Margh\u00f8llini \u00ed V\u00e1gi.<br>Hetta hevur so veri\u00f0 roynt \u00ed vetur og n\u00fa vit eru komin um mi\u00f0an mars, so var seinasta parturin fyriskipa\u00f0ur \u00ed Margh\u00f8llini \u00ed V\u00e1gi, har instrukt\u00f8rarnir Eli Hentze og BIll McLeod Jacobsen hava undirv\u00edst, vegleitt og fylgt venjarunum og venjingum.<\/p>\n\n\n\n<p>Hesin leisturin hevur v\u00edst seg at rigga sera v\u00e6l, og ein av h\u00f8v\u00f0usungd\u00f3msvenjarunum \u00ed FC Su\u00f0uroy Finn Johannessen, fegnast um at FSF vildi bera so \u00ed bandi, at fleiri av ungd\u00f3msvenjarunum \u00ed FC Su\u00f0uroy fingu m\u00f8guleikan at uppstiga s\u00ednar venjaraf\u00f8rleikar \u00e1 henda h\u00e1tt og sigur solei\u00f0is:&nbsp;<br><em>&#8220;Vit hava vi\u00f0 hesum n\u00fdggja m\u00f8guleikanum fingi\u00f0 n\u00f3gv fleiri skikka\u00f0ar venjarar \u00ed felagsskapin kring FC Su\u00f0uroy. Hesin leisturin hevur eydnast fram\u00far v\u00e6l, og v\u00f3na vi,t at hetta ver\u00f0ur ein partur av m\u00f8guleikanum hj\u00e1 okkum her su\u00f0uri, til vit vera samanbundin vi\u00f0 restina av F\u00f8royum&#8221;.<\/em><\/p>\n\n\n\n<p>N\u00fa t\u00e1 i\u00f0 C2 venjaraskei\u00f0 er komi\u00f0 at enda, v\u00f3ru ta\u00f0 \u00ed alt 14 venjarar, i\u00f0 fingu gj\u00f8gnumf\u00f8rt skei\u00f0i\u00f0.<\/p>\n\n\n\n<figure class=\"wp-block-image size-full\"><img loading=\"lazy\" decoding=\"async\" width=\"640\" height=\"480\" src=\"https:\/\/sudurras.fo\/wp-content\/uploads\/2026\/03\/image-1.png\" alt=\"\" class=\"wp-image-42321\" srcset=\"https:\/\/sudurras.fo\/wp-content\/uploads\/2026\/03\/image-1.png 640w, https:\/\/sudurras.fo\/wp-content\/uploads\/2026\/03\/image-1-300x225.png 300w\" sizes=\"auto, (max-width: 640px) 100vw, 640px\" \/><\/figure>\n\n\n\n<figure class=\"wp-block-image size-full\"><img loading=\"lazy\" decoding=\"async\" width=\"640\" height=\"480\" src=\"https:\/\/sudurras.fo\/wp-content\/uploads\/2026\/03\/image-2.png\" alt=\"\" class=\"wp-image-42322\" srcset=\"https:\/\/sudurras.fo\/wp-content\/uploads\/2026\/03\/image-2.png 640w, https:\/\/sudurras.fo\/wp-content\/uploads\/2026\/03\/image-2-300x225.png 300w\" sizes=\"auto, (max-width: 640px) 100vw, 640px\" \/><\/figure>\n\n\n\n<p><\/p>\n","protected":false},"excerpt":{"rendered":"<p>\u00cd vetur hevur F\u00f3tb\u00f3ltssamband F\u00f8roya (FSF) saman vi\u00f0 f\u00f3tb\u00f3ltsfel\u00f8gunum \u00ed Su\u00f0uroy, skipa\u00f0 fyri einum venjaraskei\u00f0i, i\u00f0 nevnist C2. Hesi skei\u00f0ini eru vanliga \u00e1 skr\u00e1 hj\u00e1 FSF, men f\u00f3lkini \u00ed f\u00f3tb\u00f3ltsfel\u00f8gunum \u00ed Su\u00f0uroynni, FC Su\u00f0uroy, Royn og TB, hava \u00ed eina t\u00ed\u00f0 v\u00edst \u00e1, at ta\u00f0 hevur kravt n\u00f3gv av teirra lokalu venjarum, at tey fyri [&hellip;]<\/p>\n","protected":false},"author":23,"featured_media":42323,"comment_status":"closed","ping_status":"closed","sticky":false,"template":"","format":"standard","meta":{"ngg_post_thumbnail":0,"footnotes":""},"categories":[2],"tags":[],"class_list":["post-42320","post","type-post","status-publish","format-standard","has-post-thumbnail","hentry","category-itrottur"],"publishpress_future_action":{"enabled":false,"date":"2026-05-07 07:01:31","action":"change-status","newStatus":"draft","terms":[],"taxonomy":"category","extraData":[]},"publishpress_future_workflow_manual_trigger":{"enabledWorkflows":[]},"_links":{"self":[{"href":"https:\/\/sudurras.fo\/index.php?rest_route=\/wp\/v2\/posts\/42320","targetHints":{"allow":["GET"]}}],"collection":[{"href":"https:\/\/sudurras.fo\/index.php?rest_route=\/wp\/v2\/posts"}],"about":[{"href":"https:\/\/sudurras.fo\/index.php?rest_route=\/wp\/v2\/types\/post"}],"author":[{"embeddable":true,"href":"https:\/\/sudurras.fo\/index.php?rest_route=\/wp\/v2\/users\/23"}],"replies":[{"embeddable":true,"href":"https:\/\/sudurras.fo\/index.php?rest_route=%2Fwp%2Fv2%2Fcomments&post=42320"}],"version-history":[{"count":1,"href":"https:\/\/sudurras.fo\/index.php?rest_route=\/wp\/v2\/posts\/42320\/revisions"}],"predecessor-version":[{"id":42324,"href":"https:\/\/sudurras.fo\/index.php?rest_route=\/wp\/v2\/posts\/42320\/revisions\/42324"}],"wp:featuredmedia":[{"embeddable":true,"href":"https:\/\/sudurras.fo\/index.php?rest_route=\/wp\/v2\/media\/42323"}],"wp:attachment":[{"href":"https:\/\/sudurras.fo\/index.php?rest_route=%2Fwp%2Fv2%2Fmedia&parent=42320"}],"wp:term":[{"taxonomy":"category","embeddable":true,"href":"https:\/\/sudurras.fo\/index.php?rest_route=%2Fwp%2Fv2%2Fcategories&post=42320"},{"taxonomy":"post_tag","embeddable":true,"href":"https:\/\/sudurras.fo\/index.php?rest_route=%2Fwp%2Fv2%2Ftags&post=42320"}],"curies":[{"name":"wp","href":"https:\/\/api.w.org\/{rel}","templated":true}]}}