{"id":42332,"date":"2026-03-13T21:19:04","date_gmt":"2026-03-13T21:19:04","guid":{"rendered":"https:\/\/sudurras.fo\/?p=42332"},"modified":"2026-03-13T21:19:05","modified_gmt":"2026-03-13T21:19:05","slug":"skrivadi-putin-tidindini-i-utvarpinum","status":"publish","type":"post","link":"https:\/\/sudurras.fo\/?p=42332","title":{"rendered":"Skriva\u00f0i Putin t\u00ed\u00f0indini \u00ed \u00fatvarpinum?"},"content":{"rendered":"\n<p>T\u00fa undrast, ta\u00f0 gj\u00f8rdi eg eisini \u00ed morgun, m\u00e1tti lurta umaftur eftir morgunt\u00ed\u00f0indum \u00fatvarpsins.<\/p>\n\n\n\n<p>S\u00f8gurnar \u00far \u00fatlondum v\u00f3ru tr\u00edggjar. Fyrsta var ein \u00e1varandi s\u00f8ga fr\u00e1 Fjarskiftiseftirlitinum, fregnart\u00e6nastuni hj\u00e1 \u201cdanska\u201dpolitinum og &nbsp;fr\u00e1 \u201cdonsku\u201d verjuni Hesi \u00e1var\u00f0a okkum um vandan fyri upp\u00edlegging fr\u00e1 \u201cfremmandum maktum\u201d \u00ed f\u00f8royska vali\u00f0- sera aktuelt og forvitnisligt, helt eg.<\/p>\n\n\n\n<p><strong>Men eg gj\u00f8rdist kl\u00f3kari<\/strong><\/p>\n\n\n\n<p>Men eg gj\u00f8rdist kl\u00f3kari, og ikki s\u00f8rt kl\u00f8kkur av n\u00e6stu s\u00f8guni. Hendan var bygd \u00e1 fr\u00e1grei\u00f0ing fr\u00e1 felagsskapinum\u201d Nordic Safe Cities\u201d, i\u00f0 er sta\u00f0settur \u00ed \u201cCopenhagen og Oslo\u201d. Hesi v\u00edsa \u00e1 amerikumenn sum st\u00f3ru f\u00edggindar okkara. Grundgivi\u00f0 ver\u00f0ur vi\u00f0 \u00e1virkan amerikumenn \u00e1 gr\u00f8nlendska vali\u00f0.<\/p>\n\n\n\n<p><strong>Eitt k\u00e6rkomi\u00f0 wake-up call<\/strong><\/p>\n\n\n\n<p>Eitt \u00e1var\u00f0ingarr\u00f3p fr\u00e1 amerikanska forsetanum vakti danir \u00far dj\u00fapum sv\u00f8vni. H\u00e1lvvakna\u00f0ir hildu teir, kropp \u00e1 kroppi, \u00e1 \u201cp\u00edlagr\u00edmsfer\u00f0ir\u201d til gloymda landi\u00f0, Gr\u00f8nland. Vi\u00f0 s\u00e6r h\u00f8vdu teir n\u00e6rum \u00f3avmarka\u00f0ar peningan\u00f8gdir, umframt umberingar fyri b\u00e6\u00f0i eitt og anna\u00f0- drivnir av \u00e1ralangari ringari samvitsku.<\/p>\n\n\n\n<p>Hetta wake-up kalli\u00f0 fr\u00e1 amerikumonnum, ver\u00f0ur \u00ed dag sk\u00fdrt sum eitt \u00e1lop \u00e1 f\u00f3lkar\u00e6\u00f0i.<\/p>\n\n\n\n<p>G\u00f3\u00f0an morgun \u00fatvarp F\u00f8roya!<\/p>\n\n\n\n<p><strong>Kaja Kallas<\/strong><\/p>\n\n\n\n<p>Sum prikkurin yvir i\u2019i\u00f0 kom so dagsins bo\u00f0skapur fr\u00e1 Eslendska uttanr\u00edkisstj\u00f3ranum \u00ed ES, Kaju Kallas, sum sigur seg halda:<\/p>\n\n\n\n<ul class=\"wp-block-list\">\n<li>at USA roynir at skapa sundurlyndi og spja\u00f0ing \u00ed Evropa og gera ES veikari.<\/li>\n\n\n\n<li>at ta\u00f0 er av t\u00fddningi, at f\u00f3lk skilja, at USA t\u00fd\u00f0iliga vil skapa spa\u00f0ing \u00ed Evropa.<\/li>\n\n\n\n<li>at USA d\u00e1mar ikki ES,<\/li>\n\n\n\n<li>at ES-londini eiga at standa saman m\u00f3ti USA, t\u00ed eimum d\u00e1mar ikki, at vit standa saman.<\/li>\n\n\n\n<li>\u00a0<\/li>\n<\/ul>\n\n\n\n<p><strong>Nei, t\u00edverri hevur Putin anna\u00f0 at gera<\/strong><\/p>\n\n\n\n<p>Nei ikkki er Putin settur \u00ed starv \u00ed Kringvarpinum, hann hevur enn \u00far at gera vi\u00f0 at oy\u00f0a mannal\u00edv.<\/p>\n\n\n\n<ul class=\"wp-block-list\">\n<li>Umlei\u00f0 1000 av egnu soldatum s\u00ednum hevur hann sent \u00ed dey\u00f0an hv\u00f8nn einasta dag seinastu tr\u00fd \u00e1rini, samanlagt fleiri enn 1. Mi\u00f3. Harumframt koma tey t\u00fasundatals \u00f3seku civilu \u00ed Ukraina<\/li>\n\n\n\n<li>Og umframt hetta str\u00ed\u00f0ist hann vi\u00f0 andst\u00f8\u00f0upolitikarar s\u00ednar. N\u00f8kur ver\u00f0a varpa\u00f0i \u00fat gj\u00f8gnum h\u00e1h\u00fasvindeygu (gjarna \u00ed sj\u00fakrah\u00fasum), onnur doyggja \u00ed flogvanlukkum og uppaftur onnur ver\u00f0a eitra\u00f0i runt allan heim.<\/li>\n<\/ul>\n\n\n\n<p><strong>N\u00fa mundi eg gloymt.<\/strong><\/p>\n\n\n\n<p>Orsaka\u00f0, n\u00fa mundi eg gloymt at nevnt, at eg fari at gera sum \u00fatvarpst\u00ed\u00f0indini b\u00f3\u00f0u meg gera, eg fari at:<\/p>\n\n\n\n<ul class=\"wp-block-list\">\n<li>at vera \u00e1rvakin og br\u00faka vit og skil, og ikki tr\u00fagva \u00f8llum, t\u00fa s\u00e6rt \u00e1 netinum.<\/li>\n\n\n\n<li>og kanna um fleiri eftirfarandi mi\u00f0lar skriva ta\u00f0 sama.<\/li>\n<\/ul>\n","protected":false},"excerpt":{"rendered":"<p>T\u00fa undrast, ta\u00f0 gj\u00f8rdi eg eisini \u00ed morgun, m\u00e1tti lurta umaftur eftir morgunt\u00ed\u00f0indum \u00fatvarpsins. S\u00f8gurnar \u00far \u00fatlondum v\u00f3ru tr\u00edggjar. Fyrsta var ein \u00e1varandi s\u00f8ga fr\u00e1 Fjarskiftiseftirlitinum, fregnart\u00e6nastuni hj\u00e1 \u201cdanska\u201dpolitinum og &nbsp;fr\u00e1 \u201cdonsku\u201d verjuni Hesi \u00e1var\u00f0a okkum um vandan fyri upp\u00edlegging fr\u00e1 \u201cfremmandum maktum\u201d \u00ed f\u00f8royska vali\u00f0- sera aktuelt og forvitnisligt, helt eg. Men eg gj\u00f8rdist [&hellip;]<\/p>\n","protected":false},"author":23,"featured_media":42267,"comment_status":"closed","ping_status":"closed","sticky":false,"template":"","format":"standard","meta":{"ngg_post_thumbnail":0,"footnotes":""},"categories":[108],"tags":[],"class_list":["post-42332","post","type-post","status-publish","format-standard","has-post-thumbnail","hentry","category-logtingsval26"],"publishpress_future_action":{"enabled":false,"date":"2026-05-06 22:59:47","action":"change-status","newStatus":"draft","terms":[],"taxonomy":"category","extraData":[]},"publishpress_future_workflow_manual_trigger":{"enabledWorkflows":[]},"_links":{"self":[{"href":"https:\/\/sudurras.fo\/index.php?rest_route=\/wp\/v2\/posts\/42332","targetHints":{"allow":["GET"]}}],"collection":[{"href":"https:\/\/sudurras.fo\/index.php?rest_route=\/wp\/v2\/posts"}],"about":[{"href":"https:\/\/sudurras.fo\/index.php?rest_route=\/wp\/v2\/types\/post"}],"author":[{"embeddable":true,"href":"https:\/\/sudurras.fo\/index.php?rest_route=\/wp\/v2\/users\/23"}],"replies":[{"embeddable":true,"href":"https:\/\/sudurras.fo\/index.php?rest_route=%2Fwp%2Fv2%2Fcomments&post=42332"}],"version-history":[{"count":1,"href":"https:\/\/sudurras.fo\/index.php?rest_route=\/wp\/v2\/posts\/42332\/revisions"}],"predecessor-version":[{"id":42333,"href":"https:\/\/sudurras.fo\/index.php?rest_route=\/wp\/v2\/posts\/42332\/revisions\/42333"}],"wp:featuredmedia":[{"embeddable":true,"href":"https:\/\/sudurras.fo\/index.php?rest_route=\/wp\/v2\/media\/42267"}],"wp:attachment":[{"href":"https:\/\/sudurras.fo\/index.php?rest_route=%2Fwp%2Fv2%2Fmedia&parent=42332"}],"wp:term":[{"taxonomy":"category","embeddable":true,"href":"https:\/\/sudurras.fo\/index.php?rest_route=%2Fwp%2Fv2%2Fcategories&post=42332"},{"taxonomy":"post_tag","embeddable":true,"href":"https:\/\/sudurras.fo\/index.php?rest_route=%2Fwp%2Fv2%2Ftags&post=42332"}],"curies":[{"name":"wp","href":"https:\/\/api.w.org\/{rel}","templated":true}]}}