{"id":42334,"date":"2026-03-13T21:20:59","date_gmt":"2026-03-13T21:20:59","guid":{"rendered":"https:\/\/sudurras.fo\/?p=42334"},"modified":"2026-03-13T21:21:01","modified_gmt":"2026-03-13T21:21:01","slug":"javnstoda-a-badum-vallistum-hja-tjodveldi","status":"publish","type":"post","link":"https:\/\/sudurras.fo\/?p=42334","title":{"rendered":"Javnst\u00f8\u00f0a \u00e1 b\u00e1\u00f0um vallistum hj\u00e1 Tj\u00f3\u00f0veldi"},"content":{"rendered":"\n<p><strong>Vi\u00f0 herr\u00f3pinum \u201dFyri teg, meg og F\u00f8royar\u201d stillar Tj\u00f3\u00f0veldi endiliga upp vi\u00f0 27 valevnum til l\u00f8gtingsvali\u00f0 og 8 valevnum til f\u00f3lkatingsvali\u00f0. Talan er um javnst\u00f8\u00f0u millum kynini \u00e1 b\u00e1\u00f0um listunum.<\/strong><\/p>\n\n\n\n<p>Tey, sum stilla upp fyri Tj\u00f3\u00f0veldi til l\u00f8gtingsvali\u00f0 26. mars 2026 eru hesi 27 valevnini fr\u00e1 \u00f8llum landinum:<\/p>\n\n\n\n<ul class=\"wp-block-list\">\n<li>Anfinn \u00ed Toft<\/li>\n\n\n\n<li>Annika Olsen<\/li>\n\n\n\n<li>\u00c1sla Leila Birgirsd\u00f3ttir Johansen<\/li>\n\n\n\n<li>Bj\u00f8rg Brynhildard\u00f3ttir Egholm<\/li>\n\n\n\n<li>Bj\u00f8rk Berg Wiggins<\/li>\n\n\n\n<li>Brandar He\u00f0insson<\/li>\n\n\n\n<li>Dennis Holm<\/li>\n\n\n\n<li>Eirikur \u00ed J\u00e1kupsstovu<\/li>\n\n\n\n<li>Erling Eidesgaard<\/li>\n\n\n\n<li>Hergeir Teitsson<\/li>\n\n\n\n<li>Herv\u00f8r P\u00e1lsd\u00f3ttir<\/li>\n\n\n\n<li>H\u00f8gni Hoydal<\/li>\n\n\n\n<li>Hendrik Egholm<\/li>\n\n\n\n<li>J\u00f3han Christiansen<\/li>\n\n\n\n<li>Hanna Paula vi\u00f0 Streym<\/li>\n\n\n\n<li>Kim Hansen<\/li>\n\n\n\n<li>Liljan Weihe<\/li>\n\n\n\n<li>Luna Klein Joensen<\/li>\n\n\n\n<li>Magnus Gaard<\/li>\n\n\n\n<li>Marin \u00ed Dali<\/li>\n\n\n\n<li>P\u00e6tur Weihe Simonsen<\/li>\n\n\n\n<li>Rakul \u00ed Ger\u00f0inum<\/li>\n\n\n\n<li>Sigrid Jensd\u00f3ttir Dalsgaard<\/li>\n\n\n\n<li>Siri\u00f0 Stenberg<\/li>\n\n\n\n<li>Steinbj\u00f8rn Hardlei<\/li>\n\n\n\n<li>Tj\u00f3\u00f0hild Patursson<\/li>\n\n\n\n<li>V\u00edgdis Bjarnad\u00f3ttir<\/li>\n<\/ul>\n\n\n\n<p>Tj\u00f3\u00f0veldi stillar eisini \u00e1tta f\u00f3lk upp til f\u00f3lkatingsvali\u00f0 24. Mars 2026. Tey eru Annika Olsen, Dennis Holm, Eirikur \u00ed J\u00e1kupsstovu, Herv\u00f8r P\u00e1lsd\u00f3ttir, H\u00f8gni Hoydal, Liljan Weihe, Siri\u00f0 Stenberg og J\u00f3hannis Erlendsson.<\/p>\n\n\n\n<p>Tj\u00f3\u00f0veldi\u00f0 var fyrsti flokkurin, i\u00f0 leg\u00f0i s\u00edna valskr\u00e1 fram m\u00e1nadagin. Undir herr\u00f3pinum \u201dFyri teg, meg og F\u00f8royar\u201d byggir valskr\u00e1in \u00e1 tr\u00edggjar s\u00falur:<\/p>\n\n\n\n<ul class=\"wp-block-list\">\n<li>F\u00f8royar \u00ed heiminum &#8211; sj\u00e1lvst\u00f8\u00f0ugt land<\/li>\n\n\n\n<li>Heimi\u00f0 F\u00f8royar &#8211; Framt\u00ed\u00f0in er \u00ed F\u00f8royum<\/li>\n\n\n\n<li>Heimurin \u00ed F\u00f8royum &#8211; Haldf\u00f8r integrati\u00f3n<\/li>\n<\/ul>\n\n\n\n<p>Ein kann lesa meira um valskr\u00e1nna \u00e1 tjodveldi.fo, sum er galdandi fyri b\u00e6\u00f0i valini.<\/p>\n","protected":false},"excerpt":{"rendered":"<p>Vi\u00f0 herr\u00f3pinum \u201dFyri teg, meg og F\u00f8royar\u201d stillar Tj\u00f3\u00f0veldi endiliga upp vi\u00f0 27 valevnum til l\u00f8gtingsvali\u00f0 og 8 valevnum til f\u00f3lkatingsvali\u00f0. Talan er um javnst\u00f8\u00f0u millum kynini \u00e1 b\u00e1\u00f0um listunum. Tey, sum stilla upp fyri Tj\u00f3\u00f0veldi til l\u00f8gtingsvali\u00f0 26. mars 2026 eru hesi 27 valevnini fr\u00e1 \u00f8llum landinum: Tj\u00f3\u00f0veldi stillar eisini \u00e1tta f\u00f3lk upp til [&hellip;]<\/p>\n","protected":false},"author":23,"featured_media":42335,"comment_status":"closed","ping_status":"closed","sticky":false,"template":"","format":"standard","meta":{"ngg_post_thumbnail":0,"footnotes":""},"categories":[108],"tags":[],"class_list":["post-42334","post","type-post","status-publish","format-standard","has-post-thumbnail","hentry","category-logtingsval26"],"publishpress_future_action":{"enabled":false,"date":"2026-05-06 23:10:43","action":"change-status","newStatus":"draft","terms":[],"taxonomy":"category","extraData":[]},"publishpress_future_workflow_manual_trigger":{"enabledWorkflows":[]},"_links":{"self":[{"href":"https:\/\/sudurras.fo\/index.php?rest_route=\/wp\/v2\/posts\/42334","targetHints":{"allow":["GET"]}}],"collection":[{"href":"https:\/\/sudurras.fo\/index.php?rest_route=\/wp\/v2\/posts"}],"about":[{"href":"https:\/\/sudurras.fo\/index.php?rest_route=\/wp\/v2\/types\/post"}],"author":[{"embeddable":true,"href":"https:\/\/sudurras.fo\/index.php?rest_route=\/wp\/v2\/users\/23"}],"replies":[{"embeddable":true,"href":"https:\/\/sudurras.fo\/index.php?rest_route=%2Fwp%2Fv2%2Fcomments&post=42334"}],"version-history":[{"count":1,"href":"https:\/\/sudurras.fo\/index.php?rest_route=\/wp\/v2\/posts\/42334\/revisions"}],"predecessor-version":[{"id":42336,"href":"https:\/\/sudurras.fo\/index.php?rest_route=\/wp\/v2\/posts\/42334\/revisions\/42336"}],"wp:featuredmedia":[{"embeddable":true,"href":"https:\/\/sudurras.fo\/index.php?rest_route=\/wp\/v2\/media\/42335"}],"wp:attachment":[{"href":"https:\/\/sudurras.fo\/index.php?rest_route=%2Fwp%2Fv2%2Fmedia&parent=42334"}],"wp:term":[{"taxonomy":"category","embeddable":true,"href":"https:\/\/sudurras.fo\/index.php?rest_route=%2Fwp%2Fv2%2Fcategories&post=42334"},{"taxonomy":"post_tag","embeddable":true,"href":"https:\/\/sudurras.fo\/index.php?rest_route=%2Fwp%2Fv2%2Ftags&post=42334"}],"curies":[{"name":"wp","href":"https:\/\/api.w.org\/{rel}","templated":true}]}}