{"id":42347,"date":"2026-03-14T09:33:47","date_gmt":"2026-03-14T09:33:47","guid":{"rendered":"https:\/\/sudurras.fo\/?p=42347"},"modified":"2026-03-14T09:33:48","modified_gmt":"2026-03-14T09:33:48","slug":"vit-leita-eftir-logfrodingi-til-almanna-og-heilsumalaradid-arbeidsstadur-a-bygd","status":"publish","type":"post","link":"https:\/\/sudurras.fo\/?p=42347","title":{"rendered":"Vit leita eftir l\u00f8gfr\u00f8\u00f0ingi til Almanna- og heilsum\u00e1lar\u00e1\u00f0i\u00f0. Arbei\u00f0ssta\u00f0ur: \u00c1 bygd"},"content":{"rendered":"\n<p>F\u00f3lkaminking \u00ed n\u00f3gvum sm\u00e1um b\u00fdum og bygdum \u00ed F\u00f8royum, serliga \u00ed Su\u00f0uroynni, og brakandi f\u00f3lkav\u00f8kstur \u00ed h\u00f8vu\u00f0ssta\u00f0num.<\/p>\n\n\n\n<p>Er ta\u00f0 fr\u00edtt val at b\u00faseta seg \u00ed Havn, ella er ta\u00f0 einasti og besti m\u00f8guleikin?<\/p>\n\n\n\n<p>Ung fara avsta\u00f0, men sleppa ikki heim aftur<\/p>\n\n\n\n<p>Tey ungu \u00ed sm\u00e6rru f\u00f8roysku b\u00fdunum og bygdunum fara heiman\u00edfr\u00e1 fyri at nema s\u00e6r \u00fatb\u00fagving og ta\u00f0 er g\u00f3\u00f0ur l\u00e6rd\u00f3mur. Men tey flestu f\u00e1a ikki m\u00f8guleikan at venda heim aftur til bygdina vi\u00f0 t\u00ed akademiska \u00ed ryggsekkinum.<\/p>\n\n\n\n<p><strong>Akademikari \u00e1 bygd<\/strong><\/p>\n\n\n\n<p>Vilja vit var\u00f0veita l\u00edv \u00ed \u00f8kjunum uttan fyri h\u00f8vu\u00f0ssta\u00f0in, har f\u00f3lk kunnu virka og tr\u00edvast, mugu vit tora at br\u00f3ta hetta mynstur.<\/p>\n\n\n\n<p>Ta\u00f0 eigur at vera ein sj\u00e1lvs\u00f8gd politisk ra\u00f0festing, at eisini akademisk arbei\u00f0spl\u00e1ss kunnu vera \u00ed sm\u00e1u b\u00fdunum. Ja, ta\u00f0 eigur at standa \u00e1 starvsl\u00fdsingini:<\/p>\n\n\n\n<p>\u201cVit leita eftir l\u00f8gfr\u00f8\u00f0ingi til Almanna- og heilsum\u00e1lar\u00e1\u00f0i\u00f0. Arbei\u00f0ssta\u00f0ur: Skrivstovufelagsskapur \u00e1 Tv\u00f8royri, Klaksv\u00edk ella Sandav\u00e1gi.\u201d<\/p>\n\n\n\n<p><strong>Skrivstovufelagsskapir<\/strong><\/p>\n\n\n\n<p>Vit mugu skapa betri karmar fyri fjararbei\u00f0spl\u00e1ss uttan fyri h\u00f8vu\u00f0ssta\u00f0in.<\/p>\n\n\n\n<p>Ein \u00edt\u00f8kilig loysn er at gera bygningar \u00ed sm\u00e1u b\u00fdunum um til skrivstovufelagsskapir, sum kunnu vera arbei\u00f0spl\u00e1ss fyri fjararbei\u00f0i kn\u00fdtt at ymiskum stovnum a\u00f0rasta\u00f0ni.<\/p>\n\n\n\n<p>Vit vita, at t\u00f8kniliga ber ta\u00f0 til og KT-trygdin er \u00ed lagi.<\/p>\n\n\n\n<p><strong>L\u00edvsjavnv\u00e1g<\/strong><\/p>\n\n\n\n<p>Eg ivist onga l\u00f8tu \u00ed, at vit t\u00e1 h\u00f8vdu fingi\u00f0 m.a. l\u00f8gfr\u00f8\u00f0ingar og stj\u00f3rnm\u00e1lafr\u00f8\u00f0ingar heim aftur til F\u00f8roya, t\u00ed tey t\u00e1 f\u00e1a b\u00e6\u00f0i ta\u00f0 serstaka f\u00f8royska bygdal\u00edvi\u00f0, ta\u00f0 trygga umhv\u00f8rvi\u00f0 hj\u00e1 b\u00f8rnunum at vaksa upp \u00ed, t\u00ed\u00f0 og j\u00f8r\u00f0 til h\u00fasdj\u00f3r og at planta egi\u00f0 gr\u00f8nmeti, samstundis sum tey sleppa at gagnn\u00fdta akademisku f\u00f8rleikarnar, tey hava ogna\u00f0 s\u00e6r.<\/p>\n\n\n\n<p>Hetta hev\u00f0i<\/p>\n\n\n\n<ul class=\"wp-block-list\">\n<li>givi\u00f0 almenn st\u00f8rv vi\u00f0 b\u00fasta\u00f0i kring landi\u00f0 uttan at flyta almenn arbei\u00f0spl\u00e1ss.<\/li>\n<\/ul>\n\n\n\n<ul class=\"wp-block-list\">\n<li>styrkt lokalsamfelagi\u00f0 \u00ed bygdunum og sm\u00e1u b\u00fdunum.<\/li>\n\n\n\n<li>minka\u00f0 um fer\u00f0sluna til og fr\u00e1 h\u00f8vu\u00f0ssta\u00f0num.<\/li>\n\n\n\n<li>givi\u00f0 fleiri f\u00f3lkum, serliga ungum familjum, m\u00f8guleika at b\u00fagva har, tey hava s\u00ednar r\u00f8tur og kenna seg heima.<\/li>\n<\/ul>\n\n\n\n<p>Eg ynski einar sterkar F\u00f8royar vi\u00f0 sterkum h\u00f8vu\u00f0ssta\u00f0i og sterkum bygdum.<\/p>\n\n\n\n<p><\/p>\n\n\n\n<p>&#8211;&nbsp;&nbsp;&nbsp;&nbsp;&nbsp;&nbsp;&nbsp; Fyri fr\u00edum vali, vel Marin \u00ed Dali<\/p>\n\n\n\n<p><\/p>\n","protected":false},"excerpt":{"rendered":"<p>F\u00f3lkaminking \u00ed n\u00f3gvum sm\u00e1um b\u00fdum og bygdum \u00ed F\u00f8royum, serliga \u00ed Su\u00f0uroynni, og brakandi f\u00f3lkav\u00f8kstur \u00ed h\u00f8vu\u00f0ssta\u00f0num. Er ta\u00f0 fr\u00edtt val at b\u00faseta seg \u00ed Havn, ella er ta\u00f0 einasti og besti m\u00f8guleikin? Ung fara avsta\u00f0, men sleppa ikki heim aftur Tey ungu \u00ed sm\u00e6rru f\u00f8roysku b\u00fdunum og bygdunum fara heiman\u00edfr\u00e1 fyri at nema s\u00e6r [&hellip;]<\/p>\n","protected":false},"author":23,"featured_media":42349,"comment_status":"closed","ping_status":"closed","sticky":false,"template":"","format":"standard","meta":{"ngg_post_thumbnail":0,"footnotes":""},"categories":[108],"tags":[],"class_list":["post-42347","post","type-post","status-publish","format-standard","has-post-thumbnail","hentry","category-logtingsval26"],"publishpress_future_action":{"enabled":false,"date":"2026-05-06 23:23:26","action":"change-status","newStatus":"draft","terms":[],"taxonomy":"category","extraData":[]},"publishpress_future_workflow_manual_trigger":{"enabledWorkflows":[]},"_links":{"self":[{"href":"https:\/\/sudurras.fo\/index.php?rest_route=\/wp\/v2\/posts\/42347","targetHints":{"allow":["GET"]}}],"collection":[{"href":"https:\/\/sudurras.fo\/index.php?rest_route=\/wp\/v2\/posts"}],"about":[{"href":"https:\/\/sudurras.fo\/index.php?rest_route=\/wp\/v2\/types\/post"}],"author":[{"embeddable":true,"href":"https:\/\/sudurras.fo\/index.php?rest_route=\/wp\/v2\/users\/23"}],"replies":[{"embeddable":true,"href":"https:\/\/sudurras.fo\/index.php?rest_route=%2Fwp%2Fv2%2Fcomments&post=42347"}],"version-history":[{"count":2,"href":"https:\/\/sudurras.fo\/index.php?rest_route=\/wp\/v2\/posts\/42347\/revisions"}],"predecessor-version":[{"id":42350,"href":"https:\/\/sudurras.fo\/index.php?rest_route=\/wp\/v2\/posts\/42347\/revisions\/42350"}],"wp:featuredmedia":[{"embeddable":true,"href":"https:\/\/sudurras.fo\/index.php?rest_route=\/wp\/v2\/media\/42349"}],"wp:attachment":[{"href":"https:\/\/sudurras.fo\/index.php?rest_route=%2Fwp%2Fv2%2Fmedia&parent=42347"}],"wp:term":[{"taxonomy":"category","embeddable":true,"href":"https:\/\/sudurras.fo\/index.php?rest_route=%2Fwp%2Fv2%2Fcategories&post=42347"},{"taxonomy":"post_tag","embeddable":true,"href":"https:\/\/sudurras.fo\/index.php?rest_route=%2Fwp%2Fv2%2Ftags&post=42347"}],"curies":[{"name":"wp","href":"https:\/\/api.w.org\/{rel}","templated":true}]}}