{"id":42351,"date":"2026-03-15T16:56:11","date_gmt":"2026-03-15T16:56:11","guid":{"rendered":"https:\/\/sudurras.fo\/?p=42351"},"modified":"2026-03-15T16:56:12","modified_gmt":"2026-03-15T16:56:12","slug":"fc-suduroy-bjodar-til-fotboltsskula-i-paskaferiuni","status":"publish","type":"post","link":"https:\/\/sudurras.fo\/?p=42351","title":{"rendered":"FC Su\u00f0uroy bj\u00f3\u00f0ar til f\u00f3tb\u00f3ltssk\u00fala \u00ed p\u00e1skaferiuni"},"content":{"rendered":"\n<p>Seinast \u00ed marsm\u00e1na\u00f0i hava sk\u00falan\u00e6mingar p\u00e1skaferiu og FC Su\u00f0uroy bj\u00f3\u00f0ar t\u00e1 til tveir spennandi f\u00f3tb\u00f3ltssk\u00faladagar.&nbsp;<\/p>\n\n\n\n<p>Flestu f\u00f3tb\u00f3ltsk\u00falarnir kring landi\u00f0 hava ligi\u00f0 \u00ed summarferiuni, men \u00ed \u00e1r ynskir FC Su\u00f0uroy at byrja f\u00f3tb\u00f3lts\u00e1ri\u00f0 vi\u00f0 einum f\u00f3tb\u00f3ltssk\u00fala m\u00e1nadagin 30. og t\u00fdsdagin 31. mars.<\/p>\n\n\n\n<p>Margh\u00f8llin og v\u00f8llurin \u00e1 V\u00e1gsei\u00f0i ver\u00f0a \u00ed \u00e1r karmar um f\u00f3tb\u00f3ltssk\u00falan og koma venjarar \u00far FC Su\u00f0uroy og eisini nakrir \u00far \u00f8\u00f0rum fel\u00f8gum at standa fyri venjingunum.&nbsp;<\/p>\n\n\n\n<p>Umframt f\u00f3tb\u00f3ltsvenjing, so eru eisini stuttlig sp\u00f8l, matur, hugnaligur felagsskapur og svimjing \u00e1 skr\u00e1nni hesar dagarnar \u00ed V\u00e1gi.<\/p>\n\n\n\n<p>Tilmeldingin til f\u00f3tb\u00f3ltssk\u00falan byrja\u00f0i \u00ed vikuni og longu n\u00fa hava n\u00f3gv melda til og spennandi ver\u00f0ur um hesin f\u00f3tb\u00f3ltssk\u00falin ver\u00f0ur enn st\u00f8rri enn \u00ed fj\u00f8r.<\/p>\n\n\n\n<p>Aldursmarki\u00f0 er at ein skal vera fyltur 8\u00e1r \u00ed \u00e1r og upp til 15\u00e1r og er fyri \u00f8ll, \u00f3ans\u00e6\u00f0 \u00far hv\u00f8rjum felag ella hv\u00f8rjum menningarstigi ein er \u00e1.&nbsp;<\/p>\n\n\n\n<p>Seinasti partur av f\u00f3tb\u00f3ltssk\u00falanum ver\u00f0ur skipa\u00f0ur sum dystarseinnapartur vi\u00f0 n\u00f3gvum blanda\u00f0um li\u00f0um og t\u00e1 i\u00f0 sk\u00falin endar f\u00e1a allir luttakararnir eisini hv\u00f8r s\u00edn f\u00f3tb\u00f3lt og t-shirt.&nbsp;<\/p>\n\n\n\n<p>V\u00e6lkomin til nakrar spennandi f\u00f3tb\u00f3ltsdagar \u00ed V\u00e1gi \u00ed p\u00e1skaferiuni.<\/p>\n\n\n\n<p>Leinkjan til tilmelding s\u00e6st her:&nbsp;<a href=\"https:\/\/www.atgongumerki.fo\/3587140\/fotboltsskulin-i-vagi\" target=\"_blank\" rel=\"noreferrer noopener\">https:\/\/www.atgongumerki.fo\/3587140\/fotboltsskulin-i-vagi<\/a><\/p>\n\n\n\n<figure class=\"wp-block-image size-large\"><img loading=\"lazy\" decoding=\"async\" width=\"1024\" height=\"769\" src=\"https:\/\/sudurras.fo\/wp-content\/uploads\/2026\/03\/image-3-1024x769.png\" alt=\"\" class=\"wp-image-42352\" srcset=\"https:\/\/sudurras.fo\/wp-content\/uploads\/2026\/03\/image-3-1024x769.png 1024w, https:\/\/sudurras.fo\/wp-content\/uploads\/2026\/03\/image-3-300x225.png 300w, https:\/\/sudurras.fo\/wp-content\/uploads\/2026\/03\/image-3-768x577.png 768w, https:\/\/sudurras.fo\/wp-content\/uploads\/2026\/03\/image-3.png 1278w\" sizes=\"auto, (max-width: 1024px) 100vw, 1024px\" \/><\/figure>\n","protected":false},"excerpt":{"rendered":"<p>Seinast \u00ed marsm\u00e1na\u00f0i hava sk\u00falan\u00e6mingar p\u00e1skaferiu og FC Su\u00f0uroy bj\u00f3\u00f0ar t\u00e1 til tveir spennandi f\u00f3tb\u00f3ltssk\u00faladagar.&nbsp; Flestu f\u00f3tb\u00f3ltsk\u00falarnir kring landi\u00f0 hava ligi\u00f0 \u00ed summarferiuni, men \u00ed \u00e1r ynskir FC Su\u00f0uroy at byrja f\u00f3tb\u00f3lts\u00e1ri\u00f0 vi\u00f0 einum f\u00f3tb\u00f3ltssk\u00fala m\u00e1nadagin 30. og t\u00fdsdagin 31. mars. Margh\u00f8llin og v\u00f8llurin \u00e1 V\u00e1gsei\u00f0i ver\u00f0a \u00ed \u00e1r karmar um f\u00f3tb\u00f3ltssk\u00falan og koma venjarar [&hellip;]<\/p>\n","protected":false},"author":23,"featured_media":42353,"comment_status":"closed","ping_status":"closed","sticky":false,"template":"","format":"standard","meta":{"ngg_post_thumbnail":0,"footnotes":""},"categories":[2],"tags":[],"class_list":["post-42351","post","type-post","status-publish","format-standard","has-post-thumbnail","hentry","category-itrottur"],"publishpress_future_action":{"enabled":false,"date":"2026-05-07 06:23:18","action":"change-status","newStatus":"draft","terms":[],"taxonomy":"category","extraData":[]},"publishpress_future_workflow_manual_trigger":{"enabledWorkflows":[]},"_links":{"self":[{"href":"https:\/\/sudurras.fo\/index.php?rest_route=\/wp\/v2\/posts\/42351","targetHints":{"allow":["GET"]}}],"collection":[{"href":"https:\/\/sudurras.fo\/index.php?rest_route=\/wp\/v2\/posts"}],"about":[{"href":"https:\/\/sudurras.fo\/index.php?rest_route=\/wp\/v2\/types\/post"}],"author":[{"embeddable":true,"href":"https:\/\/sudurras.fo\/index.php?rest_route=\/wp\/v2\/users\/23"}],"replies":[{"embeddable":true,"href":"https:\/\/sudurras.fo\/index.php?rest_route=%2Fwp%2Fv2%2Fcomments&post=42351"}],"version-history":[{"count":1,"href":"https:\/\/sudurras.fo\/index.php?rest_route=\/wp\/v2\/posts\/42351\/revisions"}],"predecessor-version":[{"id":42354,"href":"https:\/\/sudurras.fo\/index.php?rest_route=\/wp\/v2\/posts\/42351\/revisions\/42354"}],"wp:featuredmedia":[{"embeddable":true,"href":"https:\/\/sudurras.fo\/index.php?rest_route=\/wp\/v2\/media\/42353"}],"wp:attachment":[{"href":"https:\/\/sudurras.fo\/index.php?rest_route=%2Fwp%2Fv2%2Fmedia&parent=42351"}],"wp:term":[{"taxonomy":"category","embeddable":true,"href":"https:\/\/sudurras.fo\/index.php?rest_route=%2Fwp%2Fv2%2Fcategories&post=42351"},{"taxonomy":"post_tag","embeddable":true,"href":"https:\/\/sudurras.fo\/index.php?rest_route=%2Fwp%2Fv2%2Ftags&post=42351"}],"curies":[{"name":"wp","href":"https:\/\/api.w.org\/{rel}","templated":true}]}}