{"id":42371,"date":"2026-03-28T13:25:17","date_gmt":"2026-03-28T13:25:17","guid":{"rendered":"https:\/\/sudurras.fo\/?p=42371"},"modified":"2026-03-28T13:25:18","modified_gmt":"2026-03-28T13:25:18","slug":"konfirmation-i-vags-kirkju-palmasunnudag","status":"publish","type":"post","link":"https:\/\/sudurras.fo\/?p=42371","title":{"rendered":"Konfirmati\u00f3n \u00ed V\u00e1gs kirkju P\u00e1lmasunnudag"},"content":{"rendered":"\n<p>Konfirmantar P\u00e1lmasunnudag 29. mars 2026. V\u00e1gs Kirkja, kl.11.00<\/p>\n\n\n\n<p>Ragnar Bjarnason Bech, Porkeri. Dagurin ver\u00f0ur hildin \u00ed sk\u00falanum \u00ed Hovi, fr\u00e1 kl. 14. \u00d8ll eru hjartaliga v\u00e6lkomin.<\/p>\n\n\n\n<p>Filip Vinther Lenvig Dagurin ver\u00f0ur hildin \u00ed VB-h\u00fasinum, fr\u00e1 kl.14. \u00d8ll eru hjartaliga v\u00e6lkomin.<\/p>\n\n\n\n<p>Elias T\u00f3r\u00e1lvur Joensen, Sumba Dagurin ver\u00f0ur hildin \u00ed sk\u00falanum \u00ed Sumba, fr\u00e1 kl.15. \u00f8ll eru hjartaliga v\u00e6lkomin.<\/p>\n\n\n\n<p>Arnar Daniel Hjaltason Dagurin ver\u00f0ur hildin \u00ed J\u00f3msborg, fr\u00e1 kl.15. \u00d8ll eru hjartaliga v\u00e6lkomin.<\/p>\n\n\n\n<p>J\u00f3nas Thomsen, Porkeri. Dagurin ver\u00f0ur hildin \u00ed H\u00fasinum vi\u00f0 \u00c1, fr\u00e1 kl.15. \u00d8ll eru hjartaliga v\u00e6lkomin<\/p>\n\n\n\n<p>J\u00f3nas Thorsteinsson. Dagurin ver\u00f0ur hildin \u00ed Bygdarh\u00fasinum \u00ed Lopra, fr\u00e1 kl.14. \u00d8ll eru hjartaliga v\u00e6lkomin.<\/p>\n\n\n\n<p>Arni Su-Hyeok pauason Brattaberg Dagurin ver\u00f0ur hildin \u00ed Meinigheitsh\u00fasinum, fr\u00e1 kl.14. \u00d8ll eru hjartaliga v\u00e6lkomin.<\/p>\n\n\n\n<p>D\u00e1vur Ei\u00f0 Dagurin ver\u00f0ur heima \u00e1 Sk\u00e1lavegi 33, fr\u00e1 kl.15. \u00d8ll eru hjartaliga v\u00e6lkomin.<\/p>\n\n\n\n<p>Yngvi Beder Gr\u00e1stein, Porkeri Dagurin ver\u00f0ur hildin \u00ed sk\u00falanum \u00ed Porkeri, fr\u00e1 kl.15. \u00d8ll eru hjartaliga v\u00e6lkomin.<\/p>\n\n\n\n<p>Benjamin Clementsen, Dagurin ver\u00f0ur hildin heima \u00e1 Fossavegi 41, fr\u00e1 kl.15. \u00d8ll eru hjartaliga v\u00e6lkomin.<\/p>\n\n\n\n<p>B\u00e1r\u00f0ur Dam Augustinussen Dagurin ver\u00f0ur hildin \u00ed h\u00f8linum hj\u00e1 V\u00e1gs kappr\u00f3\u00f0rarfelagi\u00f0, fr\u00e1 kl.17. \u00d8ll eru hjartaliga v\u00e6lkomin.<\/p>\n\n\n\n<p>Susie Muller. Dagurin ver\u00f0ur hildin \u00ed Sk\u00f3tah\u00fasinum, fr\u00e1 kl.15. \u00d8ll eru hjartaliga v\u00e6lkomin.<\/p>\n\n\n\n<p>Eydna Solveig Ripley, Porkeri. Dagurin ver\u00f0ur hildin \u00ed Mi\u00f0n\u00e1mssk\u00falanum \u00ed Gr\u00f8nudali, fr\u00e1 kl.15. \u00d8ll eru hjartaliga v\u00e6lkomin.<\/p>\n\n\n\n<p>Katrin Maria J\u00e1kupsd\u00f3ttir Joensen Sumba. Dagurin ver\u00f0ur hildin \u00ed \u00cdtr\u00f3ttarh\u00e1sk\u00falanum \u00ed V\u00e1gi,, fr\u00e1 kl.15. \u00d8ll eru hjartaliga v\u00e6lkomin.<\/p>\n\n\n\n<p>Jona J\u00f3hannsd\u00f3ttir Hvann\u00e1 Dagurin verur hildin \u00ed Frelsunarherurin, fr\u00e1 kl.15. \u00d8ll eru hjartaliga v\u00e6lkomin.<\/p>\n\n\n\n<p>Olivia Ludvig Haraldsen Dagurin ver\u00f0ur hildin \u00ed auluni \u00ed V\u00e1gs Sk\u00fala, fr\u00e1 kl. 15. \u00d8ll eru hjartaliga v\u00e6lkomin.<\/p>\n\n\n\n<p>Fr\u00ed\u00f0a Eilin J\u00e1kupsd\u00f3ttir Porkeri. Dagurin ver\u00f0ur heima \u00ed H\u00f3linum 7, fr\u00e1 kl.15. \u00d8ll eru hjartaliga v\u00e6lkomin.<\/p>\n","protected":false},"excerpt":{"rendered":"<p>Konfirmantar P\u00e1lmasunnudag 29. mars 2026. V\u00e1gs Kirkja, kl.11.00 Ragnar Bjarnason Bech, Porkeri. Dagurin ver\u00f0ur hildin \u00ed sk\u00falanum \u00ed Hovi, fr\u00e1 kl. 14. \u00d8ll eru hjartaliga v\u00e6lkomin. Filip Vinther Lenvig Dagurin ver\u00f0ur hildin \u00ed VB-h\u00fasinum, fr\u00e1 kl.14. \u00d8ll eru hjartaliga v\u00e6lkomin. Elias T\u00f3r\u00e1lvur Joensen, Sumba Dagurin ver\u00f0ur hildin \u00ed sk\u00falanum \u00ed Sumba, fr\u00e1 kl.15. \u00f8ll eru [&hellip;]<\/p>\n","protected":false},"author":3,"featured_media":42372,"comment_status":"closed","ping_status":"closed","sticky":false,"template":"","format":"standard","meta":{"ngg_post_thumbnail":0,"footnotes":""},"categories":[1],"tags":[],"class_list":["post-42371","post","type-post","status-publish","format-standard","has-post-thumbnail","hentry","category-tidindi"],"publishpress_future_action":{"enabled":false,"date":"2026-05-09 10:46:32","action":"change-status","newStatus":"draft","terms":[],"taxonomy":"category","extraData":[]},"publishpress_future_workflow_manual_trigger":{"enabledWorkflows":[]},"_links":{"self":[{"href":"https:\/\/sudurras.fo\/index.php?rest_route=\/wp\/v2\/posts\/42371","targetHints":{"allow":["GET"]}}],"collection":[{"href":"https:\/\/sudurras.fo\/index.php?rest_route=\/wp\/v2\/posts"}],"about":[{"href":"https:\/\/sudurras.fo\/index.php?rest_route=\/wp\/v2\/types\/post"}],"author":[{"embeddable":true,"href":"https:\/\/sudurras.fo\/index.php?rest_route=\/wp\/v2\/users\/3"}],"replies":[{"embeddable":true,"href":"https:\/\/sudurras.fo\/index.php?rest_route=%2Fwp%2Fv2%2Fcomments&post=42371"}],"version-history":[{"count":1,"href":"https:\/\/sudurras.fo\/index.php?rest_route=\/wp\/v2\/posts\/42371\/revisions"}],"predecessor-version":[{"id":42373,"href":"https:\/\/sudurras.fo\/index.php?rest_route=\/wp\/v2\/posts\/42371\/revisions\/42373"}],"wp:featuredmedia":[{"embeddable":true,"href":"https:\/\/sudurras.fo\/index.php?rest_route=\/wp\/v2\/media\/42372"}],"wp:attachment":[{"href":"https:\/\/sudurras.fo\/index.php?rest_route=%2Fwp%2Fv2%2Fmedia&parent=42371"}],"wp:term":[{"taxonomy":"category","embeddable":true,"href":"https:\/\/sudurras.fo\/index.php?rest_route=%2Fwp%2Fv2%2Fcategories&post=42371"},{"taxonomy":"post_tag","embeddable":true,"href":"https:\/\/sudurras.fo\/index.php?rest_route=%2Fwp%2Fv2%2Ftags&post=42371"}],"curies":[{"name":"wp","href":"https:\/\/api.w.org\/{rel}","templated":true}]}}