{"id":42810,"date":"2026-04-27T19:25:39","date_gmt":"2026-04-27T18:25:39","guid":{"rendered":"https:\/\/sudurras.fo\/?p=42810"},"modified":"2026-04-27T19:25:40","modified_gmt":"2026-04-27T18:25:40","slug":"dansibandsfestivalurin-fyri-framman","status":"publish","type":"post","link":"https:\/\/sudurras.fo\/?p=42810","title":{"rendered":"Dansibandsfestivalurin fyri framman"},"content":{"rendered":"\n<p>\u00cd vikuskiftinum er st\u00f3ri Dansibandsfestivalurin \u00ed V\u00e1gi, har f\u00f3lk \u00far \u00f8llum landinum og ikki minst uttanlands leita til V\u00e1gs til g\u00f3\u00f0an dansibandst\u00f3nleik, g\u00f3\u00f0an mat, hugna og gestabl\u00eddni.<\/p>\n\n\n\n<p>Skr\u00e1in \u00e1 Dansibandsfestivalinum byrjar longu \u00f3nskv\u00f8ldi\u00f0 og endar so vi\u00f0 st\u00f3rum dansi leygarkv\u00f8ldi\u00f0 og \u00fat \u00e1 sunnumorgunin.<\/p>\n\n\n\n<p>Kampingpl\u00e1ssi\u00f0 \u00e1 Ei\u00f0inum er fyri t\u00ed\u00f0 s\u00ed\u00f0ani \u00fatselt og vikuskiftispassini eru eisini \u00fatseld. Sum vant ber t\u00f3 til at fara til dansin fr\u00edggjakv\u00f8ldi\u00f0 og dansin leygarkv\u00f8ldi\u00f0.<\/p>\n\n\n\n<p>Vesturi \u00e1 Ei\u00f0inum eru fyrireikingarnar longu v\u00e6l \u00edgongd. Gj\u00f8rt ver\u00f0ur kl\u00e1rt \u00ed h\u00f8llini og kampingpl\u00e1ssi\u00f0 er eisini kl\u00e1rt at taka \u00edm\u00f3ti gestum.<\/p>\n\n\n\n<p><\/p>\n\n\n\n<p><strong>Skr\u00e1in til Dansibandsfestivalin 2026<br><\/strong><em>\u00cd d\u00f8gunum 29. apr\u00edl til 2. mai 2026<\/em><strong><\/strong><\/p>\n\n\n\n<p><strong>\u00d3nsdagin 29. apr\u00edl<\/strong><\/p>\n\n\n\n<p>Kl. 19.00 Dansibandsfestivalurin byrjar vi\u00f0 \u201cSyngi\u00f0 vi\u00f0 kv\u00f8ldi\u201d \u00e1 Hamragar\u00f0i vi\u00f0 lutt\u00f8ku av Hentzar, Terji og Erolf.<\/p>\n\n\n\n<p>Kaffi\/te og okkurt gott afturvi\u00f0 ver\u00f0ur eisini bj\u00f3\u00f0a\u00f0.<\/p>\n\n\n\n<p>\u00d3keypis tiltak \u00e6tla\u00f0 aldursb\u00f3lkinum 65 \u00e1r og eldri.<\/p>\n\n\n\n<p><\/p>\n\n\n\n<p><strong>Fr\u00edggjadagin 1. mai<\/strong><\/p>\n\n\n\n<p>Kl. 10.00 \u2013 12.00 Morgunmatur \u00ed V\u00e1gs H\u00f8ll (fyri festivalgestum).&nbsp;<em>Er&nbsp;<\/em><em>\u00edrokna\u00f0 vikuskiftispassum til Dansibandsfestivalin<\/em>.<\/p>\n\n\n\n<p>Kl. 12.30 \u2013 14.30 Gongut\u00farur vi\u00f0 fr\u00e1s\u00f8guf\u00f3lki. \u00d3keypis tiltak. \u00c1huga\u00f0i m\u00f8ta vi\u00f0 Tr\u00edkantin \u00e1 Sandinum.<\/p>\n\n\n\n<p>Kl. 15.00 Linedansur \u00ed V\u00e1gs H\u00f8ll vi\u00f0 Birgir og Herv\u00f8r Samuelsen.&nbsp;<em>Er&nbsp;<\/em><em>\u00edrokna\u00f0 vikuskiftispassum til Dansibandsfestivalin<\/em>.<\/p>\n\n\n\n<p>Kl. 19.00 Suppa og Syngi\u00f0 vi\u00f0 kv\u00f8ld \u00ed V\u00e1gs H\u00f8ll. K\u00e1ri Poulsen er bor\u00f0stj\u00f3ri. Hentzar, Terji og Erolf sp\u00e6la undir til felagssangin.<em>&nbsp;Er&nbsp;<\/em><em>\u00edrokna\u00f0 vikuskiftispassum til Dansibandsfestivalin<\/em>.<\/p>\n\n\n\n<p>Kl. 22.00 Upp\u00e1 t\u00e1 vi\u00f0 Finnur S. Olsen beinlei\u00f0is \u00ed \u00fatvarpinum hj\u00e1 KVF fr\u00e1 Dansibandsfestivalinum \u00far V\u00e1gs H\u00f8ll.<\/p>\n\n\n\n<p>Kl. 23.00 Almennur dansur. Hans Olav Tr\u00f8en og Odd Arne S\u00f8rensen (NO) sp\u00e6la til g\u00f3\u00f0an dans \u00ed V\u00e1gs H\u00f8ll. \u00cd ste\u00f0ginum stendur Finnur S. Olsen fr\u00e1 Upp\u00e1 t\u00e1 fyri t\u00f3nleikinum.&nbsp;<em>Kostna\u00f0ur fyri dansin 350 kr. Er \u00edrokna\u00f0 vikuskiftispassum til Dansibandfestivalin<\/em>.<\/p>\n\n\n\n<p>Kl. 02.00 Dansurin endar.<\/p>\n\n\n\n<p><\/p>\n\n\n\n<p><strong>Leygardagin 2. mai 2025<\/strong><\/p>\n\n\n\n<p>Kl. 13.00 Dansibandsgudst\u00e6nasta \u00ed V\u00e1gs H\u00f8ll, S\u00edmun Persson Jacobsen, pr\u00e6dikar. \u00c1sger\u00f0 Stenberg Olsen og Fr\u00ed\u00f0i Sigmundsson framf\u00f8ra undir gudst\u00e6nastuni.<\/p>\n\n\n\n<p>Kl. 19.30 Grillkv\u00f8ld \u00ed V\u00e1gs H\u00f8ll. \u00c1 matarskr\u00e1nni er grilla\u00f0ur gr\u00edsur vi\u00f0 tilhoyri vi\u00f0 \u00d8rvaroddar Grilla. Sum vant ver\u00f0ur eisini g\u00f3\u00f0ur felagssangur, hugni og harmonikut\u00f3nleikur afturvi\u00f0. Bor\u00f0stj\u00f3ri ver\u00f0ur K\u00e1ri Poulsen og Hentzar, Erolf og Terji sp\u00e6la undir felagssanginum.&nbsp;<em>Er \u00edrokna\u00f0 vikuskiftispassinum til Dansibandsfestivalin.<\/em><\/p>\n\n\n\n<p>Kl. 23.00 Almennur dansur. Til dansin sp\u00e6la Contiki (NO) og PK og Dansefolket (NO).&nbsp;<em>Kostna\u00f0ur fyri dansin 350 kr. Er \u00edrokna\u00f0 vikuskiftispassum til Dansibandfestivalin.<\/em><\/p>\n\n\n\n<p>Kl. 03.00 Dansurin endar.&nbsp;<\/p>\n","protected":false},"excerpt":{"rendered":"<p>\u00cd vikuskiftinum er st\u00f3ri Dansibandsfestivalurin \u00ed V\u00e1gi, har f\u00f3lk \u00far \u00f8llum landinum og ikki minst uttanlands leita til V\u00e1gs til g\u00f3\u00f0an dansibandst\u00f3nleik, g\u00f3\u00f0an mat, hugna og gestabl\u00eddni. Skr\u00e1in \u00e1 Dansibandsfestivalinum byrjar longu \u00f3nskv\u00f8ldi\u00f0 og endar so vi\u00f0 st\u00f3rum dansi leygarkv\u00f8ldi\u00f0 og \u00fat \u00e1 sunnumorgunin. Kampingpl\u00e1ssi\u00f0 \u00e1 Ei\u00f0inum er fyri t\u00ed\u00f0 s\u00ed\u00f0ani \u00fatselt og vikuskiftispassini eru [&hellip;]<\/p>\n","protected":false},"author":23,"featured_media":29745,"comment_status":"closed","ping_status":"closed","sticky":false,"template":"","format":"standard","meta":{"ngg_post_thumbnail":0,"footnotes":""},"categories":[1],"tags":[],"class_list":["post-42810","post","type-post","status-publish","format-standard","has-post-thumbnail","hentry","category-tidindi"],"publishpress_future_action":{"enabled":false,"date":"2026-05-04 23:01:17","action":"change-status","newStatus":"draft","terms":[],"taxonomy":"category","extraData":[]},"publishpress_future_workflow_manual_trigger":{"enabledWorkflows":[]},"_links":{"self":[{"href":"https:\/\/sudurras.fo\/index.php?rest_route=\/wp\/v2\/posts\/42810","targetHints":{"allow":["GET"]}}],"collection":[{"href":"https:\/\/sudurras.fo\/index.php?rest_route=\/wp\/v2\/posts"}],"about":[{"href":"https:\/\/sudurras.fo\/index.php?rest_route=\/wp\/v2\/types\/post"}],"author":[{"embeddable":true,"href":"https:\/\/sudurras.fo\/index.php?rest_route=\/wp\/v2\/users\/23"}],"replies":[{"embeddable":true,"href":"https:\/\/sudurras.fo\/index.php?rest_route=%2Fwp%2Fv2%2Fcomments&post=42810"}],"version-history":[{"count":1,"href":"https:\/\/sudurras.fo\/index.php?rest_route=\/wp\/v2\/posts\/42810\/revisions"}],"predecessor-version":[{"id":42811,"href":"https:\/\/sudurras.fo\/index.php?rest_route=\/wp\/v2\/posts\/42810\/revisions\/42811"}],"wp:featuredmedia":[{"embeddable":true,"href":"https:\/\/sudurras.fo\/index.php?rest_route=\/wp\/v2\/media\/29745"}],"wp:attachment":[{"href":"https:\/\/sudurras.fo\/index.php?rest_route=%2Fwp%2Fv2%2Fmedia&parent=42810"}],"wp:term":[{"taxonomy":"category","embeddable":true,"href":"https:\/\/sudurras.fo\/index.php?rest_route=%2Fwp%2Fv2%2Fcategories&post=42810"},{"taxonomy":"post_tag","embeddable":true,"href":"https:\/\/sudurras.fo\/index.php?rest_route=%2Fwp%2Fv2%2Ftags&post=42810"}],"curies":[{"name":"wp","href":"https:\/\/api.w.org\/{rel}","templated":true}]}}