{"id":42824,"date":"2026-04-28T12:31:38","date_gmt":"2026-04-28T11:31:38","guid":{"rendered":"https:\/\/sudurras.fo\/?p=42824"},"modified":"2026-04-28T12:51:28","modified_gmt":"2026-04-28T11:51:28","slug":"hvi-eru-tad-ikki-fleiri-fotboltshallir-sum-marghollin-i-vagi","status":"publish","type":"post","link":"https:\/\/sudurras.fo\/?p=42824","title":{"rendered":"Hv\u00ed eru ta\u00f0 ikki fleiri f\u00f3tb\u00f3ltshallir, sum Margh\u00f8llin \u00ed V\u00e1gi?"},"content":{"rendered":"\n<p>\u00cd 2016 f\u00f3ru okur \u00ed V\u00e1gi undir at fyrireika bygging av einari f\u00f3tb\u00f3ltsh\u00f8ll. Fr\u00e1 byrjan var ta\u00f0 \u00e6tlanin at hava eina h\u00f8ll, har f\u00f3tb\u00f3ltsv\u00f8llurin var 60 x 40 m. \u00cd hesum sambandi vitja\u00f0u okur eisini fleiri ymiskar f\u00f3tb\u00f3ltshallir \u00ed \u00cdslandi.<\/p>\n\n\n\n<p>Ta\u00f0 var r\u00e6ttiliga skj\u00f3tt greitt, at ein h\u00f8ll \u00ed fullari st\u00f8dd kravdi st\u00f3ra \u00edl\u00f8gu. Ta\u00f0 vistu okur frammanundan.<\/p>\n\n\n\n<p>Men ein annar partur, sum eisini gj\u00f8rdist r\u00e6ttiliga grei\u00f0ur \u00ed tilgongdini, var, at umframt sj\u00e1lva \u00edl\u00f8guna, so kundu ta\u00f0 eisini ver\u00f0a st\u00f3rar m\u00e1na\u00f0arligar rakstrar\u00edl\u00f8gur kn\u00fdttar at einari st\u00f3rari h\u00f8ll. -Ikki minst, t\u00e1 talan var um eina fult bj\u00e1lva\u00f0a h\u00f8ll vi\u00f0 l\u00edtlum dagslj\u00f3si inn \u00ed h\u00f8llina, har ta\u00f0 hv\u00f8nn dag \u00ed \u00e1rinum eru \u00fatrei\u00f0slur av upphiting, luftskifti og av lj\u00f3si.<\/p>\n\n\n\n<p>T\u00ed fall okkara val eisini \u00e1 j\u00fast hesa h\u00f8llina, sum ikki er upphita\u00f0 og har dagslj\u00f3s s\u00e6st inn gj\u00f8gnum d\u00fakin, og har l\u00edtil orka skal til luftskifti\u00f0 \u00ed h\u00f8llini. FH \u00e1 Hafnafj\u00f8r\u00f0inum hevur tv\u00e6r hallir av hesum slagum, ein \u00e1 lei\u00f0 somu st\u00f8dd sum \u00ed V\u00e1gi og ein v\u00e6l minni.<\/p>\n\n\n\n<p>Ein kostna\u00f0armeting var\u00f0 eisini gj\u00f8rd. Uttan bygning vi\u00f0 skiftir\u00famum, wc\u2019um, alr\u00fami og fundarh\u00f8lum, uttan rennibreyt og uttan klatrivegg, so kundi h\u00f8llin standa li\u00f0ug fyri 13-14 mi\u00f3. kr.<\/p>\n\n\n\n<p>Men hugsanin vi\u00f0 Margh\u00f8llini var fr\u00e1 byrjan, at hon skuldi r\u00fama so n\u00f3gvum \u00edtr\u00f3ttargreinum sum tilber, t\u00ed var\u00f0 valt at taka vi\u00f0 rennibreyt, klatrivegg og ikki minst bygningin vi\u00f0 skiftir\u00famum vm. Kostna\u00f0urin var t\u00e1 h\u00f8llin st\u00f3\u00f0 li\u00f0ug umlei\u00f0 18,5 mi\u00f3. kr.<\/p>\n\n\n\n<p>\u00cd hesum t\u00ed\u00f0arskei\u00f0inum v\u00f3ru okur eisini \u00e1 fundi vi\u00f0 FSF. Ein sera g\u00f3\u00f0ur og jaligur fundur vi\u00f0 lei\u00f0sluna \u00ed FSF. Lei\u00f0slan \u00ed FSF s\u00e1 st\u00f3rar m\u00f8guleikar \u00ed okkara \u00e6tlan. -Hetta kundi ver\u00f0a byrjanin til at fleiri f\u00f3tb\u00f3ltshallir komu kring landi\u00f0, t\u00ed \u00edl\u00f8gan var ikki so st\u00f3r. \u00c1hugin hj\u00e1 lei\u00f0sluni at stu\u00f0la var eisini st\u00f3rur.<\/p>\n\n\n\n<p><strong>Men spurningurin er so, um f\u00f3tb\u00f3lts-politikkur kom \u00ed m\u00e1li\u00f0?<\/strong><\/p>\n\n\n\n<p>Eftir fundin vi\u00f0 FSF lei\u00f0sluna var\u00f0 ein ums\u00f3kn um stu\u00f0ul \u00far V\u00e1gi send FSF. N\u00fa skuldi ein b\u00f3lkur inni \u00ed FSF gera ein leist fyri at stu\u00f0la f\u00f3tb\u00f3ltshallum, \u00e1\u00f0renn okur kundu f\u00e1a svar. Ta\u00f0 var alt v\u00e6l skilt.<\/p>\n\n\n\n<p>Nakrir m\u00e1na\u00f0ir gingu og stu\u00f0ulsleisturin gj\u00f8rdist li\u00f0ugur.<\/p>\n\n\n\n<p>\u00cd stu\u00f0ulsleistinum var\u00f0 n\u00fa skilt \u00edmillum upphita\u00f0ar og \u00f3upphita\u00f0ar hallir, og um eg minnist r\u00e6tt hallir \u00ed fullari st\u00f8dd og minni hallir. Upphita\u00f0ar hallir kundu f\u00e1a g\u00f3\u00f0an stu\u00f0ul, men \u00f3upphita\u00f0ar hallir, sum tann \u00ed V\u00e1gi, kundu f\u00e1a 1 mi\u00f3. kr. \u00ed stu\u00f0li.<\/p>\n\n\n\n<p>Hetta var fyri okkum r\u00e6ttiliga \u00f3skiljandi, t\u00ed vi\u00f0 Margh\u00f8llini \u00ed V\u00e1gi kundi endiliga koma gongd \u00e1 at byggja f\u00f3tb\u00f3ltshallir \u00ed F\u00f8royum. Hinvegin var okkara verk\u00e6tlan ikki grunda\u00f0 \u00e1 stu\u00f0ul fr\u00e1 FSF, so hetta \u00e1virka\u00f0i ikki okkara \u00e6tlan.<\/p>\n\n\n\n<p>MEN um FSF hev\u00f0i ein jaligari vilja til at stu\u00f0la hallum, sum Margh\u00f8llin \u00ed V\u00e1gi, so er ongin ivi um, at fleiri hallir av hesum slagnum h\u00f8vdu sta\u00f0i\u00f0 uppi \u00ed F\u00f8royum \u00ed dag \u2013 eins og ta\u00f0 gera \u00ed b\u00e6\u00f0i Norra, Sv\u00f8r\u00edki, Finnlandi og \u00cdslandi \u2013 t\u00ed t\u00e6r eru v\u00e6l b\u00edligari at byggja og b\u00edligar at reka.<\/p>\n\n\n\n<p><\/p>\n\n\n\n<p><strong>Margh\u00f8llin hevur \u00e1virka\u00f0 f\u00f3tb\u00f3ltin \u00ed n\u00e6rumhv\u00f8rvinum<\/strong><\/p>\n\n\n\n<p>Eitt av endam\u00e1lunum vi\u00f0 Margh\u00f8llini \u00ed V\u00e1gi var at menna f\u00f3tb\u00f3ltin \u00ed n\u00e6rumhv\u00f8rvinum.<\/p>\n\n\n\n<p>Ta\u00f0 er eisini sj\u00f3n fyri s\u00f8gn, at fr\u00e1 at ta\u00f0 var langt \u00edmillum at leikarar \u00far FC Su\u00f0uroy v\u00f3ru \u00e1 ungd\u00f3mslandsli\u00f0um \u00e1\u00f0renn Margh\u00f8llina, so er ta\u00f0 \u00ed dag gerandiskostur.<\/p>\n\n\n\n<p>Hv\u00ed?<\/p>\n\n\n\n<p>J\u00fa, t\u00ed leikarar hj\u00e1 FC Su\u00f0uroy \u00ed \u00f8llum aldri, fr\u00e1 \u201cpinku\u201d-f\u00f3tb\u00f3lti undir sk\u00falaaldur til vaksnamannaf\u00f3tb\u00f3lt og oldboys og -girls venja \u00f8ll \u00ed g\u00f3\u00f0um umst\u00f8\u00f0um alt \u00e1ri\u00f0 \u2013 uttan \u00e1virkan av vindi, regni og kava.<\/p>\n\n\n\n<p>Spurningurin er so, um f\u00f3tb\u00f3lts-politikkur f\u00f8rdi vi\u00f0 s\u00e6r, at stu\u00f0ulsskipanin til hetta slagi\u00f0 av hallum gj\u00f8rdist so v\u00e1nalig, vi\u00f0 t\u00ed \u00farsliti, at ta\u00f0 framvegis bara er ein innandura f\u00f3tb\u00f3ltsh\u00f8ll \u00ed F\u00f8royum?<\/p>\n\n\n\n<p>\u00cd V\u00e1gi eru okur \u00f3metaliga gla\u00f0 fyri Margh\u00f8llina, ta\u00f0 haldi eg, at ta\u00f0 er brei\u00f0 semja um.<\/p>\n\n\n\n<p><\/p>\n\n\n\n<p>Dennis Holm<\/p>\n","protected":false},"excerpt":{"rendered":"<p>\u00cd 2016 f\u00f3ru okur \u00ed V\u00e1gi undir at fyrireika bygging av einari f\u00f3tb\u00f3ltsh\u00f8ll. Fr\u00e1 byrjan var ta\u00f0 \u00e6tlanin at hava eina h\u00f8ll, har f\u00f3tb\u00f3ltsv\u00f8llurin var 60 x 40 m. \u00cd hesum sambandi vitja\u00f0u okur eisini fleiri ymiskar f\u00f3tb\u00f3ltshallir \u00ed \u00cdslandi. Ta\u00f0 var r\u00e6ttiliga skj\u00f3tt greitt, at ein h\u00f8ll \u00ed fullari st\u00f8dd kravdi st\u00f3ra \u00edl\u00f8gu. Ta\u00f0 [&hellip;]<\/p>\n","protected":false},"author":23,"featured_media":8995,"comment_status":"closed","ping_status":"closed","sticky":false,"template":"","format":"standard","meta":{"ngg_post_thumbnail":0,"footnotes":""},"categories":[3],"tags":[],"class_list":["post-42824","post","type-post","status-publish","format-standard","has-post-thumbnail","hentry","category-lesarin-skrivar"],"publishpress_future_action":{"enabled":false,"date":"2026-05-05 15:25:32","action":"change-status","newStatus":"draft","terms":[],"taxonomy":"category","extraData":[]},"publishpress_future_workflow_manual_trigger":{"enabledWorkflows":[]},"_links":{"self":[{"href":"https:\/\/sudurras.fo\/index.php?rest_route=\/wp\/v2\/posts\/42824","targetHints":{"allow":["GET"]}}],"collection":[{"href":"https:\/\/sudurras.fo\/index.php?rest_route=\/wp\/v2\/posts"}],"about":[{"href":"https:\/\/sudurras.fo\/index.php?rest_route=\/wp\/v2\/types\/post"}],"author":[{"embeddable":true,"href":"https:\/\/sudurras.fo\/index.php?rest_route=\/wp\/v2\/users\/23"}],"replies":[{"embeddable":true,"href":"https:\/\/sudurras.fo\/index.php?rest_route=%2Fwp%2Fv2%2Fcomments&post=42824"}],"version-history":[{"count":2,"href":"https:\/\/sudurras.fo\/index.php?rest_route=\/wp\/v2\/posts\/42824\/revisions"}],"predecessor-version":[{"id":42826,"href":"https:\/\/sudurras.fo\/index.php?rest_route=\/wp\/v2\/posts\/42824\/revisions\/42826"}],"wp:featuredmedia":[{"embeddable":true,"href":"https:\/\/sudurras.fo\/index.php?rest_route=\/wp\/v2\/media\/8995"}],"wp:attachment":[{"href":"https:\/\/sudurras.fo\/index.php?rest_route=%2Fwp%2Fv2%2Fmedia&parent=42824"}],"wp:term":[{"taxonomy":"category","embeddable":true,"href":"https:\/\/sudurras.fo\/index.php?rest_route=%2Fwp%2Fv2%2Fcategories&post=42824"},{"taxonomy":"post_tag","embeddable":true,"href":"https:\/\/sudurras.fo\/index.php?rest_route=%2Fwp%2Fv2%2Ftags&post=42824"}],"curies":[{"name":"wp","href":"https:\/\/api.w.org\/{rel}","templated":true}]}}