{"id":42842,"date":"2026-04-30T06:03:42","date_gmt":"2026-04-30T05:03:42","guid":{"rendered":"https:\/\/sudurras.fo\/?p=42842"},"modified":"2026-04-30T06:03:43","modified_gmt":"2026-04-30T05:03:43","slug":"posta-kunnger-arsroknskapin-fyri-2025","status":"publish","type":"post","link":"https:\/\/sudurras.fo\/?p=42842","title":{"rendered":"Posta kunnger \u00e1rsroknskapin fyri 2025"},"content":{"rendered":"\n<p>\u00c1ri\u00f0 2025 hevur veri\u00f0 merkt av broytingum og tillagingum, og \u00farsliti\u00f0 eftir skatt gj\u00f8rdist eitt hall upp \u00e1 3,2 mi\u00f3. kr. Samstundis hevur Posta tiki\u00f0 t\u00fd\u00f0andi stig til at betra um raksturin frameftir og hevur betra\u00f0 um t\u00e6nasturnar til vi\u00f0skiftaf\u00f3lk.<\/p>\n\n\n\n<p><em>&#8220;Vit hava umlagt virksemi\u00f0 og lagt dent \u00e1 f\u00e6rri, men meira mi\u00f0v\u00edsar t\u00e6nastur innan post- og pakkaflutning, sum er okkara kjarnuvirksemi. Vit hava gj\u00f8rt virksemi\u00f0 einfaldari og meira haldf\u00f8rt, og ta\u00f0 skapar eitt gott grundarlag fyri betri \u00farslitum frameftir,&#8221;<\/em>&nbsp;sigur Edvard Remberg, stj\u00f3ri \u00e1 Posta.<\/p>\n\n\n\n<p><strong>Tillagingar og grei\u00f0 k\u00f3s<\/strong><\/p>\n\n\n\n<p>\u00darsliti\u00f0 \u00ed 2025 var \u00e1virka\u00f0 av vantandi l\u00f8nsemi \u00ed fraktvirkseminum millum F\u00f8royar og \u00fatheimin. Eisini \u00e1virka\u00f0i ein fyribils ste\u00f0gur \u00ed br\u00e6vasendingum fr\u00e1 \u00e1v\u00edsum veitarum \u00ed fjareystri \u00ed upp til fimm m\u00e1na\u00f0ir, umframt avskrivingar \u00ed sambandi vi\u00f0 ni\u00f0urleggingina av fraktvirkseminum.<\/p>\n\n\n\n<p><em>&#8220;\u00c1ri\u00f0 hilna\u00f0ist ikki eins v\u00e6l og \u00e6tla\u00f0. Men vit hava n\u00fa gj\u00f8rt tillagingar og ra\u00f0festa kjarnuvirksemi\u00f0 enn meira. Vit hava g\u00f3\u00f0ar v\u00f3nir um \u00fatlitini og leggja alla okkara orku \u00ed ta\u00f0, vit gera best \u2013 at bera post, pakkar og stykkjag\u00f3\u00f0s \u00fat \u00ed F\u00f8royum,&#8221;<\/em>&nbsp;sigur stj\u00f3rin.<\/p>\n\n\n\n<p>Sum partur av hesum hevur Posta tiki\u00f0 avger\u00f0 um at gevast vi\u00f0 fraktvirkseminum millum F\u00f8royar og \u00fatheimin. Samstundis var\u00f0 \u00fatbering av adressuleysum ni\u00f0url\u00f8gd \u00ed \u00e1rinum, og ta\u00f0 hevur gj\u00f8rt ta\u00f0 m\u00f8guligt at skipa raksturin betur.<\/p>\n\n\n\n<p><strong>Styrktar t\u00e6nastur og jalig \u00fatlit<\/strong><\/p>\n\n\n\n<p>V\u00e6nta\u00f0 ver\u00f0ur, at pakkar gerast ein t\u00fddningarmikil dr\u00edvmegi frameftir. Posta arbei\u00f0ir mi\u00f0v\u00edst vi\u00f0 at gera ta\u00f0 enn l\u00e6ttari hj\u00e1 f\u00f8royingum at keypa \u00far \u00fatheiminum, millum anna\u00f0 vi\u00f0 n\u00fdggjum samst\u00f8rvum vi\u00f0 altj\u00f3\u00f0a postverk og vi\u00f0 smidligari tollloysnum. Eisini \u00ed F\u00f8royum s\u00edggja \u00fatlitini jalig \u00fat.<\/p>\n\n\n\n<p>\u00c1 kundas\u00ed\u00f0uni eru t\u00e6nasturnar styrktar. Pakkaboksir eru n\u00fa sta\u00f0settar \u00ed \u00f8llum sentralum \u00f8kjum, og saman vi\u00f0 talgildu loysnunum \u00ed Posta-appini og posta.fo er ta\u00f0 vor\u00f0i\u00f0 b\u00e6\u00f0i l\u00e6tt og smidligt hj\u00e1 vi\u00f0skiftaf\u00f3lki at avgrei\u00f0a s\u00edni vi\u00f0urskifti sj\u00e1lvi.<\/p>\n\n\n\n<p>Posta hevur leiga\u00f0 \u00fat h\u00f8li, sum felagi\u00f0 ikki hevur t\u00f8rv \u00e1, \u00ed bygninginum \u00e1 \u00d3\u00f0insh\u00e6dd 2. Harumframt hevur Posta stovna\u00f0 pf. \u00d3\u00f0insh\u00e6dd 2, hv\u00f8rs h\u00f8vu\u00f0svirksemi er at eiga og \u00fatleiga bygningin \u00e1 \u00d3\u00f0insh\u00e6dd 2.<\/p>\n\n\n\n<p>Vi\u00f0 teimum broytingum, sum eru framdar \u00ed 2025 og \u00ed byrjanini av 2026, v\u00e6ntast avlop \u00ed 2026.<\/p>\n\n\n\n<p><strong>\u00darsliti\u00f0 \u00ed stuttum<\/strong><\/p>\n\n\n\n<ul class=\"wp-block-list\">\n<li>Nettos\u00f8lan \u00ed 2025 var 94,1 mi\u00f3. kr. samanbori\u00f0 vi\u00f0 105,9 mi\u00f3. kr. \u00ed 2024.<\/li>\n\n\n\n<li>EBITDA var 7,4 mi\u00f3. kr. \u00ed 2025 samanbori\u00f0 vi\u00f0 8,1 mi\u00f3. kr. \u00ed 2024<\/li>\n\n\n\n<li>\u00darsliti\u00f0 gj\u00f8rdist eitt hall \u00e1 3,2 mi\u00f3. kr samanbori\u00f0 vi\u00f0 einum halli upp \u00e1 1,7 mi\u00f3. kr. \u00ed 2024.<\/li>\n<\/ul>\n\n\n\n<p><strong>\u00cd nevndini eru<\/strong><\/p>\n\n\n\n<p>\u00c1rni Holger Ellefsen, nevndarforma\u00f0ur<\/p>\n\n\n\n<p>Reidar N\u00f3nfjall, n\u00e6stforma\u00f0ur<\/p>\n\n\n\n<p>Gu\u00f0ri\u00f0 H\u00f8jgaard, nevndarlimur<\/p>\n\n\n\n<p>J\u00f3annis Iversen, starvsf\u00f3lkaumbo\u00f0<\/p>\n\n\n\n<p>Eigil Andersen, starvsf\u00f3lkaumbo\u00f0<\/p>\n\n\n\n<p><strong>Meira kunning<\/strong><\/p>\n\n\n\n<ul class=\"wp-block-list\">\n<li><a href=\"https:\/\/www.posta.fo\/fo\/private\/help-information\/arsfragreidingar\" target=\"_blank\" rel=\"noreferrer noopener\">\u00c1rsfr\u00e1grei\u00f0ing 2025 \u00e1 posta.fo<\/a><\/li>\n<\/ul>\n","protected":false},"excerpt":{"rendered":"<p>\u00c1ri\u00f0 2025 hevur veri\u00f0 merkt av broytingum og tillagingum, og \u00farsliti\u00f0 eftir skatt gj\u00f8rdist eitt hall upp \u00e1 3,2 mi\u00f3. kr. Samstundis hevur Posta tiki\u00f0 t\u00fd\u00f0andi stig til at betra um raksturin frameftir og hevur betra\u00f0 um t\u00e6nasturnar til vi\u00f0skiftaf\u00f3lk. &#8220;Vit hava umlagt virksemi\u00f0 og lagt dent \u00e1 f\u00e6rri, men meira mi\u00f0v\u00edsar t\u00e6nastur innan post- [&hellip;]<\/p>\n","protected":false},"author":23,"featured_media":41640,"comment_status":"closed","ping_status":"closed","sticky":false,"template":"","format":"standard","meta":{"ngg_post_thumbnail":0,"footnotes":""},"categories":[1],"tags":[],"class_list":["post-42842","post","type-post","status-publish","format-standard","has-post-thumbnail","hentry","category-tidindi"],"publishpress_future_action":{"enabled":false,"date":"2026-05-07 06:29:01","action":"change-status","newStatus":"draft","terms":[],"taxonomy":"category","extraData":[]},"publishpress_future_workflow_manual_trigger":{"enabledWorkflows":[]},"_links":{"self":[{"href":"https:\/\/sudurras.fo\/index.php?rest_route=\/wp\/v2\/posts\/42842","targetHints":{"allow":["GET"]}}],"collection":[{"href":"https:\/\/sudurras.fo\/index.php?rest_route=\/wp\/v2\/posts"}],"about":[{"href":"https:\/\/sudurras.fo\/index.php?rest_route=\/wp\/v2\/types\/post"}],"author":[{"embeddable":true,"href":"https:\/\/sudurras.fo\/index.php?rest_route=\/wp\/v2\/users\/23"}],"replies":[{"embeddable":true,"href":"https:\/\/sudurras.fo\/index.php?rest_route=%2Fwp%2Fv2%2Fcomments&post=42842"}],"version-history":[{"count":1,"href":"https:\/\/sudurras.fo\/index.php?rest_route=\/wp\/v2\/posts\/42842\/revisions"}],"predecessor-version":[{"id":42843,"href":"https:\/\/sudurras.fo\/index.php?rest_route=\/wp\/v2\/posts\/42842\/revisions\/42843"}],"wp:featuredmedia":[{"embeddable":true,"href":"https:\/\/sudurras.fo\/index.php?rest_route=\/wp\/v2\/media\/41640"}],"wp:attachment":[{"href":"https:\/\/sudurras.fo\/index.php?rest_route=%2Fwp%2Fv2%2Fmedia&parent=42842"}],"wp:term":[{"taxonomy":"category","embeddable":true,"href":"https:\/\/sudurras.fo\/index.php?rest_route=%2Fwp%2Fv2%2Fcategories&post=42842"},{"taxonomy":"post_tag","embeddable":true,"href":"https:\/\/sudurras.fo\/index.php?rest_route=%2Fwp%2Fv2%2Ftags&post=42842"}],"curies":[{"name":"wp","href":"https:\/\/api.w.org\/{rel}","templated":true}]}}