{"id":42853,"date":"2026-04-30T15:24:54","date_gmt":"2026-04-30T14:24:54","guid":{"rendered":"https:\/\/sudurras.fo\/?p=42853"},"modified":"2026-04-30T15:24:55","modified_gmt":"2026-04-30T14:24:55","slug":"laerarar-til-midnam-i-suduroy","status":"publish","type":"post","link":"https:\/\/sudurras.fo\/?p=42853","title":{"rendered":"L\u00e6rarar til Mi\u00f0n\u00e1m \u00ed Su\u00f0uroy"},"content":{"rendered":"\n<p>Mi\u00f0n\u00e1m \u00ed Su\u00f0uroy s\u00f8kir eftir l\u00e6rarum til sk\u00fala\u00e1ri\u00f0 2026\/2027 \u00ed hesum l\u00e6rugreinum:<\/p>\n\n\n\n<p><strong>Alisfr\u00f8\u00f0i, f\u00f8royskum, landafr\u00f8\u00f0i, l\u00edvfr\u00f8\u00f0i, st\u00f8ddfr\u00f8\u00f0i, \u00edtr\u00f3tti, s\u00f8gu, virkisb\u00faskapi og f\u00f8royskt sum anna\u00f0 m\u00e1l(FSA).<\/strong><\/p>\n\n\n\n<p>Arbei\u00f0i\u00f0 umfatar at undirv\u00edsa samb\u00e6rt n\u00e1ms\u00e6tlanum. Herundir at leggja til r\u00e6ttis undirv\u00edsingargongdir og gera undirv\u00edsingarfr\u00e1grei\u00f0ingar, umframt at taka lut \u00ed \u00f8\u00f0rum uppg\u00e1vum, i\u00f0 ikki beinlei\u00f0is eru kn\u00fdttar at fakligu undirv\u00edsingini. Hetta arbei\u00f0i\u00f0 kann liggja uttan fyri vanliga arbei\u00f0st\u00ed\u00f0.<\/p>\n\n\n\n<p>St\u00f8rvini ver\u00f0a sett \u00fat fr\u00e1 einari heildarmeting av fakligum f\u00f8rleikum, faksamanseting og pers\u00f3nligum f\u00f8rleikum og kunnu ver\u00f0a sett sum f\u00f8st st\u00f8rv, \u00e1rsvikariat ella t\u00edmal\u00e6rarast\u00f8rv. Fyri at ver\u00f0a settur \u00ed fast starv, skal ums\u00f8kjarin kunna undirv\u00edsa \u00ed minst tveimum l\u00e6rugreinum, i\u00f0 eru \u00e1 breytunum \u00e1 sk\u00falanum.<\/p>\n\n\n\n<p><strong>\u00datb\u00fagving og royndir<\/strong><\/p>\n\n\n\n<p>L\u00e6rarar skulu hava kandidat- ella master\u00fatb\u00fagving fr\u00e1 l\u00e6rdum h\u00e1sk\u00fala ella a\u00f0ra samsvarandi \u00fatb\u00fagving, i\u00f0 gevur f\u00f8rleika at undirv\u00edsa \u00e1 mi\u00f0n\u00e1mi.<\/p>\n\n\n\n<p>N\u00e1msfr\u00f8\u00f0ilig \u00fatb\u00fagving er ein fyrimunur, men ikki eitt krav. Ums\u00f8kjarar, i\u00f0 ver\u00f0a settir, skulu vera sinna\u00f0ir at fara undir n\u00e1msfr\u00f8\u00f0iliga \u00fatb\u00fagving fyri mi\u00f0n\u00e1mssk\u00falal\u00e6rarar.<\/p>\n\n\n\n<p>Vi\u00f0komandi undirv\u00edsingarroyndir eru ein fyrimunur.<\/p>\n\n\n\n<p><strong>Pers\u00f3nligir f\u00f8rleikar<\/strong><\/p>\n\n\n\n<p>Vit v\u00e6nta, at t\u00fa hevur hug og hegni at undirv\u00edsa, at t\u00fa ert fakliga v\u00e6l fyri, at t\u00fa vilt taka virknan lut \u00ed at menna Mi\u00f0n\u00e1m \u00ed Su\u00f0uroy og sj\u00e1lvsagt, at t\u00fa tr\u00edvist saman vi\u00f0 ungd\u00f3mi. Harafturat ver\u00f0ur dentur lagdur \u00e1 g\u00f3\u00f0ar m\u00e1lsligar f\u00f8rleikar og KT-f\u00f8rleikar.<\/p>\n\n\n\n<p><strong>Setanarvi\u00f0urskifti<\/strong><\/p>\n\n\n\n<p>St\u00f8rvini ver\u00f0a sett samb\u00e6rt s\u00e1ttm\u00e1la millum Yrkisfelagi\u00f0 Mi\u00f0n\u00e1m og F\u00edggjarm\u00e1lar\u00e1\u00f0i\u00f0.<\/p>\n\n\n\n<p><strong>Ums\u00f3kn<\/strong><\/p>\n\n\n\n<p>Ums\u00f3kn vi\u00f0 pr\u00f3gvum og CV skulu vera sk\u00falanum \u00ed hendi \u00ed seinasta lagi sunnudagin 17. mai 2026. Ums\u00f3knir skulu sendast til <a href=\"mailto:mis@skulin.fo\">mis@skulin.fo<\/a>.<\/p>\n\n\n\n<p>N\u00e6rri kunning f\u00e6st vi\u00f0 at venda s\u00e6r til Maritu Gunnarstein, rektara, \u00e1 tlf. 22 05 43 ella marita.gunnarstein<a href=\"mailto:mis@skulin.fo\">@skulin.fo<\/a>.<\/p>\n","protected":false},"excerpt":{"rendered":"<p>Mi\u00f0n\u00e1m \u00ed Su\u00f0uroy s\u00f8kir eftir l\u00e6rarum til sk\u00fala\u00e1ri\u00f0 2026\/2027 \u00ed hesum l\u00e6rugreinum: Alisfr\u00f8\u00f0i, f\u00f8royskum, landafr\u00f8\u00f0i, l\u00edvfr\u00f8\u00f0i, st\u00f8ddfr\u00f8\u00f0i, \u00edtr\u00f3tti, s\u00f8gu, virkisb\u00faskapi og f\u00f8royskt sum anna\u00f0 m\u00e1l(FSA). Arbei\u00f0i\u00f0 umfatar at undirv\u00edsa samb\u00e6rt n\u00e1ms\u00e6tlanum. Herundir at leggja til r\u00e6ttis undirv\u00edsingargongdir og gera undirv\u00edsingarfr\u00e1grei\u00f0ingar, umframt at taka lut \u00ed \u00f8\u00f0rum uppg\u00e1vum, i\u00f0 ikki beinlei\u00f0is eru kn\u00fdttar at fakligu undirv\u00edsingini. [&hellip;]<\/p>\n","protected":false},"author":23,"featured_media":21219,"comment_status":"closed","ping_status":"closed","sticky":false,"template":"","format":"standard","meta":{"ngg_post_thumbnail":0,"footnotes":""},"categories":[6,5],"tags":[],"class_list":["post-42853","post","type-post","status-publish","format-standard","has-post-thumbnail","hentry","category-stoerv","category-tekstlysingar"],"publishpress_future_action":{"enabled":false,"date":"2026-05-07 16:36:31","action":"change-status","newStatus":"draft","terms":[],"taxonomy":"category","extraData":[]},"publishpress_future_workflow_manual_trigger":{"enabledWorkflows":[]},"_links":{"self":[{"href":"https:\/\/sudurras.fo\/index.php?rest_route=\/wp\/v2\/posts\/42853","targetHints":{"allow":["GET"]}}],"collection":[{"href":"https:\/\/sudurras.fo\/index.php?rest_route=\/wp\/v2\/posts"}],"about":[{"href":"https:\/\/sudurras.fo\/index.php?rest_route=\/wp\/v2\/types\/post"}],"author":[{"embeddable":true,"href":"https:\/\/sudurras.fo\/index.php?rest_route=\/wp\/v2\/users\/23"}],"replies":[{"embeddable":true,"href":"https:\/\/sudurras.fo\/index.php?rest_route=%2Fwp%2Fv2%2Fcomments&post=42853"}],"version-history":[{"count":1,"href":"https:\/\/sudurras.fo\/index.php?rest_route=\/wp\/v2\/posts\/42853\/revisions"}],"predecessor-version":[{"id":42854,"href":"https:\/\/sudurras.fo\/index.php?rest_route=\/wp\/v2\/posts\/42853\/revisions\/42854"}],"wp:featuredmedia":[{"embeddable":true,"href":"https:\/\/sudurras.fo\/index.php?rest_route=\/wp\/v2\/media\/21219"}],"wp:attachment":[{"href":"https:\/\/sudurras.fo\/index.php?rest_route=%2Fwp%2Fv2%2Fmedia&parent=42853"}],"wp:term":[{"taxonomy":"category","embeddable":true,"href":"https:\/\/sudurras.fo\/index.php?rest_route=%2Fwp%2Fv2%2Fcategories&post=42853"},{"taxonomy":"post_tag","embeddable":true,"href":"https:\/\/sudurras.fo\/index.php?rest_route=%2Fwp%2Fv2%2Ftags&post=42853"}],"curies":[{"name":"wp","href":"https:\/\/api.w.org\/{rel}","templated":true}]}}