{"id":4326,"date":"2018-06-16T10:25:11","date_gmt":"2018-06-16T09:25:11","guid":{"rendered":"http:\/\/sudurras.fo\/?p=4326"},"modified":"2018-06-16T10:25:11","modified_gmt":"2018-06-16T09:25:11","slug":"adolf-ryggshamar-skeyt-fyrsta-almenna-malid-i-marghollini","status":"publish","type":"post","link":"https:\/\/sudurras.fo\/?p=4326","title":{"rendered":"Adolf Ryggshamar skeyt fyrsta almenna m\u00e1li\u00f0 \u00ed Margh\u00f8llini"},"content":{"rendered":"<p>Fr\u00edggjadagin 15. Juni var alment h\u00e1t\u00ed\u00f0arhald \u00ed Margh\u00f8llini \u00ed samband vi\u00f0 at Margh\u00f8llin var\u00f0 alment tikin \u00ed n\u00fdtslu.<\/p>\n<p><!--more--><\/p>\n<p>84 \u00e1ra gamli Adolf Ryggshamar, sum er ein gamal VB\u2019ari og dyggur stu\u00f0ul hj\u00e1 b\u00e6\u00f0i f\u00f3tb\u00f3ltinum \u00ed V\u00e1gi og ikki minst hevur v\u00edst Margh\u00f8llini st\u00f3ran \u00e1huga, var kosin at skj\u00f3ta fyrsta almenna m\u00e1li\u00f0.<\/p>\n<p>Og ta\u00f0 var eisini ein r\u00f8rdur Adolf Ryggshamar sum skeyt b\u00f3ltin \u00ed m\u00e1li\u00f0 frammanfyri st\u00f3ri mannam\u00fagvuni, sum var komin saman til h\u00e1t\u00ed\u00f0arl\u00f8tu \u00ed Margh\u00f8llini.<\/p>\n","protected":false},"excerpt":{"rendered":"<p>Fr\u00edggjadagin 15. Juni var alment h\u00e1t\u00ed\u00f0arhald \u00ed Margh\u00f8llini \u00ed samband vi\u00f0 at Margh\u00f8llin var\u00f0 alment tikin \u00ed n\u00fdtslu.<\/p>\n","protected":false},"author":3,"featured_media":4324,"comment_status":"closed","ping_status":"closed","sticky":false,"template":"","format":"standard","meta":{"ngg_post_thumbnail":0,"footnotes":""},"categories":[2,1],"tags":[],"class_list":["post-4326","post","type-post","status-publish","format-standard","has-post-thumbnail","hentry","category-itrottur","category-tidindi"],"publishpress_future_action":{"enabled":false,"date":"2026-05-08 14:34:49","action":"change-status","newStatus":"draft","terms":[],"taxonomy":"category","extraData":[]},"publishpress_future_workflow_manual_trigger":{"enabledWorkflows":[]},"_links":{"self":[{"href":"https:\/\/sudurras.fo\/index.php?rest_route=\/wp\/v2\/posts\/4326","targetHints":{"allow":["GET"]}}],"collection":[{"href":"https:\/\/sudurras.fo\/index.php?rest_route=\/wp\/v2\/posts"}],"about":[{"href":"https:\/\/sudurras.fo\/index.php?rest_route=\/wp\/v2\/types\/post"}],"author":[{"embeddable":true,"href":"https:\/\/sudurras.fo\/index.php?rest_route=\/wp\/v2\/users\/3"}],"replies":[{"embeddable":true,"href":"https:\/\/sudurras.fo\/index.php?rest_route=%2Fwp%2Fv2%2Fcomments&post=4326"}],"version-history":[{"count":0,"href":"https:\/\/sudurras.fo\/index.php?rest_route=\/wp\/v2\/posts\/4326\/revisions"}],"wp:featuredmedia":[{"embeddable":true,"href":"https:\/\/sudurras.fo\/index.php?rest_route=\/wp\/v2\/media\/4324"}],"wp:attachment":[{"href":"https:\/\/sudurras.fo\/index.php?rest_route=%2Fwp%2Fv2%2Fmedia&parent=4326"}],"wp:term":[{"taxonomy":"category","embeddable":true,"href":"https:\/\/sudurras.fo\/index.php?rest_route=%2Fwp%2Fv2%2Fcategories&post=4326"},{"taxonomy":"post_tag","embeddable":true,"href":"https:\/\/sudurras.fo\/index.php?rest_route=%2Fwp%2Fv2%2Ftags&post=4326"}],"curies":[{"name":"wp","href":"https:\/\/api.w.org\/{rel}","templated":true}]}}