{"id":44020,"date":"2026-08-31T13:38:48","date_gmt":"2026-08-31T12:38:48","guid":{"rendered":"https:\/\/sudurras.fo\/?p=44020"},"modified":"2026-08-31T13:38:49","modified_gmt":"2026-08-31T12:38:49","slug":"folk-ur-30-ymiskum-londum-hava-vitjad-biskupskeldu-i-summar","status":"publish","type":"post","link":"https:\/\/sudurras.fo\/?p=44020","title":{"rendered":"F\u00f3lk \u00far 30 ymiskum londum hava vitja\u00f0 Biskupskeldu \u00ed summar"},"content":{"rendered":"\n<p class=\"wp-block-paragraph\"><strong>Biskupskelda<\/strong>: Tali\u00f0 av fer\u00f0af\u00f3lkum, sum vitja F\u00f8royar og eisini Su\u00f0uroynna, er \u00ed st\u00f8\u00f0ugum v\u00f8kstri. Hetta s\u00e6st eisini aftur \u00ed talinum \u00e1 vitjandi hj\u00e1 Biskupskeldu, sum \u00ed summar hevur sett n\u00fdtt met.<\/p>\n\n\n\n<p class=\"wp-block-paragraph\">Seinastu \u00e1rini hava vit \u00ed Biskupskeldu roynt at skr\u00e1seta, hv\u00f8rji lond okkara vitjandi koma fr\u00e1. \u00cd fj\u00f8r (2025) h\u00f8vdu vit vitjandi \u00far \u00ed minsta lagi 19 ymiskum londum. Higartil \u00ed \u00e1r hava veri\u00f0 v\u00e6l fleiri vitjandi, og eisini eru tey komin \u00far fleiri ymiskum londum.<\/p>\n\n\n\n<p class=\"wp-block-paragraph\">N\u00fa summari\u00f0 er fari\u00f0 at halla, hava f\u00f3lk \u00far \u00ed minsta lagi 30 ymiskum londum vitja\u00f0 Biskupskeldu fram til endan av august.<\/p>\n\n\n\n<p class=\"wp-block-paragraph\">Ta\u00f0 eru fleiri ymisk sl\u00f8g av fer\u00f0af\u00f3lki, sum koma \u00e1 vitjan hj\u00e1 Biskupskeldu.<\/p>\n\n\n\n<p class=\"wp-block-paragraph\">Summi koma fram vi\u00f0, t\u00ed tey eru \u00e1 fer\u00f0 \u00ed n\u00e6rumhv\u00f8rvinum. Onnur hava eina vitjan \u00e1 skr\u00e1nni sum li\u00f0 \u00ed einari tilr\u00e6ttislagdari fer\u00f0 vi\u00f0 st\u00f8rri ella minni fer\u00f0alagi. Og so eru ta\u00f0 r\u00e6ttiliga n\u00f3gvir \u00f8l-n\u00f8rdar, sum hava vitja\u00f0 \u00ed summar \u2013 hetta var eisini galdandi \u00ed fj\u00f8r \u2013 og sum naka\u00f0 n\u00fdtt eisini cider-n\u00f8rdar.<\/p>\n\n\n\n<p class=\"wp-block-paragraph\">Hesin seinasti b\u00f3lkurin \u2013 \u00f8l-n\u00f8rdarnir og cider-n\u00f8rdarnir \u2013 eru r\u00e6ttiliga \u00e1hugaverdar vitjanir vi\u00f0 g\u00f3\u00f0um pr\u00e1ti um \u00f8l og cider. \u00cd flestu f\u00f8rum er talan um f\u00f3lk, sum fer\u00f0ast r\u00e6ttiliga mi\u00f0v\u00edst eftir \u00f8\u00f0rv\u00edsi \u00f8l- og ciderupplivingum.<\/p>\n\n\n\n<p class=\"wp-block-paragraph\">Vitjanin hj\u00e1 Biskupskeldu fevnir alt\u00ed\u00f0 um eina fr\u00e1grei\u00f0ing um Biskupskeldu, um s\u00f8gur\u00edka Biskupskelduh\u00fasi\u00f0, sum var\u00f0 bygt \u00ed 1870-\u00e1runum, og um \u00f8l og cider fr\u00e1 Biskupskeldu.<\/p>\n\n\n\n<p class=\"wp-block-paragraph\">Ta\u00f0 hevur veri\u00f0 hugaligt at taka \u00edm\u00f3ti n\u00f3gvu \u00fatlendsku gestunum og st\u00f3ra talinum av f\u00f8royskum vitjandi \u00ed summar.<\/p>\n\n\n\n<p class=\"wp-block-paragraph\">N\u00fa fara vit undir heyst- og vetrarskr\u00e1nna vi\u00f0 tilt\u00f8kum av ymiskum slagi og eisini vi\u00f0 vetrar- og j\u00f3la\u00f8li \u00e1 skr\u00e1nni.<\/p>\n\n\n\n<p class=\"wp-block-paragraph\"><em>F\u00f3lk \u00far hesum londum hava vitja\u00f0 \u00ed summar.<\/em><\/p>\n\n\n\n<figure class=\"wp-block-image size-large\"><img loading=\"lazy\" decoding=\"async\" width=\"1024\" height=\"683\" src=\"https:\/\/sudurras.fo\/wp-content\/uploads\/2026\/08\/Flogg-BIskupskelda-1024x683.png\" alt=\"\" class=\"wp-image-44022\" srcset=\"https:\/\/sudurras.fo\/wp-content\/uploads\/2026\/08\/Flogg-BIskupskelda-1024x683.png 1024w, https:\/\/sudurras.fo\/wp-content\/uploads\/2026\/08\/Flogg-BIskupskelda-300x200.png 300w, https:\/\/sudurras.fo\/wp-content\/uploads\/2026\/08\/Flogg-BIskupskelda-768x512.png 768w, https:\/\/sudurras.fo\/wp-content\/uploads\/2026\/08\/Flogg-BIskupskelda.png 1536w\" sizes=\"auto, (max-width: 1024px) 100vw, 1024px\" \/><\/figure>\n","protected":false},"excerpt":{"rendered":"<p>Biskupskelda: Tali\u00f0 av fer\u00f0af\u00f3lkum, sum vitja F\u00f8royar og eisini Su\u00f0uroynna, er \u00ed st\u00f8\u00f0ugum v\u00f8kstri. Hetta s\u00e6st eisini aftur \u00ed talinum \u00e1 vitjandi hj\u00e1 Biskupskeldu, sum \u00ed summar hevur sett n\u00fdtt met. Seinastu \u00e1rini hava vit \u00ed Biskupskeldu roynt at skr\u00e1seta, hv\u00f8rji lond okkara vitjandi koma fr\u00e1. \u00cd fj\u00f8r (2025) h\u00f8vdu vit vitjandi \u00far \u00ed minsta [&hellip;]<\/p>\n","protected":false},"author":23,"featured_media":44021,"comment_status":"closed","ping_status":"closed","sticky":false,"template":"","format":"standard","meta":{"ngg_post_thumbnail":0,"footnotes":""},"categories":[1],"tags":[],"class_list":["post-44020","post","type-post","status-publish","format-standard","has-post-thumbnail","hentry","category-tidindi"],"publishpress_future_action":{"enabled":false,"date":"2026-09-07 16:07:36","action":"change-status","newStatus":"draft","terms":[],"taxonomy":"category","extraData":[]},"publishpress_future_workflow_manual_trigger":{"enabledWorkflows":[]},"_links":{"self":[{"href":"https:\/\/sudurras.fo\/index.php?rest_route=\/wp\/v2\/posts\/44020","targetHints":{"allow":["GET"]}}],"collection":[{"href":"https:\/\/sudurras.fo\/index.php?rest_route=\/wp\/v2\/posts"}],"about":[{"href":"https:\/\/sudurras.fo\/index.php?rest_route=\/wp\/v2\/types\/post"}],"author":[{"embeddable":true,"href":"https:\/\/sudurras.fo\/index.php?rest_route=\/wp\/v2\/users\/23"}],"replies":[{"embeddable":true,"href":"https:\/\/sudurras.fo\/index.php?rest_route=%2Fwp%2Fv2%2Fcomments&post=44020"}],"version-history":[{"count":1,"href":"https:\/\/sudurras.fo\/index.php?rest_route=\/wp\/v2\/posts\/44020\/revisions"}],"predecessor-version":[{"id":44023,"href":"https:\/\/sudurras.fo\/index.php?rest_route=\/wp\/v2\/posts\/44020\/revisions\/44023"}],"wp:featuredmedia":[{"embeddable":true,"href":"https:\/\/sudurras.fo\/index.php?rest_route=\/wp\/v2\/media\/44021"}],"wp:attachment":[{"href":"https:\/\/sudurras.fo\/index.php?rest_route=%2Fwp%2Fv2%2Fmedia&parent=44020"}],"wp:term":[{"taxonomy":"category","embeddable":true,"href":"https:\/\/sudurras.fo\/index.php?rest_route=%2Fwp%2Fv2%2Fcategories&post=44020"},{"taxonomy":"post_tag","embeddable":true,"href":"https:\/\/sudurras.fo\/index.php?rest_route=%2Fwp%2Fv2%2Ftags&post=44020"}],"curies":[{"name":"wp","href":"https:\/\/api.w.org\/{rel}","templated":true}]}}