{"id":44036,"date":"2026-09-03T08:52:10","date_gmt":"2026-09-03T07:52:10","guid":{"rendered":"https:\/\/sudurras.fo\/?p=44036"},"modified":"2026-09-03T08:52:11","modified_gmt":"2026-09-03T07:52:11","slug":"vinarbond-skapt-i-vagi-halda-fram","status":"publish","type":"post","link":"https:\/\/sudurras.fo\/?p=44036","title":{"rendered":"Vinarbond skapt \u00ed V\u00e1gi, halda fram"},"content":{"rendered":"\n<p class=\"wp-block-paragraph\">Fyrr \u00ed \u00e1r b\u00fa\u00f0u Lena og Damian \u00far P\u00f3llandi og Alina, Aaro og Veikko \u00far Finnlandi \u00ed V\u00e1gi \u00ed nakrar vikur, sum partur av <a href=\"https:\/\/arcticdigitalnomads.com\/\">Arctic Digital Nomads<\/a> verk\u00e6tlanini, stu\u00f0la\u00f0 av NORA.<\/p>\n\n\n\n<p class=\"wp-block-paragraph\">Tey hittust, me\u00f0an tey v\u00f3ru \u00ed V\u00e1gi, og n\u00fa, nakrar m\u00e1na\u00f0ir seinni, hittust tey aftur, hesufer\u00f0 \u00ed Finnlandi.<\/p>\n\n\n\n<p class=\"wp-block-paragraph\">Lena og Damian hava veri\u00f0 \u00e1 fer\u00f0 \u00ed Finnlandi og hava millum anna\u00f0 vitja\u00f0 \u00c1land eftir vi\u00f0m\u00e6li fr\u00e1 Alinu. \u00c1 fer\u00f0ini hittust tey vi\u00f0 Alinu og Aaro \u00ed Turku, har tey hugna\u00f0u s\u00e6r saman.<\/p>\n\n\n\n<p class=\"wp-block-paragraph\">Og V\u00e1gsbygd var eisini vi\u00f0. \u00d8ll h\u00f8vdu nevniliga V\u00e1gs Kommunu-posan vi\u00f0 s\u00e6r \u00ed Turku, og sum tey sj\u00e1lvi skemtiliga or\u00f0a\u00f0u ta\u00f0: <em>\u201cHard core V\u00e1gur promotion on the streets of Turku\u201d<\/em>.<\/p>\n\n\n\n<p class=\"wp-block-paragraph\">Ta\u00f0 er stuttligt at s\u00edggja, at vinabondini, sum v\u00f3r\u00f0u skapt undir uppihaldinum \u00ed V\u00e1gi, liva v\u00ed\u00f0ari, n\u00fa nomadarnir eru farnir hv\u00f8r til s\u00edtt. Og eitt v\u00f3ru tey \u00f8ll samd um \u2013 tey sakna V\u00e1gsbygd.<\/p>\n\n\n\n<p class=\"wp-block-paragraph\"><\/p>\n","protected":false},"excerpt":{"rendered":"<p>Fyrr \u00ed \u00e1r b\u00fa\u00f0u Lena og Damian \u00far P\u00f3llandi og Alina, Aaro og Veikko \u00far Finnlandi \u00ed V\u00e1gi \u00ed nakrar vikur, sum partur av Arctic Digital Nomads verk\u00e6tlanini, stu\u00f0la\u00f0 av NORA. Tey hittust, me\u00f0an tey v\u00f3ru \u00ed V\u00e1gi, og n\u00fa, nakrar m\u00e1na\u00f0ir seinni, hittust tey aftur, hesufer\u00f0 \u00ed Finnlandi. Lena og Damian hava veri\u00f0 \u00e1 [&hellip;]<\/p>\n","protected":false},"author":22,"featured_media":44037,"comment_status":"closed","ping_status":"closed","sticky":false,"template":"","format":"standard","meta":{"ngg_post_thumbnail":0,"footnotes":""},"categories":[1],"tags":[],"class_list":["post-44036","post","type-post","status-publish","format-standard","has-post-thumbnail","hentry","category-tidindi"],"publishpress_future_action":{"enabled":false,"date":"2026-09-10 10:52:15","action":"change-status","newStatus":"draft","terms":[],"taxonomy":"category","extraData":[]},"publishpress_future_workflow_manual_trigger":{"enabledWorkflows":[]},"_links":{"self":[{"href":"https:\/\/sudurras.fo\/index.php?rest_route=\/wp\/v2\/posts\/44036","targetHints":{"allow":["GET"]}}],"collection":[{"href":"https:\/\/sudurras.fo\/index.php?rest_route=\/wp\/v2\/posts"}],"about":[{"href":"https:\/\/sudurras.fo\/index.php?rest_route=\/wp\/v2\/types\/post"}],"author":[{"embeddable":true,"href":"https:\/\/sudurras.fo\/index.php?rest_route=\/wp\/v2\/users\/22"}],"replies":[{"embeddable":true,"href":"https:\/\/sudurras.fo\/index.php?rest_route=%2Fwp%2Fv2%2Fcomments&post=44036"}],"version-history":[{"count":1,"href":"https:\/\/sudurras.fo\/index.php?rest_route=\/wp\/v2\/posts\/44036\/revisions"}],"predecessor-version":[{"id":44038,"href":"https:\/\/sudurras.fo\/index.php?rest_route=\/wp\/v2\/posts\/44036\/revisions\/44038"}],"wp:featuredmedia":[{"embeddable":true,"href":"https:\/\/sudurras.fo\/index.php?rest_route=\/wp\/v2\/media\/44037"}],"wp:attachment":[{"href":"https:\/\/sudurras.fo\/index.php?rest_route=%2Fwp%2Fv2%2Fmedia&parent=44036"}],"wp:term":[{"taxonomy":"category","embeddable":true,"href":"https:\/\/sudurras.fo\/index.php?rest_route=%2Fwp%2Fv2%2Fcategories&post=44036"},{"taxonomy":"post_tag","embeddable":true,"href":"https:\/\/sudurras.fo\/index.php?rest_route=%2Fwp%2Fv2%2Ftags&post=44036"}],"curies":[{"name":"wp","href":"https:\/\/api.w.org\/{rel}","templated":true}]}}