{"id":44047,"date":"2026-09-04T14:19:13","date_gmt":"2026-09-04T13:19:13","guid":{"rendered":"https:\/\/sudurras.fo\/?p=44047"},"modified":"2026-09-04T14:19:14","modified_gmt":"2026-09-04T13:19:14","slug":"tekniskur-malsvidgeri-fa-byggimal-og-verkaetlanir-a-mal","status":"publish","type":"post","link":"https:\/\/sudurras.fo\/?p=44047","title":{"rendered":"Tekniskur m\u00e1lsvi\u00f0geri \u2013 f\u00e1 byggim\u00e1l og verk\u00e6tlanir \u00e1 m\u00e1l"},"content":{"rendered":"\n<p class=\"wp-block-paragraph\">Vilt t\u00fa arbei\u00f0a vi\u00f0 m\u00e1lum, sum hava t\u00fddning fyri borgarar og vinnul\u00edvi\u00f0 \u00ed V\u00e1gi? So ert t\u00fa tann, okur leita eftir til starvi\u00f0 sum tekniskur m\u00e1lsvi\u00f0geri.<\/p>\n\n\n\n<p class=\"wp-block-paragraph\">Talan er um eitt spennandi og fj\u00f8lbroytt starv \u00e1 teknisku deild hj\u00e1 V\u00e1gs Kommunu, har deildin umsitur n\u00fdbygging, rakstur og \u00f8ll teknisk \u00f8ki hj\u00e1 kommununi. \u00c1 deildini starvast tr\u00fd f\u00f3lk \u00ed fyrisitingini, og harumframt eru starvsf\u00f3lk kn\u00fdtt at h\u00fasavar\u00f0a- og vegatoyminum, havnaumsj\u00f3n og vaktarskipan.<\/p>\n\n\n\n<p class=\"wp-block-paragraph\"><strong>H\u00f8vu\u00f0suppg\u00e1vur<\/strong><\/p>\n\n\n\n<p class=\"wp-block-paragraph\">T\u00fa kemur at hava n\u00f3gv samskifti vi\u00f0 borgarar, fyrit\u00f8kur, vinnul\u00edv, kommunust\u00fdrislimir og almennar myndugleikar.<\/p>\n\n\n\n<p class=\"wp-block-paragraph\">Sum tekniskur m\u00e1lsvi\u00f0geri koma arbei\u00f0suppg\u00e1vurnar millum anna\u00f0 at fevna um:<\/p>\n\n\n\n<ul class=\"wp-block-list\">\n<li>byggim\u00e1lsvi\u00f0ger\u00f0 og a\u00f0ra m\u00e1lsvi\u00f0ger\u00f0 \u00e1 teknisku deild, umframt skr\u00e1seting, vi\u00f0ger\u00f0 og avgrei\u00f0slu av m\u00e1lum<\/li>\n\n\n\n<li>fyrireiking av m\u00e1lum til politiska vi\u00f0ger\u00f0<\/li>\n\n\n\n<li>samskifti vi\u00f0 borgarar, fyrit\u00f8kur og myndugleikar<\/li>\n\n\n\n<li>skr\u00e1seting og arbei\u00f0i \u00ed kortskipanum<\/li>\n\n\n\n<li>sm\u00e6rri tilgongdir til minni verk\u00e6tlanir og undirliggjandi umsiting av verk\u00e6tlanum, eitt n\u00fa skjalaf\u00f8rslu<\/li>\n\n\n\n<li>vanligt fyrisitingarligt skrivstovuarbei\u00f0i og a\u00f0rar uppg\u00e1vur, sum hoyra til teknisku deild<\/li>\n<\/ul>\n\n\n\n<p class=\"wp-block-paragraph\">T\u00fa v\u00edsir beinlei\u00f0is til tekniska lei\u00f0aran, Linn Mohr Augustinussen. Starvssta\u00f0urin er hj\u00e1 V\u00e1gs Kommunu vi\u00f0 h\u00f8vu\u00f0ss\u00e6ti \u00e1 kommunuskrivstovuni, V\u00e1gsvegur 30.<\/p>\n\n\n\n<p class=\"wp-block-paragraph\">V\u00e1gs Kommuna og tekniska deild eru \u00ed st\u00f8\u00f0ugari menning, og t\u00ed kunnu arbei\u00f0suppg\u00e1vurnar broytast vi\u00f0 t\u00ed\u00f0ini.<\/p>\n\n\n\n<p class=\"wp-block-paragraph\"><strong>F\u00f8rleikakr\u00f8v<\/strong><\/p>\n\n\n\n<p class=\"wp-block-paragraph\">Okur v\u00e6nta, at t\u00fa hevur vi\u00f0komandi mi\u00f0allanga \u00fatb\u00fagving, t.d. sum verkfr\u00f8\u00f0ingur, byggifr\u00f8\u00f0ingur ella a\u00f0ra vi\u00f0komandi \u00fatb\u00fagving.<\/p>\n\n\n\n<p class=\"wp-block-paragraph\">Harumframt v\u00e6nta okur, at t\u00fa:<\/p>\n\n\n\n<ul class=\"wp-block-list\">\n<li>ert fyrikomandi og t\u00e6nastusinna\u00f0\/ur<\/li>\n\n\n\n<li>hevur g\u00f3\u00f0 samstarvs- og samskiftisevni og dugir v\u00e6l at samskifta vi\u00f0 ymiskar \u00e1hugapartar<\/li>\n\n\n\n<li>hevur g\u00f3\u00f0an m\u00e1lsligan f\u00f8rleika \u00ed f\u00f8royskum<\/li>\n\n\n\n<li>tr\u00edvist \u00ed einum fj\u00f8lbroyttum arbei\u00f0sumhv\u00f8rvi<\/li>\n<\/ul>\n\n\n\n<p class=\"wp-block-paragraph\">Ta\u00f0 er ein fyrimunur, um t\u00fa:<\/p>\n\n\n\n<ul class=\"wp-block-list\">\n<li>hevur kunnleika til byggisamtyktir og b\u00fdarskipan, umframt royndir fr\u00e1 kommunalari ella almennari fyrisiting<\/li>\n\n\n\n<li>hevur kunnleika til eina ella fleiri av hesum skipanum: ArcGIS ella a\u00f0rar kortskipanir, AutoCAD, Revit og 360-<\/li>\n\n\n\n<li>skjalaskipanina<\/li>\n<\/ul>\n\n\n\n<p class=\"wp-block-paragraph\">Hj\u00e1 okum f\u00e6rt t\u00fa<\/p>\n\n\n\n<ul class=\"wp-block-list\">\n<li>eitt fullt\u00ed\u00f0arstarv vi\u00f0 fleksiblari arbei\u00f0st\u00ed\u00f0, har t\u00fa eftir avtalu kanst leggja arbei\u00f0sdagin til r\u00e6ttis, t.d. n\u00e6r t\u00fa m\u00f8tir um morgunin<\/li>\n\n\n\n<li>m\u00f8guleika at arbei\u00f0a heiman\u00edfr\u00e1 ein dag um vikuna<\/li>\n\n\n\n<li>Skipa\u00f0i starvsf\u00f3lka tilbo\u00f0 t.d. m\u00f8guleika at svimja \u00f3keypis \u00ed P\u00e1ls H\u00f8ll<\/li>\n\n\n\n<li>m\u00f8guleika at venja upp til tveir t\u00edmar \u00ed arbei\u00f0st\u00ed\u00f0<\/li>\n\n\n\n<li>ymisk sosial tilt\u00f8k fyri starvsf\u00f3lk gj\u00f8gnum \u00e1ri\u00f0<\/li>\n\n\n\n<li>l\u00f8nar- og setanartreytir samb\u00e6rt s\u00e1ttm\u00e1la millum Kommunala Arbei\u00f0sgevarafelagi\u00f0 og avvar\u00f0andi yrkisfelag<\/li>\n<\/ul>\n\n\n\n<p class=\"wp-block-paragraph\"><strong>Ums\u00f3kn og uppl\u00fdsingar<\/strong><\/p>\n\n\n\n<p class=\"wp-block-paragraph\">Lj\u00f3\u00f0ar starvi\u00f0 \u00e1hugavert, og heldur t\u00fa, at ta\u00f0 er naka\u00f0 fyri teg, taka okur fegin \u00edm\u00f3ti t\u00ednari ums\u00f3kn.<\/p>\n\n\n\n<p class=\"wp-block-paragraph\">Send okum ums\u00f3knina saman vi\u00f0 avriti av pr\u00f3gvi og \u00f8\u00f0rum vi\u00f0komandi skj\u00f8lum umvegis HR-skipanina&nbsp;<a href=\"https:\/\/vagur.totalview.cloud\/recruitment\/Application\/Index\/40\" target=\"_blank\" rel=\"noreferrer noopener\">her<\/a>&nbsp;hj\u00e1 V\u00e1gs Kommunu \u00ed seinasta lagi 18. september.<\/p>\n\n\n\n<p class=\"wp-block-paragraph\">Samr\u00f8\u00f0ur ver\u00f0a hildnar eftir ums\u00f3knarfreistina, og allar ums\u00f3knir ver\u00f0a vi\u00f0gj\u00f8rdar \u00ed tr\u00fana\u00f0i.<\/p>\n\n\n\n<p class=\"wp-block-paragraph\">V\u00e1gs Kommuna skilar s\u00e6r r\u00e6ttin til at velja \u00edmillum ums\u00f8kjararnar ella ongan at seta. Eru ikki n\u00f3g n\u00f3gvir h\u00f3skandi ums\u00f8kjarar, kann starvi\u00f0 ver\u00f0a l\u00fdst av n\u00fdggjum.<\/p>\n\n\n\n<p class=\"wp-block-paragraph\"><strong>Hevur t\u00fa spurningar?<\/strong><\/p>\n\n\n\n<p class=\"wp-block-paragraph\">Ynskir t\u00fa n\u00e6rri uppl\u00fdsingar um starvi\u00f0, ert t\u00fa v\u00e6lkomin at seta teg \u00ed samband vi\u00f0 Linn Mohr Augustinussen, tekniskur lei\u00f0ari, \u00e1 telefon 23 93 02 ella telduposti \u00e1&nbsp;<a href=\"mailto:linn@vagur.fo\">linn@vagur.fo<\/a>.<\/p>\n\n\n\n<p class=\"wp-block-paragraph\">Okur gle\u00f0a okum at fr\u00e6tta fr\u00e1 t\u00e6r!<\/p>\n\n\n\n<p class=\"wp-block-paragraph\"><\/p>\n\n\n\n<p class=\"wp-block-paragraph\"><strong>V\u00e1gs Kommuna<\/strong><\/p>\n","protected":false},"excerpt":{"rendered":"<p>Vilt t\u00fa arbei\u00f0a vi\u00f0 m\u00e1lum, sum hava t\u00fddning fyri borgarar og vinnul\u00edvi\u00f0 \u00ed V\u00e1gi? So ert t\u00fa tann, okur leita eftir til starvi\u00f0 sum tekniskur m\u00e1lsvi\u00f0geri. Talan er um eitt spennandi og fj\u00f8lbroytt starv \u00e1 teknisku deild hj\u00e1 V\u00e1gs Kommunu, har deildin umsitur n\u00fdbygging, rakstur og \u00f8ll teknisk \u00f8ki hj\u00e1 kommununi. \u00c1 deildini starvast tr\u00fd [&hellip;]<\/p>\n","protected":false},"author":23,"featured_media":42798,"comment_status":"closed","ping_status":"closed","sticky":false,"template":"","format":"standard","meta":{"ngg_post_thumbnail":0,"footnotes":""},"categories":[6,5],"tags":[],"class_list":["post-44047","post","type-post","status-publish","format-standard","has-post-thumbnail","hentry","category-stoerv","category-tekstlysingar"],"publishpress_future_action":{"enabled":false,"date":"2026-09-11 16:00:20","action":"change-status","newStatus":"draft","terms":[],"taxonomy":"category","extraData":[]},"publishpress_future_workflow_manual_trigger":{"enabledWorkflows":[]},"_links":{"self":[{"href":"https:\/\/sudurras.fo\/index.php?rest_route=\/wp\/v2\/posts\/44047","targetHints":{"allow":["GET"]}}],"collection":[{"href":"https:\/\/sudurras.fo\/index.php?rest_route=\/wp\/v2\/posts"}],"about":[{"href":"https:\/\/sudurras.fo\/index.php?rest_route=\/wp\/v2\/types\/post"}],"author":[{"embeddable":true,"href":"https:\/\/sudurras.fo\/index.php?rest_route=\/wp\/v2\/users\/23"}],"replies":[{"embeddable":true,"href":"https:\/\/sudurras.fo\/index.php?rest_route=%2Fwp%2Fv2%2Fcomments&post=44047"}],"version-history":[{"count":1,"href":"https:\/\/sudurras.fo\/index.php?rest_route=\/wp\/v2\/posts\/44047\/revisions"}],"predecessor-version":[{"id":44048,"href":"https:\/\/sudurras.fo\/index.php?rest_route=\/wp\/v2\/posts\/44047\/revisions\/44048"}],"wp:featuredmedia":[{"embeddable":true,"href":"https:\/\/sudurras.fo\/index.php?rest_route=\/wp\/v2\/media\/42798"}],"wp:attachment":[{"href":"https:\/\/sudurras.fo\/index.php?rest_route=%2Fwp%2Fv2%2Fmedia&parent=44047"}],"wp:term":[{"taxonomy":"category","embeddable":true,"href":"https:\/\/sudurras.fo\/index.php?rest_route=%2Fwp%2Fv2%2Fcategories&post=44047"},{"taxonomy":"post_tag","embeddable":true,"href":"https:\/\/sudurras.fo\/index.php?rest_route=%2Fwp%2Fv2%2Ftags&post=44047"}],"curies":[{"name":"wp","href":"https:\/\/api.w.org\/{rel}","templated":true}]}}