{"id":44051,"date":"2026-09-04T14:23:26","date_gmt":"2026-09-04T13:23:26","guid":{"rendered":"https:\/\/sudurras.fo\/?p=44051"},"modified":"2026-09-04T14:23:26","modified_gmt":"2026-09-04T13:23:26","slug":"storri-og-djarvari-a-ambassadordegnum-2026","status":"publish","type":"post","link":"https:\/\/sudurras.fo\/?p=44051","title":{"rendered":"St\u00f8rri og djarvari \u00e1 Ambassad\u00f8rdegnum 2026"},"content":{"rendered":"\n<p class=\"wp-block-paragraph\"><strong>Visit Faroe Islands<\/strong>:&nbsp;Ambassad\u00f8rar hj\u00e1 Visit Faroe Islands v\u00f3ru savna\u00f0ir \u00e1 \u00e1rliga Ambassad\u00f8rdegnum hj\u00e1 Visit Faroe Islands 3. september. Undir yvirskriftini St\u00f8rri &amp; djarvari var\u00f0 lj\u00f3s varpa\u00f0 \u00e1 \u00farslitini \u00ed \u00e1rinum, sum f\u00f3r, og \u00e1 n\u00fdggjar m\u00f8guleikar fyri F\u00f8royar sum vertslandi fyri r\u00e1\u00f0stevnur og tilt\u00f8k.<\/p>\n\n\n\n<p class=\"wp-block-paragraph\">Dagurin var\u00f0 hildin \u00e1 Panorama \u00ed Havn, har He\u00f0in Mortensen, forma\u00f0ur \u00ed vinnunevndini hj\u00e1 T\u00f3rshavnar kommunu, setti dagin. S\u00ed\u00f0ani t\u00f3k Visit Faroe Islands samanum \u00e1ri\u00f0, har F\u00f8royar veruliga hava flutt m\u00f8rkini fyri, hv\u00f8rji altj\u00f3\u00f0a tilt\u00f8k kunnu haldast her til d\u00f8mis vi\u00f0 UArctic r\u00e1\u00f0stevnuni og teimum m\u00f8guleikum, sum Vi\u00f0 Tjarnir gevur.<\/p>\n\n\n\n<p class=\"wp-block-paragraph\">N\u00edggju sm\u00e6rri framl\u00f8gur undir heitinum Hvirluvindar. Her greiddu f\u00f8royskir ambassad\u00f8rar fr\u00e1 ymiskum tilt\u00f8kum, \u00e6tlanum og m\u00f8guleikum innan millum anna\u00f0 Oyggjaleikir, LGBT+, UArctic, dart, hagt\u00f8l, ve\u00f0ur og hav.<\/p>\n\n\n\n<p class=\"wp-block-paragraph\">Greg Worley og S\u00f3ley Herad\u00f3ttir Hammer fr\u00e1, hv\u00ed og hvussu F\u00f8royar eru eitt fr\u00e1l\u00edkt sta\u00f0 til altj\u00f3\u00f0a tilt\u00f8k. Tey eru fyriskiparar av Tonik r\u00e1\u00f0stevnuni, sum fekk hei\u00f0urin sum \u00c1rsins Ambassad\u00f8r\u00e1tak \u00e1 Ambassad\u00f8rdegnum \u00ed 2025.<\/p>\n\n\n\n<p class=\"wp-block-paragraph\">Undir lei\u00f0slu av teimum b\u00e1\u00f0um og evninum St\u00f8rri &amp; djarvari \u00ed verki arbeiddu luttakararnir vi\u00f0 \u00edt\u00f8kiligum hugskotum til komandi r\u00e1\u00f0stevnur og tilt\u00f8k, sum F\u00f8royar kunnu bj\u00f3\u00f0a seg fram at h\u00fdsa. Endam\u00e1li\u00f0 var b\u00e6\u00f0i at hugsa st\u00f3rt og djarvt og at f\u00e1a eyga \u00e1 sm\u00e6rri fakfundir og r\u00e1\u00f0stevnur, sum kunnu skapa altj\u00f3\u00f0a sambond, vitan og virksemi \u00ed F\u00f8royum.<\/p>\n\n\n\n<p class=\"wp-block-paragraph\">Dagurin enda\u00f0i vi\u00f0 d\u00f8gur\u00f0a \u00e1 matstovuni Tubbak, har tr\u00edggir hei\u00f0rar v\u00f3r\u00f0u handa\u00f0ir: \u00c1rsins Ambassad\u00f8rur, \u00c1rsins Ambassad\u00f8r\u00e1tak og Serligur hei\u00f0ur. \u00cd d\u00f3msnevndini handan hei\u00f0rarnar v\u00f3ru: Jeannette Ellefsen Blaasv\u00e6r fr\u00e1 T\u00f3rshavnar Kommunu, Andrias S\u00f3lsker fr\u00e1 Atlantic Airways og Gu\u00f0ri\u00f0 H\u00f8jgaard fr\u00e1 Visit Faroe Islands.&nbsp;<\/p>\n\n\n\n<p class=\"wp-block-paragraph\"><strong>UArctic er \u00c1rsins Ambassad\u00f8r\u00e1tak<\/strong><br>Fr\u00f3\u00f0skaparsetur F\u00f8roya var\u00f0 hei\u00f0ra\u00f0 fyri UArctic Congress og Ocean Connectivity-r\u00e1\u00f0stevnuna, sum hava lagt eitt n\u00fdtt st\u00f8\u00f0i fyri altj\u00f3\u00f0a r\u00e1\u00f0stevnur \u00ed F\u00f8royum.<\/p>\n\n\n\n<p class=\"wp-block-paragraph\">R\u00e1\u00f0stevnurnar savna\u00f0u granskarar, lei\u00f0arar og samstarvsfelagar \u00far \u00f8llum arktiska \u00f8kinum. Vi\u00f0 fleiri enn 1.400 luttakarum gj\u00f8rdist UArctic Congress st\u00f8rsta altj\u00f3\u00f0a r\u00e1\u00f0stevnan, sum higartil hevur veri\u00f0 hildin \u00ed F\u00f8royum.<\/p>\n\n\n\n<p class=\"wp-block-paragraph\">R\u00e1\u00f0stevnan var\u00f0 hildin Vi\u00f0 Tjarnir og var sera v\u00e6l samskipa\u00f0 av toyminum hj\u00e1 Fr\u00f3\u00f0skaparsetri F\u00f8roya saman vi\u00f0 veitarum \u00far fer\u00f0avinnuni. Karmarnir Vi\u00f0 Tjarnir skiftu ham fleiri fer\u00f0ir, og \u00f3vanlig st\u00f8\u00f0 \u00ed b\u00fdarmyndini v\u00f3r\u00f0u tikin \u00ed n\u00fdtslu til veitslur og m\u00f3tt\u00f8kur. Tiltaki\u00f0 skapti n\u00f3gv virksemi og st\u00f3rt f\u00edggjarligt vir\u00f0i.<\/p>\n\n\n\n<p class=\"wp-block-paragraph\">Men UArctic var meira enn ein st\u00f3r r\u00e1\u00f0stevna. Vi\u00f0 eini sterkari fakligari skr\u00e1 og einum serf\u00f8royskum mentanar- og upplivingarparti eydna\u00f0ist at v\u00edsa, at F\u00f8royar kunnu vera vertir fyri st\u00f3rum og krevjandi altj\u00f3\u00f0a tilt\u00f8kum \u00e1 sera h\u00f8gum st\u00f8\u00f0i.<\/p>\n\n\n\n<p class=\"wp-block-paragraph\">Vi\u00f0 dirvi, professionellari fyriskipan, kreativiteti og fram\u00far g\u00f3\u00f0um vertskapi er UArctic eitt fyrimyndarligt d\u00f8mi um, hvussu ein altj\u00f3\u00f0a r\u00e1\u00f0stevna kann skapa fakligt, samfelagsligt og f\u00edggjarligt vir\u00f0i.<\/p>\n\n\n\n<p class=\"wp-block-paragraph\"><strong>FSF fekk serligan hei\u00f0ur<\/strong><br>F\u00f3tb\u00f3ltssamband F\u00f8roya fekk Serligan hei\u00f0ur fyri UEFA U17 EM-endasp\u00e6li\u00f0 fyri gentur, sum var\u00f0 hildi\u00f0 \u00ed F\u00f8royum \u00ed mai 2025.<\/p>\n\n\n\n<p class=\"wp-block-paragraph\">Vi\u00f0 endasp\u00e6linum megna\u00f0i FSF at skipa eitt st\u00f3rt altj\u00f3\u00f0a \u00edtr\u00f3ttartiltak \u00e1 h\u00f8gum st\u00f8\u00f0i og samstundis br\u00faka kappingina sum ein pall til at skapa varandi vir\u00f0i fyri f\u00f8royskan gentu- og kvinnuf\u00f3tb\u00f3lt.<\/p>\n\n\n\n<p class=\"wp-block-paragraph\">\u00cd sambandi vi\u00f0 endasp\u00e6li\u00f0 var\u00f0 mi\u00f0v\u00edst arbeitt vi\u00f0 at vekja \u00e1hugan hj\u00e1 fleiri gentum fyri f\u00f3tb\u00f3lti og skapa fleiri m\u00f8guleikar fyri lutt\u00f8ku. Vi\u00f0 UEFA Playmakers og \u00f8\u00f0rum \u00e1t\u00f8kum var\u00f0 dentur lagdur \u00e1 felagsskap, javnst\u00f8\u00f0u og eina g\u00f3\u00f0a og inkluderandi inngongd til f\u00f3tb\u00f3ltin.<\/p>\n\n\n\n<p class=\"wp-block-paragraph\">Ein t\u00fd\u00f0andi partur av arbei\u00f0inum hevur eisini veri\u00f0 at skapa og sj\u00f3nliggera fyrimyndir. T\u00e1 gentur s\u00edggja a\u00f0rar gentur og kvinnur sum leikarar, venjarar og lei\u00f0arar, ver\u00f0ur lei\u00f0in inn \u00ed f\u00f3tb\u00f3ltin sj\u00f3nligari og n\u00e6rri.<\/p>\n\n\n\n<p class=\"wp-block-paragraph\">FSF var\u00f0 t\u00ed hei\u00f0ra\u00f0 fyri eitt \u00e1tak, sum ikki bert eydna\u00f0ist \u00f3metaliga v\u00e6l, me\u00f0an ta\u00f0 f\u00f3r fram, men sum eisini hevur lagt eitt t\u00fd\u00f0andi og varandi grundarlag undir framt\u00ed\u00f0ina hj\u00e1 gentu- og kvinnuf\u00f3tb\u00f3lti \u00ed F\u00f8royum.<\/p>\n\n\n\n<p class=\"wp-block-paragraph\"><strong>Magni Mohr er \u00c1rsins Ambassad\u00f8rur<\/strong><br>Magni Mohr, dekanur, pro-rektari fyri gransking og professari \u00ed arbei\u00f0s- og \u00edtr\u00f3ttarfysiologi \u00e1 Fr\u00f3\u00f0skaparsetri F\u00f8roya, var\u00f0 kosin \u00c1rsins Ambassad\u00f8rur.<\/p>\n\n\n\n<p class=\"wp-block-paragraph\">Vi\u00f0 st\u00f3rum eldhuga, fakligari tyngd og sterkum altj\u00f3\u00f0a sambondum, hevur Magni veri\u00f0 vi\u00f0 til at seta f\u00f8royska gransking og F\u00f8royar \u00e1 heimskorti\u00f0.<\/p>\n\n\n\n<p class=\"wp-block-paragraph\">Hann hev\u00f0i ein t\u00fd\u00f0andi leiklut \u00ed arbei\u00f0inum at f\u00e1a UArctic Congress 2026 til F\u00f8roya og at skapa karmarnar um st\u00f8rstu altj\u00f3\u00f0a r\u00e1\u00f0stevnuna, sum higartil hevur veri\u00f0 hildin \u00ed F\u00f8royum. R\u00e1\u00f0stevnan savna\u00f0i fleiri enn 1.400 granskarar, lei\u00f0arar, politisk umbo\u00f0 og samstarvsfelagar \u00far \u00f8llum heiminum. \u00cd nakrar dagar v\u00f3ru F\u00f8royar mi\u00f0depil fyri altj\u00f3\u00f0a kjak um Arktis, hav, ve\u00f0urlagsbroytingar, l\u00edvfr\u00f8\u00f0iligt margfeldi og bur\u00f0ardygga menning.<\/p>\n\n\n\n<p class=\"wp-block-paragraph\">Magni fekk eisini r\u00e1\u00f0stevnuna Football is Medicine til F\u00f8roya \u00ed 2020. Hon var\u00f0 sama \u00e1r kosin \u00c1rsins Ambassad\u00f8r\u00e1tak. Og longu n\u00fa liggja fleiri n\u00fdggjar altj\u00f3\u00f0a r\u00e1\u00f0stevnur \u00ed kortunum.<\/p>\n\n\n\n<figure class=\"wp-block-image\"><a class=\"lightbox\" href=\"https:\/\/www.vp.fo\/fileadmin\/_processed_\/9\/6\/csm_Mynd_2_-_Arsins_Ambassadoer_Atak_2026_-Setrid_7e3e8ffcf0.jpg\"><img decoding=\"async\" src=\"https:\/\/www.vp.fo\/fileadmin\/_processed_\/9\/6\/csm_Mynd_2_-_Arsins_Ambassadoer_Atak_2026_-Setrid_c8b9baccc5.jpg\" alt=\"\" title=\"Mynd 2 Arsins Ambassadoer Atak 2026 Setrid\"\/><\/a><\/figure>\n\n\n\n<p class=\"wp-block-paragraph\">\u00c1rsins Ambassad\u00f8r \u00c1tak 2026: Setri\u00f0 Fra vinstu: Annika Larsen, Anna Sof\u00eda Lava, Birita Dal-Christiansen, Magni Mohr<\/p>\n\n\n\n<figure class=\"wp-block-image\"><a class=\"lightbox\" href=\"https:\/\/www.vp.fo\/fileadmin\/_processed_\/7\/e\/csm_Mynd_3_-_Serligur_Heidur_2026_-_FSF_42f1c80218.jpg\"><img decoding=\"async\" src=\"https:\/\/www.vp.fo\/fileadmin\/_processed_\/7\/e\/csm_Mynd_3_-_Serligur_Heidur_2026_-_FSF_0c27faa1b5.jpg\" alt=\"\" title=\"Mynd 3 Serligur Heidur 2026 FSF\"\/><\/a><\/figure>\n\n\n\n<p class=\"wp-block-paragraph\">Serligur Hei\u00f0ur 2026: FSF Fr\u00e1 vinstru: Maria Ziskason, Brynhild Absalonsen<\/p>\n","protected":false},"excerpt":{"rendered":"<p>Visit Faroe Islands:&nbsp;Ambassad\u00f8rar hj\u00e1 Visit Faroe Islands v\u00f3ru savna\u00f0ir \u00e1 \u00e1rliga Ambassad\u00f8rdegnum hj\u00e1 Visit Faroe Islands 3. september. Undir yvirskriftini St\u00f8rri &amp; djarvari var\u00f0 lj\u00f3s varpa\u00f0 \u00e1 \u00farslitini \u00ed \u00e1rinum, sum f\u00f3r, og \u00e1 n\u00fdggjar m\u00f8guleikar fyri F\u00f8royar sum vertslandi fyri r\u00e1\u00f0stevnur og tilt\u00f8k. Dagurin var\u00f0 hildin \u00e1 Panorama \u00ed Havn, har He\u00f0in Mortensen, forma\u00f0ur [&hellip;]<\/p>\n","protected":false},"author":23,"featured_media":44052,"comment_status":"closed","ping_status":"closed","sticky":false,"template":"","format":"standard","meta":{"ngg_post_thumbnail":0,"footnotes":""},"categories":[1],"tags":[],"class_list":["post-44051","post","type-post","status-publish","format-standard","has-post-thumbnail","hentry","category-tidindi"],"publishpress_future_action":{"enabled":false,"date":"2026-09-11 16:00:20","action":"change-status","newStatus":"draft","terms":[],"taxonomy":"category","extraData":[]},"publishpress_future_workflow_manual_trigger":{"enabledWorkflows":[]},"_links":{"self":[{"href":"https:\/\/sudurras.fo\/index.php?rest_route=\/wp\/v2\/posts\/44051","targetHints":{"allow":["GET"]}}],"collection":[{"href":"https:\/\/sudurras.fo\/index.php?rest_route=\/wp\/v2\/posts"}],"about":[{"href":"https:\/\/sudurras.fo\/index.php?rest_route=\/wp\/v2\/types\/post"}],"author":[{"embeddable":true,"href":"https:\/\/sudurras.fo\/index.php?rest_route=\/wp\/v2\/users\/23"}],"replies":[{"embeddable":true,"href":"https:\/\/sudurras.fo\/index.php?rest_route=%2Fwp%2Fv2%2Fcomments&post=44051"}],"version-history":[{"count":1,"href":"https:\/\/sudurras.fo\/index.php?rest_route=\/wp\/v2\/posts\/44051\/revisions"}],"predecessor-version":[{"id":44053,"href":"https:\/\/sudurras.fo\/index.php?rest_route=\/wp\/v2\/posts\/44051\/revisions\/44053"}],"wp:featuredmedia":[{"embeddable":true,"href":"https:\/\/sudurras.fo\/index.php?rest_route=\/wp\/v2\/media\/44052"}],"wp:attachment":[{"href":"https:\/\/sudurras.fo\/index.php?rest_route=%2Fwp%2Fv2%2Fmedia&parent=44051"}],"wp:term":[{"taxonomy":"category","embeddable":true,"href":"https:\/\/sudurras.fo\/index.php?rest_route=%2Fwp%2Fv2%2Fcategories&post=44051"},{"taxonomy":"post_tag","embeddable":true,"href":"https:\/\/sudurras.fo\/index.php?rest_route=%2Fwp%2Fv2%2Ftags&post=44051"}],"curies":[{"name":"wp","href":"https:\/\/api.w.org\/{rel}","templated":true}]}}