{"id":5055,"date":"2018-08-17T14:56:50","date_gmt":"2018-08-17T13:56:50","guid":{"rendered":"http:\/\/sudurras.fo\/?p=5055"},"modified":"2018-08-17T14:56:50","modified_gmt":"2018-08-17T13:56:50","slug":"u21-landslidid-uttikid","status":"publish","type":"post","link":"https:\/\/sudurras.fo\/?p=5055","title":{"rendered":"U21-landsli\u00f0i\u00f0 \u00fattiki\u00f0"},"content":{"rendered":"<p>Fr\u00edggjadagin 7. september fer f\u00f8royska U21-landsli\u00f0i\u00f0 \u00e1 v\u00f8llin aftur, t\u00e1 P\u00f3lland tekur \u00edm\u00f3ti \u00ed Lubin \u00ed P\u00f3llandi. T\u00e1 F\u00f8royar og P\u00f3lland sp\u00e6ldu \u00e1 T\u00f3rsv\u00f8lli \u00ed november \u00ed fj\u00f8r, gj\u00f8rdist \u00farsliti\u00f0 javnleikur 2-2. F\u00f8roysku m\u00e1lskj\u00fattarnir v\u00f3ru Meinhard Egilsson Olsen og Bjarni Petersen. T\u00e1 s\u00e1 annars leingi \u00fat til, at F\u00f8royar f\u00f3ru at f\u00e1a fulla \u00fart\u00f8ku m\u00f3ti p\u00f3llendingunum, men t\u00e1 f\u00fdra minuttir v\u00f3ru sp\u00e6ldir \u00fat yvir vanligu leikt\u00ed\u00f0ina, javna\u00f0i P\u00f3lland.<\/p>\n<p><!--more--><\/p>\n<p>Vert er at leggja merki til, at Meinhard E. Olsen er t\u00f8kur aftur, eftir at hann hev\u00f0i leikbann m\u00f3ti Finnlandi \u00ed seinasta dystinum. Hartil eru Bjarni Petersen og Erlendur Magnusson, somulei\u00f0is \u00far B36, eisini t\u00f8kir aftur eftir ska\u00f0a. Adrian Justinussen, toppskj\u00fattin \u00ed f\u00f8royskum f\u00f3tb\u00f3lti, sp\u00e6lir ikki \u00fatidystirnar hj\u00e1 U21-landsli\u00f0num, eftir egnum ynski. T\u00ed er hann ikki \u00fattikin.<\/p>\n<p>Eli Hentze hevur \u00fattiki\u00f0 18 sp\u00e6larar til dystin m\u00f3ti P\u00f3llandi, og teir, i\u00f0 hava fingi\u00f0 landsli\u00f0sbo\u00f0 hesafer\u00f0, eru hesir:&nbsp;<\/p>\n<p>Elias Rasmussen, V\u00edkingur<\/p>\n<p>Karstin Hansen, Sk\u00e1la<\/p>\n<p>J\u00f3annes Kals\u00f8 Danielsen, K\u00cd<\/p>\n<p>Ari Olsen, Sk\u00e1la<\/p>\n<p>Bjarni Petersen, B36<\/p>\n<p>Bartal Wardum, HB<\/p>\n<p>\u00d3lavur Niclasen, K\u00cd<\/p>\n<p>Erlendur Magnusson, B36<\/p>\n<p>Betuel Hansen, NS\u00cd<\/p>\n<p>J\u00e1kup Biskupst\u00f8 Andreasen, K\u00cd<\/p>\n<p>Benjamin Heinesen, B36<\/p>\n<p>Dan \u00ed Soylu, HB<\/p>\n<p>Steinbj\u00f8rn Olsen, K\u00cd<\/p>\n<p>J\u00f3annes Bjartal\u00ed\u00f0, K\u00cd<\/p>\n<p>Petur Knudsen, NS\u00cd<\/p>\n<p>Meinhard Egilsson Olsen, B36<\/p>\n<p>B\u00fai Egilsson, TB\/FCS\/Royn<\/p>\n<p>J\u00e1kup Ludvig Thomsen, FH (ICE)<\/p>\n","protected":false},"excerpt":{"rendered":"<p>Fr\u00edggjadagin 7. september fer f\u00f8royska U21-landsli\u00f0i\u00f0 \u00e1 v\u00f8llin aftur, t\u00e1 P\u00f3lland tekur \u00edm\u00f3ti \u00ed Lubin \u00ed P\u00f3llandi. T\u00e1 F\u00f8royar og P\u00f3lland sp\u00e6ldu \u00e1 T\u00f3rsv\u00f8lli \u00ed november \u00ed fj\u00f8r, gj\u00f8rdist \u00farsliti\u00f0 javnleikur 2-2. F\u00f8roysku m\u00e1lskj\u00fattarnir v\u00f3ru Meinhard Egilsson Olsen og Bjarni Petersen. T\u00e1 s\u00e1 annars leingi \u00fat til, at F\u00f8royar f\u00f3ru at f\u00e1a fulla \u00fart\u00f8ku m\u00f3ti [&hellip;]<\/p>\n","protected":false},"author":3,"featured_media":5056,"comment_status":"closed","ping_status":"closed","sticky":false,"template":"","format":"standard","meta":{"ngg_post_thumbnail":0,"footnotes":""},"categories":[2,1],"tags":[],"class_list":["post-5055","post","type-post","status-publish","format-standard","has-post-thumbnail","hentry","category-itrottur","category-tidindi"],"publishpress_future_action":{"enabled":false,"date":"2026-05-07 01:26:24","action":"change-status","newStatus":"draft","terms":[],"taxonomy":"category","extraData":[]},"publishpress_future_workflow_manual_trigger":{"enabledWorkflows":[]},"_links":{"self":[{"href":"https:\/\/sudurras.fo\/index.php?rest_route=\/wp\/v2\/posts\/5055","targetHints":{"allow":["GET"]}}],"collection":[{"href":"https:\/\/sudurras.fo\/index.php?rest_route=\/wp\/v2\/posts"}],"about":[{"href":"https:\/\/sudurras.fo\/index.php?rest_route=\/wp\/v2\/types\/post"}],"author":[{"embeddable":true,"href":"https:\/\/sudurras.fo\/index.php?rest_route=\/wp\/v2\/users\/3"}],"replies":[{"embeddable":true,"href":"https:\/\/sudurras.fo\/index.php?rest_route=%2Fwp%2Fv2%2Fcomments&post=5055"}],"version-history":[{"count":0,"href":"https:\/\/sudurras.fo\/index.php?rest_route=\/wp\/v2\/posts\/5055\/revisions"}],"wp:featuredmedia":[{"embeddable":true,"href":"https:\/\/sudurras.fo\/index.php?rest_route=\/wp\/v2\/media\/5056"}],"wp:attachment":[{"href":"https:\/\/sudurras.fo\/index.php?rest_route=%2Fwp%2Fv2%2Fmedia&parent=5055"}],"wp:term":[{"taxonomy":"category","embeddable":true,"href":"https:\/\/sudurras.fo\/index.php?rest_route=%2Fwp%2Fv2%2Fcategories&post=5055"},{"taxonomy":"post_tag","embeddable":true,"href":"https:\/\/sudurras.fo\/index.php?rest_route=%2Fwp%2Fv2%2Ftags&post=5055"}],"curies":[{"name":"wp","href":"https:\/\/api.w.org\/{rel}","templated":true}]}}