{"id":5532,"date":"2018-09-21T22:48:35","date_gmt":"2018-09-21T21:48:35","guid":{"rendered":"http:\/\/sudurras.fo\/?p=5532"},"modified":"2018-09-21T22:48:35","modified_gmt":"2018-09-21T21:48:35","slug":"betrideildin-og-1-deild-a-heimavolli-2","status":"publish","type":"post","link":"https:\/\/sudurras.fo\/?p=5532","title":{"rendered":"Betrideildin og 1. deild \u00e1 heimav\u00f8lli"},"content":{"rendered":"<p>\u00cd vikuskiftinum eru fleiri dystir \u00e1 skr\u00e1 hj\u00e1 Su\u00f0ringum. Betrideildin og 1. deild sp\u00e6la \u00e1 heimav\u00f8lli \u00ed Su\u00f0uroynni, ta\u00f0 sama gera U21, U17 og U15 &#8211; og U17 sp\u00e6lir eisini \u00e1 \u00fativ\u00f8lli sunnudagin.<br \/>\nDystaryvirlit er ni\u00f0anfyri.<br \/>\n<!--more--><br \/>\n<strong>Leygardagin 22. september  2018<\/strong><\/p>\n<table width=\"1098\">\n<tbody>\n<tr>\n<td width=\"134\"><strong>Deild.<\/strong><\/td>\n<td width=\"189\"><strong>Heimali\u00f0<\/strong><\/td>\n<td width=\"157\"><strong>\u00datili\u00f0<\/strong><\/td>\n<td width=\"126\"><strong>Klokkan<\/strong><\/td>\n<td width=\"133\"><strong>D\u00f3mari<\/strong><\/td>\n<td width=\"189\"><strong>Hj.d\u00f3mariar<\/strong><\/td>\n<td width=\"170\"><strong>Sta\u00f0ur<\/strong><\/td>\n<\/tr>\n<tr>\n<td width=\"134\">1 deild<\/td>\n<td width=\"189\">TB\/FCS\/Royn<\/td>\n<td width=\"157\">B 68<\/td>\n<td width=\"126\">15:00<\/td>\n<td width=\"133\">J\u00f3han Petur<\/td>\n<td width=\"189\">J\u00f3n Marni\/ J\u00f3gvan<\/td>\n<td width=\"170\">\u00c1 Ei\u00f0inum \u00ed V\u00e1gi<\/td>\n<\/tr>\n<tr>\n<td width=\"134\">Dreingir U 17<\/td>\n<td width=\"189\">TB\/FCS\/Royn<\/td>\n<td width=\"157\">HB a<\/td>\n<td width=\"126\">13:00<\/td>\n<td width=\"133\">Heimad\u00f3marar<\/td>\n<td width=\"189\">Heimad\u00f3marar<\/td>\n<td width=\"170\">\u00c1 Ei\u00f0inum \u00ed V\u00e1gi<\/td>\n<\/tr>\n<tr>\n<td width=\"134\">Dreingir U 15<\/td>\n<td width=\"189\">TB\/FCS\/Royn<\/td>\n<td width=\"157\">Sk\u00e1la<\/td>\n<td width=\"126\">11:00<\/td>\n<td width=\"133\">Heimad\u00f3marar<\/td>\n<td width=\"189\">Heimad\u00f3marar<\/td>\n<td width=\"170\">\u00c1 Ei\u00f0inum \u00ed V\u00e1gi<\/td>\n<\/tr>\n<\/tbody>\n<\/table>\n<p><strong>Sunnudagin 23. september  2018<\/strong><\/p>\n<table width=\"1099\">\n<tbody>\n<tr>\n<td width=\"181\"><strong>Deild.<\/strong><\/td>\n<td width=\"162\"><strong>Heimali\u00f0<\/strong><\/td>\n<td width=\"138\"><strong>\u00datili\u00f0<\/strong><\/td>\n<td width=\"108\"><strong>Klokkan<\/strong><\/td>\n<td width=\"157\"><strong>D\u00f3mari<\/strong><\/td>\n<td width=\"174\"><strong>Hj.d\u00f3mariar<\/strong><\/td>\n<td width=\"180\"><strong>Sta\u00f0ur<\/strong><\/td>\n<\/tr>\n<tr>\n<td width=\"181\">Betri deildin<\/td>\n<td width=\"162\">TB\/FCS\/Royn<\/td>\n<td width=\"138\">NS\u00cd<\/td>\n<td width=\"108\">15:00<\/td>\n<td width=\"157\">Alex Troleis<\/td>\n<td width=\"174\">J\u00f3n Marni \/ J\u00f3gvan<\/td>\n<td width=\"180\">Vi\u00f0 St\u00f3r\u00e1<\/td>\n<\/tr>\n<tr>\n<td width=\"181\">DU21<\/td>\n<td width=\"162\">TB\/FCS\/Royn<\/td>\n<td width=\"138\">NS\u00cd b<\/td>\n<td width=\"108\">13:30<\/td>\n<td width=\"157\">Umb\u00edttur t\u00ed NS\u00cd ikki m\u00f8tti 30.06.2018<\/td>\n<td width=\"174\"><\/td>\n<td width=\"180\">\u00c1 Ei\u00f0inum \u00ed V\u00e1gi<\/td>\n<\/tr>\n<tr>\n<td width=\"181\">Dreingir U 17<\/td>\n<td width=\"162\">HB a<\/td>\n<td width=\"138\">TB\/FCS\/Royn<\/td>\n<td width=\"108\">????<\/td>\n<td width=\"157\">Heimad\u00f3marar<\/td>\n<td width=\"174\"><\/td>\n<td width=\"180\">\u00cd Gundadali<\/td>\n<\/tr>\n<\/tbody>\n<\/table>\n","protected":false},"excerpt":{"rendered":"<p>\u00cd vikuskiftinum eru fleiri dystir \u00e1 skr\u00e1 hj\u00e1 Su\u00f0ringum. Betrideildin og 1. deild sp\u00e6la \u00e1 heimav\u00f8lli \u00ed Su\u00f0uroynni, ta\u00f0 sama gera U21, U17 og U15 &#8211; og U17 sp\u00e6lir eisini \u00e1 \u00fativ\u00f8lli sunnudagin. Dystaryvirlit er ni\u00f0anfyri.<\/p>\n","protected":false},"author":3,"featured_media":5231,"comment_status":"closed","ping_status":"closed","sticky":false,"template":"","format":"standard","meta":{"ngg_post_thumbnail":0,"footnotes":""},"categories":[2,1],"tags":[],"class_list":["post-5532","post","type-post","status-publish","format-standard","has-post-thumbnail","hentry","category-itrottur","category-tidindi"],"publishpress_future_action":{"enabled":false,"date":"2026-05-07 01:11:07","action":"change-status","newStatus":"draft","terms":[],"taxonomy":"category","extraData":[]},"publishpress_future_workflow_manual_trigger":{"enabledWorkflows":[]},"_links":{"self":[{"href":"https:\/\/sudurras.fo\/index.php?rest_route=\/wp\/v2\/posts\/5532","targetHints":{"allow":["GET"]}}],"collection":[{"href":"https:\/\/sudurras.fo\/index.php?rest_route=\/wp\/v2\/posts"}],"about":[{"href":"https:\/\/sudurras.fo\/index.php?rest_route=\/wp\/v2\/types\/post"}],"author":[{"embeddable":true,"href":"https:\/\/sudurras.fo\/index.php?rest_route=\/wp\/v2\/users\/3"}],"replies":[{"embeddable":true,"href":"https:\/\/sudurras.fo\/index.php?rest_route=%2Fwp%2Fv2%2Fcomments&post=5532"}],"version-history":[{"count":0,"href":"https:\/\/sudurras.fo\/index.php?rest_route=\/wp\/v2\/posts\/5532\/revisions"}],"wp:featuredmedia":[{"embeddable":true,"href":"https:\/\/sudurras.fo\/index.php?rest_route=\/wp\/v2\/media\/5231"}],"wp:attachment":[{"href":"https:\/\/sudurras.fo\/index.php?rest_route=%2Fwp%2Fv2%2Fmedia&parent=5532"}],"wp:term":[{"taxonomy":"category","embeddable":true,"href":"https:\/\/sudurras.fo\/index.php?rest_route=%2Fwp%2Fv2%2Fcategories&post=5532"},{"taxonomy":"post_tag","embeddable":true,"href":"https:\/\/sudurras.fo\/index.php?rest_route=%2Fwp%2Fv2%2Ftags&post=5532"}],"curies":[{"name":"wp","href":"https:\/\/api.w.org\/{rel}","templated":true}]}}