{"id":9285,"date":"2019-06-08T16:27:32","date_gmt":"2019-06-08T15:27:32","guid":{"rendered":"http:\/\/sudurras.fo\/?p=9285"},"modified":"2019-06-08T16:46:40","modified_gmt":"2019-06-08T15:46:40","slug":"royndin-frida-vann-hja-5-mannaforunum","status":"publish","type":"post","link":"https:\/\/sudurras.fo\/?p=9285","title":{"rendered":"Royndin Fr\u00ed\u00f0a vann r\u00f3\u00f0urin hj\u00e1 5. mannaf\u00f8runum vi\u00f0 dreingjum"},"content":{"rendered":"\n<figure class=\"wp-block-image\"><img loading=\"lazy\" decoding=\"async\" width=\"766\" height=\"427\" src=\"http:\/\/sudurras.fo\/wp-content\/uploads\/2019\/06\/image-2.png\" alt=\"\" class=\"wp-image-9287\" srcset=\"https:\/\/sudurras.fo\/wp-content\/uploads\/2019\/06\/image-2.png 766w, https:\/\/sudurras.fo\/wp-content\/uploads\/2019\/06\/image-2-300x167.png 300w\" sizes=\"auto, (max-width: 766px) 100vw, 766px\" \/><\/figure>\n\n\n\n<p>\u00cd einum sera spennandi r\u00f3\u00f0ri hj\u00e1 5. mannaf\u00f8runum hj\u00e1 dreingjum vann Royndin Fr\u00ed\u00f0a \u00far V\u00e1gi \u00e1 Sundalagstevnu \u00ed Hvalv\u00edk.  Royndin Fr\u00ed\u00f0a er manna\u00f0 vi\u00f0 dreingjum fr\u00e1 \u00cdtr\u00f3ttah\u00e1sk\u00falanum \u00ed Su\u00f0uroy.<\/p>\n\n\n\n<p>Royndin Fr\u00ed\u00f0a vann r\u00f3\u00f0urin, nr. 2 bleiv S\u00edli\u00f0 \u00far Havn og nr. 3. bleiv Drekin.<\/p>\n\n\n\n<p><strong>5 mannaf\u00f8r dreingir<br><\/strong>1. Royndin Fr\u00ed\u00f0a 05.30.26<br>2. S\u00edli\u00f0 05.31.10<br>3. Drekin 05.31.37<br>4. Heykur<br>5. Firvaldur<br>6. Karin<br>7. Tjaldri\u00f0<br>8. \u00d8rnin<br>9. Jallurin\n\n<\/p>\n\n\n\n<figure class=\"wp-block-image\"><img loading=\"lazy\" decoding=\"async\" width=\"769\" height=\"430\" src=\"http:\/\/sudurras.fo\/wp-content\/uploads\/2019\/06\/image-3.png\" alt=\"\" class=\"wp-image-9288\" srcset=\"https:\/\/sudurras.fo\/wp-content\/uploads\/2019\/06\/image-3.png 769w, https:\/\/sudurras.fo\/wp-content\/uploads\/2019\/06\/image-3-300x168.png 300w, https:\/\/sudurras.fo\/wp-content\/uploads\/2019\/06\/image-3-768x429.png 768w\" sizes=\"auto, (max-width: 769px) 100vw, 769px\" \/><\/figure>\n","protected":false},"excerpt":{"rendered":"<p>\u00cd einum sera spennandi r\u00f3\u00f0ri hj\u00e1 5. mannaf\u00f8runum hj\u00e1 dreingjum vann Royndin Fr\u00ed\u00f0a \u00far V\u00e1gi \u00e1 Sundalagstevnu \u00ed Hvalv\u00edk. Royndin Fr\u00ed\u00f0a er manna\u00f0 vi\u00f0 dreingjum fr\u00e1 \u00cdtr\u00f3ttah\u00e1sk\u00falanum \u00ed Su\u00f0uroy. Royndin Fr\u00ed\u00f0a vann r\u00f3\u00f0urin, nr. 2 bleiv S\u00edli\u00f0 \u00far Havn og nr. 3. bleiv Drekin. 5 mannaf\u00f8r dreingir1. Royndin Fr\u00ed\u00f0a 05.30.262. S\u00edli\u00f0 05.31.103. Drekin 05.31.374. Heykur5. [&hellip;]<\/p>\n","protected":false},"author":3,"featured_media":9287,"comment_status":"closed","ping_status":"closed","sticky":false,"template":"","format":"standard","meta":{"ngg_post_thumbnail":0,"footnotes":""},"categories":[2],"tags":[],"class_list":["post-9285","post","type-post","status-publish","format-standard","has-post-thumbnail","hentry","category-itrottur"],"publishpress_future_action":{"enabled":false,"date":"2026-05-06 20:15:48","action":"change-status","newStatus":"draft","terms":[],"taxonomy":"category","extraData":[]},"publishpress_future_workflow_manual_trigger":{"enabledWorkflows":[]},"_links":{"self":[{"href":"https:\/\/sudurras.fo\/index.php?rest_route=\/wp\/v2\/posts\/9285","targetHints":{"allow":["GET"]}}],"collection":[{"href":"https:\/\/sudurras.fo\/index.php?rest_route=\/wp\/v2\/posts"}],"about":[{"href":"https:\/\/sudurras.fo\/index.php?rest_route=\/wp\/v2\/types\/post"}],"author":[{"embeddable":true,"href":"https:\/\/sudurras.fo\/index.php?rest_route=\/wp\/v2\/users\/3"}],"replies":[{"embeddable":true,"href":"https:\/\/sudurras.fo\/index.php?rest_route=%2Fwp%2Fv2%2Fcomments&post=9285"}],"version-history":[{"count":0,"href":"https:\/\/sudurras.fo\/index.php?rest_route=\/wp\/v2\/posts\/9285\/revisions"}],"wp:featuredmedia":[{"embeddable":true,"href":"https:\/\/sudurras.fo\/index.php?rest_route=\/wp\/v2\/media\/9287"}],"wp:attachment":[{"href":"https:\/\/sudurras.fo\/index.php?rest_route=%2Fwp%2Fv2%2Fmedia&parent=9285"}],"wp:term":[{"taxonomy":"category","embeddable":true,"href":"https:\/\/sudurras.fo\/index.php?rest_route=%2Fwp%2Fv2%2Fcategories&post=9285"},{"taxonomy":"post_tag","embeddable":true,"href":"https:\/\/sudurras.fo\/index.php?rest_route=%2Fwp%2Fv2%2Ftags&post=9285"}],"curies":[{"name":"wp","href":"https:\/\/api.w.org\/{rel}","templated":true}]}}